{"id":14651,"date":"2024-10-26T07:00:58","date_gmt":"2024-10-26T05:00:58","guid":{"rendered":"https:\/\/hojassueltas.es\/?p=14651"},"modified":"2024-10-26T08:14:10","modified_gmt":"2024-10-26T06:14:10","slug":"la-voz-de-pedro-aviles","status":"publish","type":"post","link":"https:\/\/hojassueltas.es\/?p=14651","title":{"rendered":"La voz de&#8230; PEDRO AVIL\u00c9S"},"content":{"rendered":"<p style=\"text-align: justify;\">En el a\u00f1o del se\u00f1or de 1991 apareci\u00f3 en mi vida esta pieza musical instrumental intitulada: \u00abEse amigo del alma\u00bb, compuesta e interpretada por un argentino llamado Lito Vitale. Por eso cuando me enter\u00e9 de que iba a tocar en directo en Madrid en el parquecito al que se llegaba tras escalar todas las curvas de la Cuesta de la Vega, al lado de la parte baja de la Catedral de la Almudena y pegado a una parte de la muralla \u00e1rabe, muy cerquita del barrio en donde me cri\u00e9, fuimos mi compa\u00f1ero Montoro y yo a ver esa actuaci\u00f3n. Ya llev\u00e1bamos trabajando juntos desde el a\u00f1o 87. Ni \u00e9l ni yo \u00e9ramos homosexuales, pero s\u00ed unos buenos compa\u00f1eros que viv\u00edamos una experiencia de lo m\u00e1s dura cada semana siempre con una sonrisa en la boca; dos profesionales fr\u00edos que se quer\u00edan sin alharacas. Durante todas esas semanas, incluyendo algunas fiestas de guardar y con el muerto que nos tocaba, pon\u00edamos esta m\u00fasica en los coches de alquiler en los que nos pateamos Espa\u00f1a entera durante 13 a\u00f1os. Fuimos los dos juntos a ver la actuaci\u00f3n en directo de Lito Vitale en este lugar que describo, y se nos cayeron los cojones al suelo cuando empezaron a sonar en la noche madrile\u00f1a las notas de \u00abEse amigo del alma\u00bb. Escuchadla y no la saqu\u00e9is de contexto.<\/p>\n<p><iframe loading=\"lazy\" title=\"Ese Amigo Del Alma\" width=\"696\" height=\"522\" src=\"https:\/\/www.youtube.com\/embed\/R4l1mRpamSg?feature=oembed\" frameborder=\"0\" allow=\"accelerometer; autoplay; clipboard-write; encrypted-media; gyroscope; picture-in-picture; web-share\" referrerpolicy=\"strict-origin-when-cross-origin\" allowfullscreen><\/iframe><\/p>\n<p><span style=\"font-family: impact, sans-serif;\">Pedro Avil\u00e9s<\/span><\/p>\n","protected":false},"excerpt":{"rendered":"<p>En el a\u00f1o del se\u00f1or de 1991 apareci\u00f3 en mi vida esta pieza musical instrumental intitulada: \u00abEse amigo del alma\u00bb, compuesta e interpretada por un argentino llamado Lito Vitale. Por eso cuando me enter\u00e9 de que iba a tocar en directo en Madrid en el parquecito al que se llegaba tras escalar todas las curvas [&hellip;]<\/p>\n","protected":false},"author":29,"featured_media":14652,"comment_status":"open","ping_status":"closed","sticky":false,"template":"","format":"standard","meta":{"footnotes":""},"categories":[1945],"tags":[285],"class_list":{"0":"post-14651","1":"post","2":"type-post","3":"status-publish","4":"format-standard","5":"has-post-thumbnail","7":"category-voces-prestadas","8":"tag-pedro-aviles"},"yoast_head":"<!-- This site is optimized with the Yoast SEO plugin v27.4 - https:\/\/yoast.com\/product\/yoast-seo-wordpress\/ -->\n<title>La voz de... PEDRO AVIL\u00c9S | HOJAS SUELTAS Peri\u00f3dico Cultural<\/title>\n<meta name=\"description\" content=\"VOCES PRESTADAS. Pedro Avil\u00e9s relata como una pieza musical impact\u00f3 en su labor cotidiana como periodista.\" \/>\n<meta name=\"robots\" content=\"index, follow, max-snippet:-1, max-image-preview:large, max-video-preview:-1\" \/>\n<link rel=\"canonical\" href=\"https:\/\/hojassueltas.es\/?p=14651\" \/>\n<meta property=\"og:locale\" content=\"es_ES\" \/>\n<meta property=\"og:type\" content=\"article\" \/>\n<meta property=\"og:title\" content=\"La voz de... PEDRO AVIL\u00c9S | HOJAS SUELTAS Peri\u00f3dico Cultural\" \/>\n<meta property=\"og:description\" content=\"VOCES PRESTADAS. Pedro Avil\u00e9s relata como una pieza musical impact\u00f3 en su labor cotidiana como periodista.\" \/>\n<meta property=\"og:url\" content=\"https:\/\/hojassueltas.es\/?p=14651\" \/>\n<meta property=\"og:site_name\" content=\"HOJAS SUELTAS Peri\u00f3dico Cultural\" \/>\n<meta property=\"article:published_time\" content=\"2024-10-26T05:00:58+00:00\" \/>\n<meta property=\"article:modified_time\" content=\"2024-10-26T06:14:10+00:00\" \/>\n<meta property=\"og:image\" content=\"https:\/\/hojassueltas.es\/wp-content\/uploads\/2024\/10\/Pedro-Aviles_HS.png\" \/>\n\t<meta property=\"og:image:width\" content=\"500\" \/>\n\t<meta property=\"og:image:height\" content=\"500\" \/>\n\t<meta property=\"og:image:type\" content=\"image\/png\" \/>\n<meta name=\"author\" content=\"Pedro Avil\u00e9s\" \/>\n<meta name=\"twitter:card\" content=\"summary_large_image\" \/>\n<meta name=\"twitter:creator\" content=\"@HOJASSUELTAS22\" \/>\n<meta name=\"twitter:site\" content=\"@HOJASSUELTAS22\" \/>\n<meta name=\"twitter:label1\" content=\"Escrito por\" \/>\n\t<meta name=\"twitter:data1\" content=\"Pedro Avil\u00e9s\" \/>\n\t<meta name=\"twitter:label2\" content=\"Tiempo de lectura\" \/>\n\t<meta name=\"twitter:data2\" content=\"2 minutos\" \/>\n<script type=\"application\/ld+json\" class=\"yoast-schema-graph\">{\"@context\":\"https:\\\/\\\/schema.org\",\"@graph\":[{\"@type\":[\"Article\",\"BlogPosting\"],\"@id\":\"https:\\\/\\\/hojassueltas.es\\\/?p=14651#article\",\"isPartOf\":{\"@id\":\"https:\\\/\\\/hojassueltas.es\\\/?p=14651\"},\"author\":{\"name\":\"Pedro Avil\u00e9s\",\"@id\":\"https:\\\/\\\/hojassueltas.es\\\/#\\\/schema\\\/person\\\/0071131ffe90a09de0afcbcd6a977f6a\"},\"headline\":\"La voz de&#8230; PEDRO AVIL\u00c9S\",\"datePublished\":\"2024-10-26T05:00:58+00:00\",\"dateModified\":\"2024-10-26T06:14:10+00:00\",\"mainEntityOfPage\":{\"@id\":\"https:\\\/\\\/hojassueltas.es\\\/?p=14651\"},\"wordCount\":261,\"commentCount\":2,\"publisher\":{\"@id\":\"https:\\\/\\\/hojassueltas.es\\\/#organization\"},\"image\":{\"@id\":\"https:\\\/\\\/hojassueltas.es\\\/?p=14651#primaryimage\"},\"thumbnailUrl\":\"https:\\\/\\\/hojassueltas.es\\\/wp-content\\\/uploads\\\/2024\\\/10\\\/Pedro-Aviles_HS.png\",\"keywords\":[\"Pedro Avil\u00e9s\"],\"articleSection\":[\"Voces prestadas\"],\"inLanguage\":\"es\",\"potentialAction\":[{\"@type\":\"CommentAction\",\"name\":\"Comment\",\"target\":[\"https:\\\/\\\/hojassueltas.es\\\/?p=14651#respond\"]}]},{\"@type\":\"WebPage\",\"@id\":\"https:\\\/\\\/hojassueltas.es\\\/?p=14651\",\"url\":\"https:\\\/\\\/hojassueltas.es\\\/?p=14651\",\"name\":\"La voz de... PEDRO AVIL\u00c9S | HOJAS SUELTAS Peri\u00f3dico Cultural\",\"isPartOf\":{\"@id\":\"https:\\\/\\\/hojassueltas.es\\\/#website\"},\"primaryImageOfPage\":{\"@id\":\"https:\\\/\\\/hojassueltas.es\\\/?p=14651#primaryimage\"},\"image\":{\"@id\":\"https:\\\/\\\/hojassueltas.es\\\/?p=14651#primaryimage\"},\"thumbnailUrl\":\"https:\\\/\\\/hojassueltas.es\\\/wp-content\\\/uploads\\\/2024\\\/10\\\/Pedro-Aviles_HS.png\",\"datePublished\":\"2024-10-26T05:00:58+00:00\",\"dateModified\":\"2024-10-26T06:14:10+00:00\",\"description\":\"VOCES PRESTADAS. Pedro Avil\u00e9s relata como una pieza musical impact\u00f3 en su labor cotidiana como periodista.\",\"breadcrumb\":{\"@id\":\"https:\\\/\\\/hojassueltas.es\\\/?p=14651#breadcrumb\"},\"inLanguage\":\"es\",\"potentialAction\":[{\"@type\":\"ReadAction\",\"target\":[\"https:\\\/\\\/hojassueltas.es\\\/?p=14651\"]}]},{\"@type\":\"ImageObject\",\"inLanguage\":\"es\",\"@id\":\"https:\\\/\\\/hojassueltas.es\\\/?p=14651#primaryimage\",\"url\":\"https:\\\/\\\/hojassueltas.es\\\/wp-content\\\/uploads\\\/2024\\\/10\\\/Pedro-Aviles_HS.png\",\"contentUrl\":\"https:\\\/\\\/hojassueltas.es\\\/wp-content\\\/uploads\\\/2024\\\/10\\\/Pedro-Aviles_HS.png\",\"width\":500,\"height\":500},{\"@type\":\"BreadcrumbList\",\"@id\":\"https:\\\/\\\/hojassueltas.es\\\/?p=14651#breadcrumb\",\"itemListElement\":[{\"@type\":\"ListItem\",\"position\":1,\"name\":\"Portada\",\"item\":\"https:\\\/\\\/hojassueltas.es\\\/\"},{\"@type\":\"ListItem\",\"position\":2,\"name\":\"La voz de&#8230; PEDRO AVIL\u00c9S\"}]},{\"@type\":\"WebSite\",\"@id\":\"https:\\\/\\\/hojassueltas.es\\\/#website\",\"url\":\"https:\\\/\\\/hojassueltas.es\\\/\",\"name\":\"HojasSueltas.es\",\"description\":\"GRANADA - Peri\u00f3dico Cultural\",\"publisher\":{\"@id\":\"https:\\\/\\\/hojassueltas.es\\\/#organization\"},\"alternateName\":\"H.S. Periodico Cultural\",\"potentialAction\":[{\"@type\":\"SearchAction\",\"target\":{\"@type\":\"EntryPoint\",\"urlTemplate\":\"https:\\\/\\\/hojassueltas.es\\\/?s={search_term_string}\"},\"query-input\":{\"@type\":\"PropertyValueSpecification\",\"valueRequired\":true,\"valueName\":\"search_term_string\"}}],\"inLanguage\":\"es\"},{\"@type\":\"Organization\",\"@id\":\"https:\\\/\\\/hojassueltas.es\\\/#organization\",\"name\":\"HOJAS SUELTAS - Peri\u00f3dico Cultural\",\"alternateName\":\"HS - HOJAS SUELTAS Peri\u00f3dico Cultural\",\"url\":\"https:\\\/\\\/hojassueltas.es\\\/\",\"logo\":{\"@type\":\"ImageObject\",\"inLanguage\":\"es\",\"@id\":\"https:\\\/\\\/hojassueltas.es\\\/#\\\/schema\\\/logo\\\/image\\\/\",\"url\":\"https:\\\/\\\/hojassueltas.es\\\/wp-content\\\/uploads\\\/2025\\\/08\\\/Icono-HS_2.png\",\"contentUrl\":\"https:\\\/\\\/hojassueltas.es\\\/wp-content\\\/uploads\\\/2025\\\/08\\\/Icono-HS_2.png\",\"width\":500,\"height\":500,\"caption\":\"HOJAS SUELTAS - Peri\u00f3dico Cultural\"},\"image\":{\"@id\":\"https:\\\/\\\/hojassueltas.es\\\/#\\\/schema\\\/logo\\\/image\\\/\"},\"sameAs\":[\"https:\\\/\\\/x.com\\\/HOJASSUELTAS22\"]},{\"@type\":\"Person\",\"@id\":\"https:\\\/\\\/hojassueltas.es\\\/#\\\/schema\\\/person\\\/0071131ffe90a09de0afcbcd6a977f6a\",\"name\":\"Pedro Avil\u00e9s\",\"image\":{\"@type\":\"ImageObject\",\"inLanguage\":\"es\",\"@id\":\"https:\\\/\\\/hojassueltas.es\\\/wp-content\\\/uploads\\\/2023\\\/02\\\/Pedro-Aviles_Autores-trans-96x96.png\",\"url\":\"https:\\\/\\\/hojassueltas.es\\\/wp-content\\\/uploads\\\/2023\\\/02\\\/Pedro-Aviles_Autores-trans-96x96.png\",\"contentUrl\":\"https:\\\/\\\/hojassueltas.es\\\/wp-content\\\/uploads\\\/2023\\\/02\\\/Pedro-Aviles_Autores-trans-96x96.png\",\"caption\":\"Pedro Avil\u00e9s\"},\"description\":\"Periodista, reportero especializado en sucesos, escritor y chef. De 1976 a 2009 trabaj\u00f3 en distintos medios de comunicaci\u00f3n, entre los que destacan la revista Semana, Diario El independiente, Diario Ya, Radio Cadena Espa\u00f1ola, los semanarios El Caso e Intervi\u00fa. Tambi\u00e9n fue responsable durante tres a\u00f1os de la secci\u00f3n de cr\u00edmenes sin resolver del programa D\u00eda a d\u00eda, de Telecinco. En 2009 desert\u00f3 del periodismo y comenz\u00f3 a estudiar T\u00e9cnico Superior en Restauraci\u00f3n. Tras conseguir el t\u00edtulo de chef, en 2012 se fue a la isla de Naxos, en Grecia, a montar Anda Jaleo, su propio restaurante de gastronom\u00eda espa\u00f1ola, aunque tambi\u00e9n tuvo tiempo para escribir y publicar las novelas negras Katoucha y El whisky del muerto, ambas en 2018. Desde 2019, ya de regreso a su tierra, sigue combinando la literatura con la gastronom\u00eda.\",\"url\":\"https:\\\/\\\/hojassueltas.es\\\/?author=29\"}]}<\/script>\n<!-- \/ Yoast SEO plugin. -->","yoast_head_json":{"title":"La voz de... PEDRO AVIL\u00c9S | HOJAS SUELTAS Peri\u00f3dico Cultural","description":"VOCES PRESTADAS. Pedro Avil\u00e9s relata como una pieza musical impact\u00f3 en su labor cotidiana como periodista.","robots":{"index":"index","follow":"follow","max-snippet":"max-snippet:-1","max-image-preview":"max-image-preview:large","max-video-preview":"max-video-preview:-1"},"canonical":"https:\/\/hojassueltas.es\/?p=14651","og_locale":"es_ES","og_type":"article","og_title":"La voz de... PEDRO AVIL\u00c9S | HOJAS SUELTAS Peri\u00f3dico Cultural","og_description":"VOCES PRESTADAS. Pedro Avil\u00e9s relata como una pieza musical impact\u00f3 en su labor cotidiana como periodista.","og_url":"https:\/\/hojassueltas.es\/?p=14651","og_site_name":"HOJAS SUELTAS Peri\u00f3dico Cultural","article_published_time":"2024-10-26T05:00:58+00:00","article_modified_time":"2024-10-26T06:14:10+00:00","og_image":[{"width":500,"height":500,"url":"https:\/\/hojassueltas.es\/wp-content\/uploads\/2024\/10\/Pedro-Aviles_HS.png","type":"image\/png"}],"author":"Pedro Avil\u00e9s","twitter_card":"summary_large_image","twitter_creator":"@HOJASSUELTAS22","twitter_site":"@HOJASSUELTAS22","twitter_misc":{"Escrito por":"Pedro Avil\u00e9s","Tiempo de lectura":"2 minutos"},"schema":{"@context":"https:\/\/schema.org","@graph":[{"@type":["Article","BlogPosting"],"@id":"https:\/\/hojassueltas.es\/?p=14651#article","isPartOf":{"@id":"https:\/\/hojassueltas.es\/?p=14651"},"author":{"name":"Pedro Avil\u00e9s","@id":"https:\/\/hojassueltas.es\/#\/schema\/person\/0071131ffe90a09de0afcbcd6a977f6a"},"headline":"La voz de&#8230; PEDRO AVIL\u00c9S","datePublished":"2024-10-26T05:00:58+00:00","dateModified":"2024-10-26T06:14:10+00:00","mainEntityOfPage":{"@id":"https:\/\/hojassueltas.es\/?p=14651"},"wordCount":261,"commentCount":2,"publisher":{"@id":"https:\/\/hojassueltas.es\/#organization"},"image":{"@id":"https:\/\/hojassueltas.es\/?p=14651#primaryimage"},"thumbnailUrl":"https:\/\/hojassueltas.es\/wp-content\/uploads\/2024\/10\/Pedro-Aviles_HS.png","keywords":["Pedro Avil\u00e9s"],"articleSection":["Voces prestadas"],"inLanguage":"es","potentialAction":[{"@type":"CommentAction","name":"Comment","target":["https:\/\/hojassueltas.es\/?p=14651#respond"]}]},{"@type":"WebPage","@id":"https:\/\/hojassueltas.es\/?p=14651","url":"https:\/\/hojassueltas.es\/?p=14651","name":"La voz de... PEDRO AVIL\u00c9S | HOJAS SUELTAS Peri\u00f3dico Cultural","isPartOf":{"@id":"https:\/\/hojassueltas.es\/#website"},"primaryImageOfPage":{"@id":"https:\/\/hojassueltas.es\/?p=14651#primaryimage"},"image":{"@id":"https:\/\/hojassueltas.es\/?p=14651#primaryimage"},"thumbnailUrl":"https:\/\/hojassueltas.es\/wp-content\/uploads\/2024\/10\/Pedro-Aviles_HS.png","datePublished":"2024-10-26T05:00:58+00:00","dateModified":"2024-10-26T06:14:10+00:00","description":"VOCES PRESTADAS. Pedro Avil\u00e9s relata como una pieza musical impact\u00f3 en su labor cotidiana como periodista.","breadcrumb":{"@id":"https:\/\/hojassueltas.es\/?p=14651#breadcrumb"},"inLanguage":"es","potentialAction":[{"@type":"ReadAction","target":["https:\/\/hojassueltas.es\/?p=14651"]}]},{"@type":"ImageObject","inLanguage":"es","@id":"https:\/\/hojassueltas.es\/?p=14651#primaryimage","url":"https:\/\/hojassueltas.es\/wp-content\/uploads\/2024\/10\/Pedro-Aviles_HS.png","contentUrl":"https:\/\/hojassueltas.es\/wp-content\/uploads\/2024\/10\/Pedro-Aviles_HS.png","width":500,"height":500},{"@type":"BreadcrumbList","@id":"https:\/\/hojassueltas.es\/?p=14651#breadcrumb","itemListElement":[{"@type":"ListItem","position":1,"name":"Portada","item":"https:\/\/hojassueltas.es\/"},{"@type":"ListItem","position":2,"name":"La voz de&#8230; PEDRO AVIL\u00c9S"}]},{"@type":"WebSite","@id":"https:\/\/hojassueltas.es\/#website","url":"https:\/\/hojassueltas.es\/","name":"HojasSueltas.es","description":"GRANADA - Peri\u00f3dico Cultural","publisher":{"@id":"https:\/\/hojassueltas.es\/#organization"},"alternateName":"H.S. Periodico Cultural","potentialAction":[{"@type":"SearchAction","target":{"@type":"EntryPoint","urlTemplate":"https:\/\/hojassueltas.es\/?s={search_term_string}"},"query-input":{"@type":"PropertyValueSpecification","valueRequired":true,"valueName":"search_term_string"}}],"inLanguage":"es"},{"@type":"Organization","@id":"https:\/\/hojassueltas.es\/#organization","name":"HOJAS SUELTAS - Peri\u00f3dico Cultural","alternateName":"HS - HOJAS SUELTAS Peri\u00f3dico Cultural","url":"https:\/\/hojassueltas.es\/","logo":{"@type":"ImageObject","inLanguage":"es","@id":"https:\/\/hojassueltas.es\/#\/schema\/logo\/image\/","url":"https:\/\/hojassueltas.es\/wp-content\/uploads\/2025\/08\/Icono-HS_2.png","contentUrl":"https:\/\/hojassueltas.es\/wp-content\/uploads\/2025\/08\/Icono-HS_2.png","width":500,"height":500,"caption":"HOJAS SUELTAS - Peri\u00f3dico Cultural"},"image":{"@id":"https:\/\/hojassueltas.es\/#\/schema\/logo\/image\/"},"sameAs":["https:\/\/x.com\/HOJASSUELTAS22"]},{"@type":"Person","@id":"https:\/\/hojassueltas.es\/#\/schema\/person\/0071131ffe90a09de0afcbcd6a977f6a","name":"Pedro Avil\u00e9s","image":{"@type":"ImageObject","inLanguage":"es","@id":"https:\/\/hojassueltas.es\/wp-content\/uploads\/2023\/02\/Pedro-Aviles_Autores-trans-96x96.png","url":"https:\/\/hojassueltas.es\/wp-content\/uploads\/2023\/02\/Pedro-Aviles_Autores-trans-96x96.png","contentUrl":"https:\/\/hojassueltas.es\/wp-content\/uploads\/2023\/02\/Pedro-Aviles_Autores-trans-96x96.png","caption":"Pedro Avil\u00e9s"},"description":"Periodista, reportero especializado en sucesos, escritor y chef. De 1976 a 2009 trabaj\u00f3 en distintos medios de comunicaci\u00f3n, entre los que destacan la revista Semana, Diario El independiente, Diario Ya, Radio Cadena Espa\u00f1ola, los semanarios El Caso e Intervi\u00fa. Tambi\u00e9n fue responsable durante tres a\u00f1os de la secci\u00f3n de cr\u00edmenes sin resolver del programa D\u00eda a d\u00eda, de Telecinco. En 2009 desert\u00f3 del periodismo y comenz\u00f3 a estudiar T\u00e9cnico Superior en Restauraci\u00f3n. Tras conseguir el t\u00edtulo de chef, en 2012 se fue a la isla de Naxos, en Grecia, a montar Anda Jaleo, su propio restaurante de gastronom\u00eda espa\u00f1ola, aunque tambi\u00e9n tuvo tiempo para escribir y publicar las novelas negras Katoucha y El whisky del muerto, ambas en 2018. Desde 2019, ya de regreso a su tierra, sigue combinando la literatura con la gastronom\u00eda.","url":"https:\/\/hojassueltas.es\/?author=29"}]}},"_links":{"self":[{"href":"https:\/\/hojassueltas.es\/index.php?rest_route=\/wp\/v2\/posts\/14651","targetHints":{"allow":["GET"]}}],"collection":[{"href":"https:\/\/hojassueltas.es\/index.php?rest_route=\/wp\/v2\/posts"}],"about":[{"href":"https:\/\/hojassueltas.es\/index.php?rest_route=\/wp\/v2\/types\/post"}],"author":[{"embeddable":true,"href":"https:\/\/hojassueltas.es\/index.php?rest_route=\/wp\/v2\/users\/29"}],"replies":[{"embeddable":true,"href":"https:\/\/hojassueltas.es\/index.php?rest_route=%2Fwp%2Fv2%2Fcomments&post=14651"}],"version-history":[{"count":1,"href":"https:\/\/hojassueltas.es\/index.php?rest_route=\/wp\/v2\/posts\/14651\/revisions"}],"predecessor-version":[{"id":14653,"href":"https:\/\/hojassueltas.es\/index.php?rest_route=\/wp\/v2\/posts\/14651\/revisions\/14653"}],"wp:featuredmedia":[{"embeddable":true,"href":"https:\/\/hojassueltas.es\/index.php?rest_route=\/wp\/v2\/media\/14652"}],"wp:attachment":[{"href":"https:\/\/hojassueltas.es\/index.php?rest_route=%2Fwp%2Fv2%2Fmedia&parent=14651"}],"wp:term":[{"taxonomy":"category","embeddable":true,"href":"https:\/\/hojassueltas.es\/index.php?rest_route=%2Fwp%2Fv2%2Fcategories&post=14651"},{"taxonomy":"post_tag","embeddable":true,"href":"https:\/\/hojassueltas.es\/index.php?rest_route=%2Fwp%2Fv2%2Ftags&post=14651"}],"curies":[{"name":"wp","href":"https:\/\/api.w.org\/{rel}","templated":true}]}}