{"id":14622,"date":"2024-10-07T00:00:12","date_gmt":"2024-10-06T22:00:12","guid":{"rendered":"https:\/\/hojassueltas.es\/?p=14622"},"modified":"2024-10-07T08:21:53","modified_gmt":"2024-10-07T06:21:53","slug":"la-voz-prestada-de-veronica-vazquez","status":"publish","type":"post","link":"https:\/\/hojassueltas.es\/?p=14622","title":{"rendered":"La voz de VER\u00d3NICA V\u00c1ZQUEZ"},"content":{"rendered":"<p style=\"text-align: justify;\">Si me preguntan qu\u00e9 obra ha marcado mi vida o carrera, mis recuerdos planean con alas raudas hasta posarse en mi infancia. Siempre he sentido fascinaci\u00f3n por el cine. Recuerdo que con no m\u00e1s de siete a\u00f1os mis padres me llevaron a ver en la gran pantalla \u201cRunaway brigada especial\u201d de 1984. Una obra futurista donde las m\u00e1quinas reemplazaban en diversas tareas a los hombres. Sent\u00eda que me trasladaba dentro de la misma pel\u00edcula. Lleg\u00f3 la escena m\u00e1s inquietante para esa peque\u00f1a Ver\u00f3nica del pasado con derroche de imaginaci\u00f3n. El momento de las ara\u00f1as met\u00e1licas amenazantes, que ascend\u00edan por las puertas y atacaban a una persona inyect\u00e1ndole \u00e1cido. Acab\u00f3 la pel\u00edcula y no dejaba de pensar en esas escenas aterradoras que me fascinaron. Quer\u00eda ver m\u00e1s obras que me pusieran los pelos de punta. <em>Historias para no dormir<\/em> de Ib\u00e1\u00f1ez Serrador las disfrutaba sentada sobre la inmensa alfombra del sal\u00f3n. Sent\u00eda el miedo de aquellas series de terror con intensidad, pero con la misma intensidad lo disfrutaba. Mi gusto y tendencia por el g\u00e9nero de terror comenz\u00f3 supongo en mi infancia. Cuando me preguntan por mi pel\u00edcula favorita tengo siempre dos en mi interior. La de las ara\u00f1as met\u00e1licas, as\u00ed es como la nombraba yo, siempre ser\u00e1 una de ellas por ser la primera. La otra nada tiene que ver con este g\u00e9nero, pero fue responsable de aumentar mi pasi\u00f3n por el cine.<\/p>\n<p style=\"text-align: justify;\">S\u00f3lo dir\u00e9 \u201cLo que el \u201cmiedo\u201d se llev\u00f3.<\/p>\n<p><span style=\"font-family: impact, sans-serif;\">Ver\u00f3nica V\u00e1zquez<\/span><\/p>\n<p>&nbsp;<\/p>\n<p><iframe loading=\"lazy\" src=\"https:\/\/www.ivoox.com\/player_es_podcast_2477361_zp_1.html?c1=b27757\" width=\"100%\" height=\"400\" frameborder=\"0\" scrolling=\"no\" allowfullscreen=\"allowfullscreen\"><\/iframe><\/p>\n","protected":false},"excerpt":{"rendered":"<p>Si me preguntan qu\u00e9 obra ha marcado mi vida o carrera, mis recuerdos planean con alas raudas hasta posarse en mi infancia. Siempre he sentido fascinaci\u00f3n por el cine. Recuerdo que con no m\u00e1s de siete a\u00f1os mis padres me llevaron a ver en la gran pantalla \u201cRunaway brigada especial\u201d de 1984. Una obra futurista [&hellip;]<\/p>\n","protected":false},"author":40,"featured_media":14623,"comment_status":"open","ping_status":"closed","sticky":false,"template":"","format":"standard","meta":{"footnotes":""},"categories":[1945],"tags":[253],"class_list":{"0":"post-14622","1":"post","2":"type-post","3":"status-publish","4":"format-standard","5":"has-post-thumbnail","7":"category-voces-prestadas","8":"tag-veronica-vazquez"},"yoast_head":"<!-- This site is optimized with the Yoast SEO plugin v27.4 - https:\/\/yoast.com\/product\/yoast-seo-wordpress\/ -->\n<title>La voz de VER\u00d3NICA V\u00c1ZQUEZ | Voces prestadas | HOJAS SUELTAS Peri\u00f3dico Cultural<\/title>\n<meta name=\"description\" content=\"VOCES PRESTADAS. Breve rese\u00f1a de aquello que le ha marcado de manera significativa.\" \/>\n<meta name=\"robots\" content=\"index, follow, max-snippet:-1, max-image-preview:large, max-video-preview:-1\" \/>\n<link rel=\"canonical\" href=\"https:\/\/hojassueltas.es\/?p=14622\" \/>\n<meta property=\"og:locale\" content=\"es_ES\" \/>\n<meta property=\"og:type\" content=\"article\" \/>\n<meta property=\"og:title\" content=\"La voz de VER\u00d3NICA V\u00c1ZQUEZ | Voces prestadas | HOJAS SUELTAS Peri\u00f3dico Cultural\" \/>\n<meta property=\"og:description\" content=\"VOCES PRESTADAS. Breve rese\u00f1a de aquello que le ha marcado de manera significativa.\" \/>\n<meta property=\"og:url\" content=\"https:\/\/hojassueltas.es\/?p=14622\" \/>\n<meta property=\"og:site_name\" content=\"HOJAS SUELTAS Peri\u00f3dico Cultural\" \/>\n<meta property=\"article:published_time\" content=\"2024-10-06T22:00:12+00:00\" \/>\n<meta property=\"article:modified_time\" content=\"2024-10-07T06:21:53+00:00\" \/>\n<meta property=\"og:image\" content=\"https:\/\/hojassueltas.es\/wp-content\/uploads\/2024\/10\/Veronica-Vazquez_HS.png\" \/>\n\t<meta property=\"og:image:width\" content=\"500\" \/>\n\t<meta property=\"og:image:height\" content=\"500\" \/>\n\t<meta property=\"og:image:type\" content=\"image\/png\" \/>\n<meta name=\"author\" content=\"Ver\u00f3nica V\u00e1zquez\" \/>\n<meta name=\"twitter:card\" content=\"summary_large_image\" \/>\n<meta name=\"twitter:creator\" content=\"@HOJASSUELTAS22\" \/>\n<meta name=\"twitter:site\" content=\"@HOJASSUELTAS22\" \/>\n<meta name=\"twitter:label1\" content=\"Escrito por\" \/>\n\t<meta name=\"twitter:data1\" content=\"Ver\u00f3nica V\u00e1zquez\" \/>\n\t<meta name=\"twitter:label2\" content=\"Tiempo de lectura\" \/>\n\t<meta name=\"twitter:data2\" content=\"2 minutos\" \/>\n<script type=\"application\/ld+json\" class=\"yoast-schema-graph\">{\"@context\":\"https:\\\/\\\/schema.org\",\"@graph\":[{\"@type\":[\"Article\",\"BlogPosting\"],\"@id\":\"https:\\\/\\\/hojassueltas.es\\\/?p=14622#article\",\"isPartOf\":{\"@id\":\"https:\\\/\\\/hojassueltas.es\\\/?p=14622\"},\"author\":{\"name\":\"Ver\u00f3nica V\u00e1zquez\",\"@id\":\"https:\\\/\\\/hojassueltas.es\\\/#\\\/schema\\\/person\\\/4c21892d9a305088d55a62ff59826d04\"},\"headline\":\"La voz de VER\u00d3NICA V\u00c1ZQUEZ\",\"datePublished\":\"2024-10-06T22:00:12+00:00\",\"dateModified\":\"2024-10-07T06:21:53+00:00\",\"mainEntityOfPage\":{\"@id\":\"https:\\\/\\\/hojassueltas.es\\\/?p=14622\"},\"wordCount\":279,\"commentCount\":0,\"publisher\":{\"@id\":\"https:\\\/\\\/hojassueltas.es\\\/#organization\"},\"image\":{\"@id\":\"https:\\\/\\\/hojassueltas.es\\\/?p=14622#primaryimage\"},\"thumbnailUrl\":\"https:\\\/\\\/hojassueltas.es\\\/wp-content\\\/uploads\\\/2024\\\/10\\\/Veronica-Vazquez_HS.png\",\"keywords\":[\"Ver\u00f3nica V\u00e1zquez\"],\"articleSection\":[\"Voces prestadas\"],\"inLanguage\":\"es\",\"potentialAction\":[{\"@type\":\"CommentAction\",\"name\":\"Comment\",\"target\":[\"https:\\\/\\\/hojassueltas.es\\\/?p=14622#respond\"]}]},{\"@type\":\"WebPage\",\"@id\":\"https:\\\/\\\/hojassueltas.es\\\/?p=14622\",\"url\":\"https:\\\/\\\/hojassueltas.es\\\/?p=14622\",\"name\":\"La voz de VER\u00d3NICA V\u00c1ZQUEZ | Voces prestadas | HOJAS SUELTAS Peri\u00f3dico Cultural\",\"isPartOf\":{\"@id\":\"https:\\\/\\\/hojassueltas.es\\\/#website\"},\"primaryImageOfPage\":{\"@id\":\"https:\\\/\\\/hojassueltas.es\\\/?p=14622#primaryimage\"},\"image\":{\"@id\":\"https:\\\/\\\/hojassueltas.es\\\/?p=14622#primaryimage\"},\"thumbnailUrl\":\"https:\\\/\\\/hojassueltas.es\\\/wp-content\\\/uploads\\\/2024\\\/10\\\/Veronica-Vazquez_HS.png\",\"datePublished\":\"2024-10-06T22:00:12+00:00\",\"dateModified\":\"2024-10-07T06:21:53+00:00\",\"description\":\"VOCES PRESTADAS. Breve rese\u00f1a de aquello que le ha marcado de manera significativa.\",\"breadcrumb\":{\"@id\":\"https:\\\/\\\/hojassueltas.es\\\/?p=14622#breadcrumb\"},\"inLanguage\":\"es\",\"potentialAction\":[{\"@type\":\"ReadAction\",\"target\":[\"https:\\\/\\\/hojassueltas.es\\\/?p=14622\"]}]},{\"@type\":\"ImageObject\",\"inLanguage\":\"es\",\"@id\":\"https:\\\/\\\/hojassueltas.es\\\/?p=14622#primaryimage\",\"url\":\"https:\\\/\\\/hojassueltas.es\\\/wp-content\\\/uploads\\\/2024\\\/10\\\/Veronica-Vazquez_HS.png\",\"contentUrl\":\"https:\\\/\\\/hojassueltas.es\\\/wp-content\\\/uploads\\\/2024\\\/10\\\/Veronica-Vazquez_HS.png\",\"width\":500,\"height\":500},{\"@type\":\"BreadcrumbList\",\"@id\":\"https:\\\/\\\/hojassueltas.es\\\/?p=14622#breadcrumb\",\"itemListElement\":[{\"@type\":\"ListItem\",\"position\":1,\"name\":\"Portada\",\"item\":\"https:\\\/\\\/hojassueltas.es\\\/\"},{\"@type\":\"ListItem\",\"position\":2,\"name\":\"La voz de VER\u00d3NICA V\u00c1ZQUEZ\"}]},{\"@type\":\"WebSite\",\"@id\":\"https:\\\/\\\/hojassueltas.es\\\/#website\",\"url\":\"https:\\\/\\\/hojassueltas.es\\\/\",\"name\":\"HojasSueltas.es\",\"description\":\"GRANADA - Peri\u00f3dico Cultural\",\"publisher\":{\"@id\":\"https:\\\/\\\/hojassueltas.es\\\/#organization\"},\"alternateName\":\"H.S. Periodico Cultural\",\"potentialAction\":[{\"@type\":\"SearchAction\",\"target\":{\"@type\":\"EntryPoint\",\"urlTemplate\":\"https:\\\/\\\/hojassueltas.es\\\/?s={search_term_string}\"},\"query-input\":{\"@type\":\"PropertyValueSpecification\",\"valueRequired\":true,\"valueName\":\"search_term_string\"}}],\"inLanguage\":\"es\"},{\"@type\":\"Organization\",\"@id\":\"https:\\\/\\\/hojassueltas.es\\\/#organization\",\"name\":\"HOJAS SUELTAS - Peri\u00f3dico Cultural\",\"alternateName\":\"HS - HOJAS SUELTAS Peri\u00f3dico Cultural\",\"url\":\"https:\\\/\\\/hojassueltas.es\\\/\",\"logo\":{\"@type\":\"ImageObject\",\"inLanguage\":\"es\",\"@id\":\"https:\\\/\\\/hojassueltas.es\\\/#\\\/schema\\\/logo\\\/image\\\/\",\"url\":\"https:\\\/\\\/hojassueltas.es\\\/wp-content\\\/uploads\\\/2025\\\/08\\\/Icono-HS_2.png\",\"contentUrl\":\"https:\\\/\\\/hojassueltas.es\\\/wp-content\\\/uploads\\\/2025\\\/08\\\/Icono-HS_2.png\",\"width\":500,\"height\":500,\"caption\":\"HOJAS SUELTAS - Peri\u00f3dico Cultural\"},\"image\":{\"@id\":\"https:\\\/\\\/hojassueltas.es\\\/#\\\/schema\\\/logo\\\/image\\\/\"},\"sameAs\":[\"https:\\\/\\\/x.com\\\/HOJASSUELTAS22\"]},{\"@type\":\"Person\",\"@id\":\"https:\\\/\\\/hojassueltas.es\\\/#\\\/schema\\\/person\\\/4c21892d9a305088d55a62ff59826d04\",\"name\":\"Ver\u00f3nica V\u00e1zquez\",\"image\":{\"@type\":\"ImageObject\",\"inLanguage\":\"es\",\"@id\":\"https:\\\/\\\/hojassueltas.es\\\/wp-content\\\/uploads\\\/2024\\\/10\\\/Imagen-2-96x96.jpg\",\"url\":\"https:\\\/\\\/hojassueltas.es\\\/wp-content\\\/uploads\\\/2024\\\/10\\\/Imagen-2-96x96.jpg\",\"contentUrl\":\"https:\\\/\\\/hojassueltas.es\\\/wp-content\\\/uploads\\\/2024\\\/10\\\/Imagen-2-96x96.jpg\",\"caption\":\"Ver\u00f3nica V\u00e1zquez\"},\"description\":\"Santiago de Compostela 1978. Tiene formaci\u00f3n y experiencia en secretariado. Pero su verdadera pasi\u00f3n siempre ha sido el cine y la literatura. Seguidora del g\u00e9nero de suspense. Tambi\u00e9n siente fascinaci\u00f3n por el c\u00f3mic de terror cl\u00e1sico consider\u00e1ndolo un exquisito arte. Gusta escribir sus historias como una pel\u00edcula. De gran imaginaci\u00f3n, en el a\u00f1o 2020 publica dos novelas de suspense en sello digital de Grupo Planeta, Click ediciones. En 2022 un audiolibro de \u00abLa sombra de Marcos\u00bb en plataforma Nextory. En 2023 comienza a realizar colaboraciones con microrrelatos de terror, en \u00abHojas Sueltas\u00bb En abril del 2023 gana convocatoria de relatos en la revista LO DESCONOCIDO con el relato de terror EL PASILLO. En junio del 2023 la productora indie TEATRO ROB\u00d3TICO DEL MISTERIO dramatiza en audio el relato de terror de infectados \u00a1CORRE!. En noviembre de 2023 gana convocatoria \u201cLa noche del lic\u00e1ntropo\u201d de la productora de audio LUX FERRE AUDIO con su relato de terror LA MONEDA DE PLATA para ser dramatizada en audio en el podcast Martes de Terror. En 2024 publica su novela de terror paranormal EL BAL\u00d3N ROJO en la web CALAMEO. En mayo del 2024 gana la convocatoria de relatos MIEDO EN CASA con su obra EL HOGAR DEL DIABLO, que ser\u00e1 publicada en una antolog\u00eda digital por la Red Municipal de Bibliotecas P\u00fablicas de Sevilla, Icas y el Ayuntamiento de Sevilla. En agosto del mismo a\u00f1o, gana la VIII convocatoria de relatos en la revista digital DRAG\u00d3N ESCRITOR con su microrrelato de terror TE PERTENECE. El fragmento de su novela de terror EL BAL\u00d3N ROJO se publica en la prestigiosa revista de M\u00e9xico \u201cdelatripa\u201d tambi\u00e9n en el mes de agosto de 2024 INSTAGRAM: Veronicavazquez_escritora \\\/ FACEBOOK: Ver\u00f3nica V\u00e1zquez ( El miedo es mi tinta) \\\/ X (Twitter) : @veronicav1978\",\"url\":\"https:\\\/\\\/hojassueltas.es\\\/?author=40\"}]}<\/script>\n<!-- \/ Yoast SEO plugin. -->","yoast_head_json":{"title":"La voz de VER\u00d3NICA V\u00c1ZQUEZ | Voces prestadas | HOJAS SUELTAS Peri\u00f3dico Cultural","description":"VOCES PRESTADAS. Breve rese\u00f1a de aquello que le ha marcado de manera significativa.","robots":{"index":"index","follow":"follow","max-snippet":"max-snippet:-1","max-image-preview":"max-image-preview:large","max-video-preview":"max-video-preview:-1"},"canonical":"https:\/\/hojassueltas.es\/?p=14622","og_locale":"es_ES","og_type":"article","og_title":"La voz de VER\u00d3NICA V\u00c1ZQUEZ | Voces prestadas | HOJAS SUELTAS Peri\u00f3dico Cultural","og_description":"VOCES PRESTADAS. Breve rese\u00f1a de aquello que le ha marcado de manera significativa.","og_url":"https:\/\/hojassueltas.es\/?p=14622","og_site_name":"HOJAS SUELTAS Peri\u00f3dico Cultural","article_published_time":"2024-10-06T22:00:12+00:00","article_modified_time":"2024-10-07T06:21:53+00:00","og_image":[{"width":500,"height":500,"url":"https:\/\/hojassueltas.es\/wp-content\/uploads\/2024\/10\/Veronica-Vazquez_HS.png","type":"image\/png"}],"author":"Ver\u00f3nica V\u00e1zquez","twitter_card":"summary_large_image","twitter_creator":"@HOJASSUELTAS22","twitter_site":"@HOJASSUELTAS22","twitter_misc":{"Escrito por":"Ver\u00f3nica V\u00e1zquez","Tiempo de lectura":"2 minutos"},"schema":{"@context":"https:\/\/schema.org","@graph":[{"@type":["Article","BlogPosting"],"@id":"https:\/\/hojassueltas.es\/?p=14622#article","isPartOf":{"@id":"https:\/\/hojassueltas.es\/?p=14622"},"author":{"name":"Ver\u00f3nica V\u00e1zquez","@id":"https:\/\/hojassueltas.es\/#\/schema\/person\/4c21892d9a305088d55a62ff59826d04"},"headline":"La voz de VER\u00d3NICA V\u00c1ZQUEZ","datePublished":"2024-10-06T22:00:12+00:00","dateModified":"2024-10-07T06:21:53+00:00","mainEntityOfPage":{"@id":"https:\/\/hojassueltas.es\/?p=14622"},"wordCount":279,"commentCount":0,"publisher":{"@id":"https:\/\/hojassueltas.es\/#organization"},"image":{"@id":"https:\/\/hojassueltas.es\/?p=14622#primaryimage"},"thumbnailUrl":"https:\/\/hojassueltas.es\/wp-content\/uploads\/2024\/10\/Veronica-Vazquez_HS.png","keywords":["Ver\u00f3nica V\u00e1zquez"],"articleSection":["Voces prestadas"],"inLanguage":"es","potentialAction":[{"@type":"CommentAction","name":"Comment","target":["https:\/\/hojassueltas.es\/?p=14622#respond"]}]},{"@type":"WebPage","@id":"https:\/\/hojassueltas.es\/?p=14622","url":"https:\/\/hojassueltas.es\/?p=14622","name":"La voz de VER\u00d3NICA V\u00c1ZQUEZ | Voces prestadas | HOJAS SUELTAS Peri\u00f3dico Cultural","isPartOf":{"@id":"https:\/\/hojassueltas.es\/#website"},"primaryImageOfPage":{"@id":"https:\/\/hojassueltas.es\/?p=14622#primaryimage"},"image":{"@id":"https:\/\/hojassueltas.es\/?p=14622#primaryimage"},"thumbnailUrl":"https:\/\/hojassueltas.es\/wp-content\/uploads\/2024\/10\/Veronica-Vazquez_HS.png","datePublished":"2024-10-06T22:00:12+00:00","dateModified":"2024-10-07T06:21:53+00:00","description":"VOCES PRESTADAS. Breve rese\u00f1a de aquello que le ha marcado de manera significativa.","breadcrumb":{"@id":"https:\/\/hojassueltas.es\/?p=14622#breadcrumb"},"inLanguage":"es","potentialAction":[{"@type":"ReadAction","target":["https:\/\/hojassueltas.es\/?p=14622"]}]},{"@type":"ImageObject","inLanguage":"es","@id":"https:\/\/hojassueltas.es\/?p=14622#primaryimage","url":"https:\/\/hojassueltas.es\/wp-content\/uploads\/2024\/10\/Veronica-Vazquez_HS.png","contentUrl":"https:\/\/hojassueltas.es\/wp-content\/uploads\/2024\/10\/Veronica-Vazquez_HS.png","width":500,"height":500},{"@type":"BreadcrumbList","@id":"https:\/\/hojassueltas.es\/?p=14622#breadcrumb","itemListElement":[{"@type":"ListItem","position":1,"name":"Portada","item":"https:\/\/hojassueltas.es\/"},{"@type":"ListItem","position":2,"name":"La voz de VER\u00d3NICA V\u00c1ZQUEZ"}]},{"@type":"WebSite","@id":"https:\/\/hojassueltas.es\/#website","url":"https:\/\/hojassueltas.es\/","name":"HojasSueltas.es","description":"GRANADA - Peri\u00f3dico Cultural","publisher":{"@id":"https:\/\/hojassueltas.es\/#organization"},"alternateName":"H.S. Periodico Cultural","potentialAction":[{"@type":"SearchAction","target":{"@type":"EntryPoint","urlTemplate":"https:\/\/hojassueltas.es\/?s={search_term_string}"},"query-input":{"@type":"PropertyValueSpecification","valueRequired":true,"valueName":"search_term_string"}}],"inLanguage":"es"},{"@type":"Organization","@id":"https:\/\/hojassueltas.es\/#organization","name":"HOJAS SUELTAS - Peri\u00f3dico Cultural","alternateName":"HS - HOJAS SUELTAS Peri\u00f3dico Cultural","url":"https:\/\/hojassueltas.es\/","logo":{"@type":"ImageObject","inLanguage":"es","@id":"https:\/\/hojassueltas.es\/#\/schema\/logo\/image\/","url":"https:\/\/hojassueltas.es\/wp-content\/uploads\/2025\/08\/Icono-HS_2.png","contentUrl":"https:\/\/hojassueltas.es\/wp-content\/uploads\/2025\/08\/Icono-HS_2.png","width":500,"height":500,"caption":"HOJAS SUELTAS - Peri\u00f3dico Cultural"},"image":{"@id":"https:\/\/hojassueltas.es\/#\/schema\/logo\/image\/"},"sameAs":["https:\/\/x.com\/HOJASSUELTAS22"]},{"@type":"Person","@id":"https:\/\/hojassueltas.es\/#\/schema\/person\/4c21892d9a305088d55a62ff59826d04","name":"Ver\u00f3nica V\u00e1zquez","image":{"@type":"ImageObject","inLanguage":"es","@id":"https:\/\/hojassueltas.es\/wp-content\/uploads\/2024\/10\/Imagen-2-96x96.jpg","url":"https:\/\/hojassueltas.es\/wp-content\/uploads\/2024\/10\/Imagen-2-96x96.jpg","contentUrl":"https:\/\/hojassueltas.es\/wp-content\/uploads\/2024\/10\/Imagen-2-96x96.jpg","caption":"Ver\u00f3nica V\u00e1zquez"},"description":"Santiago de Compostela 1978. Tiene formaci\u00f3n y experiencia en secretariado. Pero su verdadera pasi\u00f3n siempre ha sido el cine y la literatura. Seguidora del g\u00e9nero de suspense. Tambi\u00e9n siente fascinaci\u00f3n por el c\u00f3mic de terror cl\u00e1sico consider\u00e1ndolo un exquisito arte. Gusta escribir sus historias como una pel\u00edcula. De gran imaginaci\u00f3n, en el a\u00f1o 2020 publica dos novelas de suspense en sello digital de Grupo Planeta, Click ediciones. En 2022 un audiolibro de \u00abLa sombra de Marcos\u00bb en plataforma Nextory. En 2023 comienza a realizar colaboraciones con microrrelatos de terror, en \u00abHojas Sueltas\u00bb En abril del 2023 gana convocatoria de relatos en la revista LO DESCONOCIDO con el relato de terror EL PASILLO. En junio del 2023 la productora indie TEATRO ROB\u00d3TICO DEL MISTERIO dramatiza en audio el relato de terror de infectados \u00a1CORRE!. En noviembre de 2023 gana convocatoria \u201cLa noche del lic\u00e1ntropo\u201d de la productora de audio LUX FERRE AUDIO con su relato de terror LA MONEDA DE PLATA para ser dramatizada en audio en el podcast Martes de Terror. En 2024 publica su novela de terror paranormal EL BAL\u00d3N ROJO en la web CALAMEO. En mayo del 2024 gana la convocatoria de relatos MIEDO EN CASA con su obra EL HOGAR DEL DIABLO, que ser\u00e1 publicada en una antolog\u00eda digital por la Red Municipal de Bibliotecas P\u00fablicas de Sevilla, Icas y el Ayuntamiento de Sevilla. En agosto del mismo a\u00f1o, gana la VIII convocatoria de relatos en la revista digital DRAG\u00d3N ESCRITOR con su microrrelato de terror TE PERTENECE. El fragmento de su novela de terror EL BAL\u00d3N ROJO se publica en la prestigiosa revista de M\u00e9xico \u201cdelatripa\u201d tambi\u00e9n en el mes de agosto de 2024 INSTAGRAM: Veronicavazquez_escritora \/ FACEBOOK: Ver\u00f3nica V\u00e1zquez ( El miedo es mi tinta) \/ X (Twitter) : @veronicav1978","url":"https:\/\/hojassueltas.es\/?author=40"}]}},"_links":{"self":[{"href":"https:\/\/hojassueltas.es\/index.php?rest_route=\/wp\/v2\/posts\/14622","targetHints":{"allow":["GET"]}}],"collection":[{"href":"https:\/\/hojassueltas.es\/index.php?rest_route=\/wp\/v2\/posts"}],"about":[{"href":"https:\/\/hojassueltas.es\/index.php?rest_route=\/wp\/v2\/types\/post"}],"author":[{"embeddable":true,"href":"https:\/\/hojassueltas.es\/index.php?rest_route=\/wp\/v2\/users\/40"}],"replies":[{"embeddable":true,"href":"https:\/\/hojassueltas.es\/index.php?rest_route=%2Fwp%2Fv2%2Fcomments&post=14622"}],"version-history":[{"count":4,"href":"https:\/\/hojassueltas.es\/index.php?rest_route=\/wp\/v2\/posts\/14622\/revisions"}],"predecessor-version":[{"id":14932,"href":"https:\/\/hojassueltas.es\/index.php?rest_route=\/wp\/v2\/posts\/14622\/revisions\/14932"}],"wp:featuredmedia":[{"embeddable":true,"href":"https:\/\/hojassueltas.es\/index.php?rest_route=\/wp\/v2\/media\/14623"}],"wp:attachment":[{"href":"https:\/\/hojassueltas.es\/index.php?rest_route=%2Fwp%2Fv2%2Fmedia&parent=14622"}],"wp:term":[{"taxonomy":"category","embeddable":true,"href":"https:\/\/hojassueltas.es\/index.php?rest_route=%2Fwp%2Fv2%2Fcategories&post=14622"},{"taxonomy":"post_tag","embeddable":true,"href":"https:\/\/hojassueltas.es\/index.php?rest_route=%2Fwp%2Fv2%2Ftags&post=14622"}],"curies":[{"name":"wp","href":"https:\/\/api.w.org\/{rel}","templated":true}]}}