{"id":14577,"date":"2024-10-07T00:00:49","date_gmt":"2024-10-06T22:00:49","guid":{"rendered":"https:\/\/hojassueltas.es\/?p=14577"},"modified":"2025-07-21T10:02:56","modified_gmt":"2025-07-21T09:02:56","slug":"bruno-liljefors-la-suede-sauvage","status":"publish","type":"post","link":"https:\/\/hojassueltas.es\/?p=14577","title":{"rendered":"Bruno Liljefors, la Su\u00e8de sauvage"},"content":{"rendered":"<h3 style=\"text-align: justify;\">Nouvel artiste scandinave mis \u00e0 l\u2019honneur au Petit Palais \u00e0 Paris ! Du 1er octobre 2024 au 16 f\u00e9vrier 2025, partez en voyage \u00e0 la d\u00e9couverte de la Su\u00e8de sauvage et de ses animaux \u00e0 travers une exposition in\u00e9dite consacr\u00e9e \u00e0 Bruno Liljefors o\u00f9 se m\u00ealent peintures, dessins et photographies.<\/h3>\n<p style=\"text-align: justify;\">Envie de voyager \u00e0 la d\u00e9couverte de la belle nature scandinave sans quitter la capitale ? Direction le<strong>\u00a0Petit Palais<\/strong>\u00a0du 1er octobre 2024 au 16 f\u00e9vrier 2025 pour admirer les \u0153uvres de l\u2019artiste-peintre su\u00e9dois\u00a0<strong>Bruno Liljefors<\/strong>.<\/p>\n<p style=\"text-align: justify;\">\u00c0 travers une exposition in\u00e9dite, intitul\u00e9e \u00ab\u00a0<em><strong>Bruno Liljefors, la Su\u00e8de sauvage<\/strong>\u00a0<\/em>\u00bb, le Petit Palais met une fois encore l\u2019art nordique \u00e0 l\u2019honneur apr\u00e8s des expositions consacr\u00e9es \u00e0 Carl Larsson en 2014, puis \u00e0 Anders Zorn en 2017. Cet automne et l\u2019hiver prochain, place donc \u00e0\u00a0<strong>Bruno Liljefors<\/strong>\u00a0(1860-1939).<\/p>\n<p style=\"text-align: justify;\">Si son travail reste plut\u00f4t m\u00e9connu en France,\u00a0<strong>Bruno Liljefors<\/strong>\u00a0a pourtant \u00e9t\u00e9 une figure incontournable de la sc\u00e8ne artistique scandinave de la fin du XIXe si\u00e8cle. Il \u00e9tait d\u2019ailleurs consid\u00e9r\u00e9 \u00e0 son \u00e9poque comme le \u00ab<em>\u00a0prince des animaliers<\/em>\u00a0\u00bb.<\/p>\n<p style=\"text-align: justify;\">Il faut dire que l\u2019artiste a r\u00e9alis\u00e9 de tr\u00e8s nombreuses \u0153uvres mettant en sc\u00e8ne des animaux, participant ainsi au renouvellement du genre de la peinture animali\u00e8re. La nature su\u00e9doise y tenait aussi un r\u00f4le primordial. Oies sauvages en plein vol, hibou grand-duc au c\u0153ur de for\u00eat, li\u00e8vre sur un sol enneig\u00e9, palombes et t\u00e9tras lyres, rougequeues et papillons, chat et pinson&#8230; les exemples sont multiples et d\u00e9voilent \u00e0 chaque fois le talent pictural de\u00a0<strong>Bruno Liljefors<\/strong>\u00a0et sa technique de travail tr\u00e8s singuli\u00e8re. L\u2019artiste-peintre su\u00e9dois s\u2019int\u00e9ressait tout particuli\u00e8rement \u00e0 la relation que les animaux entretiennent avec leur habitat, en plein c\u0153ur de la nature sauvage su\u00e9doise.<\/p>\n<p style=\"text-align: justify;\">Au total, une centaine de\u00a0<strong>peintures, dessins et photographies<\/strong>\u00a0seront \u00e0 d\u00e9couvrir au\u00a0<strong>Petit Palais<\/strong>\u00a0\u00e0 travers un parcours annonc\u00e9 comme chronologique et th\u00e9matique. Notez que ces \u0153uvres expos\u00e9es seront issues des collections des mus\u00e9es su\u00e9dois, comme le Nationalmuseum de Stockholm, la Thiel Gallery et le mus\u00e9e de G\u00f6teborg, mais aussi de diverses collections priv\u00e9es.<\/p>\n<p style=\"text-align: justify;\">Pour cette premi\u00e8re grande exposition en France consacr\u00e9e \u00e0\u00a0<strong>Bruno Liljefors<\/strong>, le\u00a0<strong>Petit Palais<\/strong>\u00a0d\u00e9voilera une sc\u00e9nographie immersive transformant le mus\u00e9e parisien en une promenade dans la nature.<\/p>\n<p style=\"text-align: justify;\"><strong>Lieu<\/strong><br \/>\nPetit Palais<br \/>\nAvenue Winston Churchill<br \/>\n75008\u00a0Paris 8<\/p>\n<p style=\"text-align: justify;\"><strong>Tarifs<\/strong><br \/>\nTarif r\u00e9duit : 10\u20ac<br \/>\nPlein tarif : 12\u20ac<\/p>\n<hr \/>\n<div class=\"flex-1 overflow-hidden\">\n<div class=\"h-full\">\n<div class=\"react-scroll-to-bottom--css-mvghw-79elbk h-full\">\n<div class=\"react-scroll-to-bottom--css-mvghw-1n7m0yu\">\n<div class=\"flex flex-col text-sm md:pb-9\">\n<article class=\"w-full text-token-text-primary focus-visible:outline-2 focus-visible:outline-offset-[-4px]\" dir=\"auto\" data-testid=\"conversation-turn-9\" data-scroll-anchor=\"true\">\n<div class=\"text-base py-[18px] px-3 md:px-4 m-auto w-full md:px-5 lg:px-4 xl:px-5\">\n<div class=\"mx-auto flex flex-1 gap-4 text-base md:gap-5 lg:gap-6 md:max-w-3xl lg:max-w-[40rem] xl:max-w-[48rem]\">\n<div class=\"group\/conversation-turn relative flex w-full min-w-0 flex-col agent-turn\">\n<div class=\"flex-col gap-1 md:gap-3\">\n<div class=\"flex max-w-full flex-col flex-grow\">\n<div class=\"min-h-8 text-message flex w-full flex-col items-end gap-2 whitespace-normal break-words [.text-message+&amp;]:mt-5\" dir=\"auto\" data-message-author-role=\"assistant\" data-message-id=\"19897adf-f7fb-48af-bc00-ee969a83288b\">\n<div class=\"flex w-full flex-col gap-1 empty:hidden first:pt-[3px]\">\n<div class=\"markdown prose w-full break-words dark:prose-invert light\">\n<h3 style=\"text-align: justify;\">Nuevo artista escandinavo homenajeado en el Petit Palais de Par\u00eds<\/h3>\n<p style=\"text-align: justify;\">\u00a1Del 1 de octubre de 2024 al 16 de febrero de 2025, emb\u00e1rcate en un viaje para descubrir la naturaleza salvaje de Suecia y sus animales a trav\u00e9s de una exposici\u00f3n in\u00e9dita dedicada a <strong>Bruno Liljefors<\/strong>, que combina pinturas, dibujos y fotograf\u00edas!<\/p>\n<p style=\"text-align: justify;\">\u00bfTe apetece viajar y descubrir la hermosa naturaleza escandinava sin salir de la capital? Entonces dir\u00edgete al <strong>Petit Palais<\/strong> del 1 de octubre de 2024 al 16 de febrero de 2025 para admirar las obras del pintor sueco <strong>Bruno Liljefors<\/strong>.<\/p>\n<p style=\"text-align: justify;\">Con una exposici\u00f3n in\u00e9dita, titulada <strong>\u00abBruno Liljefors, la Suecia salvaje\u00bb<\/strong>, el Petit Palais vuelve a rendir homenaje al arte n\u00f3rdico tras las exposiciones dedicadas a <strong>Carl Larsson<\/strong> en 2014 y a <strong>Anders Zorn<\/strong> en 2017. Este oto\u00f1o y el pr\u00f3ximo invierno, el protagonista ser\u00e1 <strong>Bruno Liljefors<\/strong> (1860-1939).<\/p>\n<p style=\"text-align: justify;\">Aunque su obra es poco conocida en Francia, <strong>Bruno Liljefors<\/strong> fue una figura imprescindible de la escena art\u00edstica escandinava de finales del siglo XIX. De hecho, en su \u00e9poca fue considerado como el \u00abpr\u00edncipe de los pintores de animales\u00bb.<\/p>\n<p style=\"text-align: justify;\">El artista realiz\u00f3 numerosas obras que representaban animales, contribuyendo as\u00ed a la renovaci\u00f3n del g\u00e9nero de la pintura animalista, en la que la naturaleza sueca tambi\u00e9n desempe\u00f1aba un papel primordial. Gansos salvajes en pleno vuelo, un b\u00faho real en el coraz\u00f3n del bosque, una liebre sobre un suelo nevado, palomas torcaces y urogallos, colirrojos y mariposas, un gato y un pinz\u00f3n\u2026 Los ejemplos son m\u00faltiples y muestran el talento pict\u00f3rico de <strong>Bruno Liljefors<\/strong> y su singular t\u00e9cnica de trabajo. El pintor sueco se interes\u00f3 especialmente en la relaci\u00f3n que los animales establecen con su h\u00e1bitat, en plena naturaleza salvaje sueca.<\/p>\n<p style=\"text-align: justify;\">En total, se podr\u00e1n descubrir un centenar de <strong>pinturas, dibujos y fotograf\u00edas<\/strong> en el <strong>Petit Palais<\/strong> a trav\u00e9s de un recorrido cronol\u00f3gico y tem\u00e1tico. Cabe destacar que las obras expuestas proceder\u00e1n de las colecciones de museos suecos, como el <strong>Nationalmuseum<\/strong> de Estocolmo, la <strong>Thiel Gallery<\/strong> y el <strong>Museo de Gotemburgo<\/strong>, as\u00ed como de diversas colecciones privadas.<\/p>\n<p style=\"text-align: justify;\">Para esta primera gran exposici\u00f3n en Francia dedicada a <strong>Bruno Liljefors<\/strong>, el <strong>Petit Palais<\/strong> presentar\u00e1 una escenograf\u00eda inmersiva que transformar\u00e1 el museo parisino en un paseo por la naturaleza.<\/p>\n<p style=\"text-align: justify;\"><strong>Ubicaci\u00f3n<\/strong><br \/>\nPetit Palais<br \/>\nAvenue Winston Churchill<br \/>\n75008 Par\u00eds 8<\/p>\n<p style=\"text-align: justify;\"><strong>Tarifas<\/strong><\/p>\n<ul style=\"text-align: justify;\">\n<li>Precio reducido: 10 \u20ac<\/li>\n<li>Precio completo: 12 \u20ac<\/li>\n<\/ul>\n<\/div>\n<\/div>\n<\/div>\n<\/div>\n<\/div>\n<\/div>\n<\/div>\n<\/div>\n<\/article>\n<\/div>\n<\/div>\n<\/div>\n<\/div>\n<\/div>\n<div class=\"md:pt-0 dark:border-white\/20 md:border-transparent md:dark:border-transparent w-full\">\n<div class=\"\">\n<div class=\"text-base px-3 md:px-4 m-auto w-full md:px-5 lg:px-4 xl:px-5\">\n<div class=\"mx-auto flex flex-1 gap-4 text-base md:gap-5 lg:gap-6 md:max-w-3xl lg:max-w-[40rem] xl:max-w-[48rem]\">\n<form class=\"w-full\" aria-haspopup=\"dialog\" aria-expanded=\"false\" aria-controls=\"radix-:ral:\" data-state=\"closed\">\n<div class=\"relative flex h-full max-w-full flex-1 flex-col\">\n<div class=\"group relative flex w-full items-center\">\n<div class=\"flex w-full flex-col gap-1.5 rounded-[26px] p-1.5 transition-colors bg-[#f4f4f4] dark:bg-token-main-surface-secondary\">\n<div class=\"flex items-end gap-1.5 pl-4 md:gap-2\">\n<div class=\"flex min-w-0 flex-1 flex-col\">\n<div class=\"_prosemirror-parent_15ceg_1 text-token-text-primary max-h-[25dvh] max-h-52 overflow-auto default-browser\">\n<div id=\"prompt-textarea\" class=\"ProseMirror\" contenteditable=\"true\" translate=\"no\">\n<p><span style=\"font-family: impact, sans-serif;\">Redacci\u00f3n (Sortir a Par\u00eds)<\/span><\/p>\n<\/div>\n<\/div>\n<\/div>\n<div class=\"min-w-8\"><\/div>\n<\/div>\n<\/div>\n<\/div>\n<\/div>\n<\/form>\n<\/div>\n<\/div>\n<div class=\"relative w-full px-2 py-2 text-center text-xs text-token-text-secondary empty:hidden md:px-[60px]\">\n<div class=\"min-h-4\">\n<div><\/div>\n<\/div>\n<\/div>\n<\/div>\n<\/div>\n","protected":false},"excerpt":{"rendered":"<p>Nouvel artiste scandinave mis \u00e0 l\u2019honneur au Petit Palais \u00e0 Paris ! Du 1er octobre 2024 au 16 f\u00e9vrier 2025, partez en voyage \u00e0 la d\u00e9couverte de la Su\u00e8de sauvage et de ses animaux \u00e0 travers une exposition in\u00e9dite consacr\u00e9e \u00e0 Bruno Liljefors o\u00f9 se m\u00ealent peintures, dessins et photographies. Envie de voyager \u00e0 la [&hellip;]<\/p>\n","protected":false},"author":1,"featured_media":14581,"comment_status":"open","ping_status":"closed","sticky":false,"template":"","format":"standard","meta":{"footnotes":""},"categories":[32],"tags":[],"class_list":{"0":"post-14577","1":"post","2":"type-post","3":"status-publish","4":"format-standard","5":"has-post-thumbnail","7":"category-panorama-cultural"},"yoast_head":"<!-- This site is optimized with the Yoast SEO plugin v27.4 - https:\/\/yoast.com\/product\/yoast-seo-wordpress\/ -->\n<title>Bruno Liljefors, la Su\u00e8de sauvage | HOJAS SUELTAS Peri\u00f3dico Cultural<\/title>\n<meta name=\"description\" content=\"ACTUALIDAD Francia: Nouvel artiste scandinave mis \u00e0 l\u2019honneur au Petit Palais \u00e0 Paris ! Du 1er octobre 2024 au 16 f\u00e9vrier 2025, partez en voyage \u00e0 la d\u00e9couverte de la Su\u00e8de sauvage\" \/>\n<meta name=\"robots\" content=\"index, follow, max-snippet:-1, max-image-preview:large, max-video-preview:-1\" \/>\n<link rel=\"canonical\" href=\"https:\/\/hojassueltas.es\/?p=14577\" \/>\n<meta property=\"og:locale\" content=\"es_ES\" \/>\n<meta property=\"og:type\" content=\"article\" \/>\n<meta property=\"og:title\" content=\"Bruno Liljefors, la Su\u00e8de sauvage | HOJAS SUELTAS Peri\u00f3dico Cultural\" \/>\n<meta property=\"og:description\" content=\"ACTUALIDAD Francia: Nouvel artiste scandinave mis \u00e0 l\u2019honneur au Petit Palais \u00e0 Paris ! Du 1er octobre 2024 au 16 f\u00e9vrier 2025, partez en voyage \u00e0 la d\u00e9couverte de la Su\u00e8de sauvage\" \/>\n<meta property=\"og:url\" content=\"https:\/\/hojassueltas.es\/?p=14577\" \/>\n<meta property=\"og:site_name\" content=\"HOJAS SUELTAS Peri\u00f3dico Cultural\" \/>\n<meta property=\"article:published_time\" content=\"2024-10-06T22:00:49+00:00\" \/>\n<meta property=\"article:modified_time\" content=\"2025-07-21T09:02:56+00:00\" \/>\n<meta property=\"og:image\" content=\"https:\/\/hojassueltas.es\/wp-content\/uploads\/2024\/10\/Bruno_HS.png\" \/>\n\t<meta property=\"og:image:width\" content=\"1050\" \/>\n\t<meta property=\"og:image:height\" content=\"610\" \/>\n\t<meta property=\"og:image:type\" content=\"image\/png\" \/>\n<meta name=\"author\" content=\"Redacci\u00f3n\" \/>\n<meta name=\"twitter:card\" content=\"summary_large_image\" \/>\n<meta name=\"twitter:creator\" content=\"@HOJASSUELTAS22\" \/>\n<meta name=\"twitter:site\" content=\"@HOJASSUELTAS22\" \/>\n<meta name=\"twitter:label1\" content=\"Escrito por\" \/>\n\t<meta name=\"twitter:data1\" content=\"Redacci\u00f3n\" \/>\n\t<meta name=\"twitter:label2\" content=\"Tiempo de lectura\" \/>\n\t<meta name=\"twitter:data2\" content=\"4 minutos\" \/>\n<script type=\"application\/ld+json\" class=\"yoast-schema-graph\">{\"@context\":\"https:\\\/\\\/schema.org\",\"@graph\":[{\"@type\":[\"Article\",\"BlogPosting\"],\"@id\":\"https:\\\/\\\/hojassueltas.es\\\/?p=14577#article\",\"isPartOf\":{\"@id\":\"https:\\\/\\\/hojassueltas.es\\\/?p=14577\"},\"author\":{\"name\":\"Redacci\u00f3n\",\"@id\":\"https:\\\/\\\/hojassueltas.es\\\/#\\\/schema\\\/person\\\/f232bbdb834c61c90aff2245daa401c0\"},\"headline\":\"Bruno Liljefors, la Su\u00e8de sauvage\",\"datePublished\":\"2024-10-06T22:00:49+00:00\",\"dateModified\":\"2025-07-21T09:02:56+00:00\",\"mainEntityOfPage\":{\"@id\":\"https:\\\/\\\/hojassueltas.es\\\/?p=14577\"},\"wordCount\":821,\"commentCount\":0,\"publisher\":{\"@id\":\"https:\\\/\\\/hojassueltas.es\\\/#organization\"},\"image\":{\"@id\":\"https:\\\/\\\/hojassueltas.es\\\/?p=14577#primaryimage\"},\"thumbnailUrl\":\"https:\\\/\\\/hojassueltas.es\\\/wp-content\\\/uploads\\\/2024\\\/10\\\/Bruno_HS.png\",\"articleSection\":[\"PANORAMA CULTURAL\"],\"inLanguage\":\"es\",\"potentialAction\":[{\"@type\":\"CommentAction\",\"name\":\"Comment\",\"target\":[\"https:\\\/\\\/hojassueltas.es\\\/?p=14577#respond\"]}]},{\"@type\":\"WebPage\",\"@id\":\"https:\\\/\\\/hojassueltas.es\\\/?p=14577\",\"url\":\"https:\\\/\\\/hojassueltas.es\\\/?p=14577\",\"name\":\"Bruno Liljefors, la Su\u00e8de sauvage | HOJAS SUELTAS Peri\u00f3dico Cultural\",\"isPartOf\":{\"@id\":\"https:\\\/\\\/hojassueltas.es\\\/#website\"},\"primaryImageOfPage\":{\"@id\":\"https:\\\/\\\/hojassueltas.es\\\/?p=14577#primaryimage\"},\"image\":{\"@id\":\"https:\\\/\\\/hojassueltas.es\\\/?p=14577#primaryimage\"},\"thumbnailUrl\":\"https:\\\/\\\/hojassueltas.es\\\/wp-content\\\/uploads\\\/2024\\\/10\\\/Bruno_HS.png\",\"datePublished\":\"2024-10-06T22:00:49+00:00\",\"dateModified\":\"2025-07-21T09:02:56+00:00\",\"description\":\"ACTUALIDAD Francia: Nouvel artiste scandinave mis \u00e0 l\u2019honneur au Petit Palais \u00e0 Paris ! Du 1er octobre 2024 au 16 f\u00e9vrier 2025, partez en voyage \u00e0 la d\u00e9couverte de la Su\u00e8de sauvage\",\"breadcrumb\":{\"@id\":\"https:\\\/\\\/hojassueltas.es\\\/?p=14577#breadcrumb\"},\"inLanguage\":\"es\",\"potentialAction\":[{\"@type\":\"ReadAction\",\"target\":[\"https:\\\/\\\/hojassueltas.es\\\/?p=14577\"]}]},{\"@type\":\"ImageObject\",\"inLanguage\":\"es\",\"@id\":\"https:\\\/\\\/hojassueltas.es\\\/?p=14577#primaryimage\",\"url\":\"https:\\\/\\\/hojassueltas.es\\\/wp-content\\\/uploads\\\/2024\\\/10\\\/Bruno_HS.png\",\"contentUrl\":\"https:\\\/\\\/hojassueltas.es\\\/wp-content\\\/uploads\\\/2024\\\/10\\\/Bruno_HS.png\",\"width\":1050,\"height\":610},{\"@type\":\"BreadcrumbList\",\"@id\":\"https:\\\/\\\/hojassueltas.es\\\/?p=14577#breadcrumb\",\"itemListElement\":[{\"@type\":\"ListItem\",\"position\":1,\"name\":\"Portada\",\"item\":\"https:\\\/\\\/hojassueltas.es\\\/\"},{\"@type\":\"ListItem\",\"position\":2,\"name\":\"Bruno Liljefors, la Su\u00e8de sauvage\"}]},{\"@type\":\"WebSite\",\"@id\":\"https:\\\/\\\/hojassueltas.es\\\/#website\",\"url\":\"https:\\\/\\\/hojassueltas.es\\\/\",\"name\":\"HojasSueltas.es\",\"description\":\"GRANADA - Peri\u00f3dico Cultural\",\"publisher\":{\"@id\":\"https:\\\/\\\/hojassueltas.es\\\/#organization\"},\"alternateName\":\"H.S. Periodico Cultural\",\"potentialAction\":[{\"@type\":\"SearchAction\",\"target\":{\"@type\":\"EntryPoint\",\"urlTemplate\":\"https:\\\/\\\/hojassueltas.es\\\/?s={search_term_string}\"},\"query-input\":{\"@type\":\"PropertyValueSpecification\",\"valueRequired\":true,\"valueName\":\"search_term_string\"}}],\"inLanguage\":\"es\"},{\"@type\":\"Organization\",\"@id\":\"https:\\\/\\\/hojassueltas.es\\\/#organization\",\"name\":\"HOJAS SUELTAS - Peri\u00f3dico Cultural\",\"alternateName\":\"HS - HOJAS SUELTAS Peri\u00f3dico Cultural\",\"url\":\"https:\\\/\\\/hojassueltas.es\\\/\",\"logo\":{\"@type\":\"ImageObject\",\"inLanguage\":\"es\",\"@id\":\"https:\\\/\\\/hojassueltas.es\\\/#\\\/schema\\\/logo\\\/image\\\/\",\"url\":\"https:\\\/\\\/hojassueltas.es\\\/wp-content\\\/uploads\\\/2025\\\/08\\\/Icono-HS_2.png\",\"contentUrl\":\"https:\\\/\\\/hojassueltas.es\\\/wp-content\\\/uploads\\\/2025\\\/08\\\/Icono-HS_2.png\",\"width\":500,\"height\":500,\"caption\":\"HOJAS SUELTAS - Peri\u00f3dico Cultural\"},\"image\":{\"@id\":\"https:\\\/\\\/hojassueltas.es\\\/#\\\/schema\\\/logo\\\/image\\\/\"},\"sameAs\":[\"https:\\\/\\\/x.com\\\/HOJASSUELTAS22\"]},{\"@type\":\"Person\",\"@id\":\"https:\\\/\\\/hojassueltas.es\\\/#\\\/schema\\\/person\\\/f232bbdb834c61c90aff2245daa401c0\",\"name\":\"Redacci\u00f3n\",\"image\":{\"@type\":\"ImageObject\",\"inLanguage\":\"es\",\"@id\":\"https:\\\/\\\/hojassueltas.es\\\/wp-content\\\/uploads\\\/2026\\\/02\\\/Redaccion-2-96x96.png\",\"url\":\"https:\\\/\\\/hojassueltas.es\\\/wp-content\\\/uploads\\\/2026\\\/02\\\/Redaccion-2-96x96.png\",\"contentUrl\":\"https:\\\/\\\/hojassueltas.es\\\/wp-content\\\/uploads\\\/2026\\\/02\\\/Redaccion-2-96x96.png\",\"caption\":\"Redacci\u00f3n\"},\"description\":\"Redacci\u00f3n de HOJAS SUELTAS\",\"url\":\"https:\\\/\\\/hojassueltas.es\\\/?author=1\"}]}<\/script>\n<!-- \/ Yoast SEO plugin. -->","yoast_head_json":{"title":"Bruno Liljefors, la Su\u00e8de sauvage | HOJAS SUELTAS Peri\u00f3dico Cultural","description":"ACTUALIDAD Francia: Nouvel artiste scandinave mis \u00e0 l\u2019honneur au Petit Palais \u00e0 Paris ! Du 1er octobre 2024 au 16 f\u00e9vrier 2025, partez en voyage \u00e0 la d\u00e9couverte de la Su\u00e8de sauvage","robots":{"index":"index","follow":"follow","max-snippet":"max-snippet:-1","max-image-preview":"max-image-preview:large","max-video-preview":"max-video-preview:-1"},"canonical":"https:\/\/hojassueltas.es\/?p=14577","og_locale":"es_ES","og_type":"article","og_title":"Bruno Liljefors, la Su\u00e8de sauvage | HOJAS SUELTAS Peri\u00f3dico Cultural","og_description":"ACTUALIDAD Francia: Nouvel artiste scandinave mis \u00e0 l\u2019honneur au Petit Palais \u00e0 Paris ! Du 1er octobre 2024 au 16 f\u00e9vrier 2025, partez en voyage \u00e0 la d\u00e9couverte de la Su\u00e8de sauvage","og_url":"https:\/\/hojassueltas.es\/?p=14577","og_site_name":"HOJAS SUELTAS Peri\u00f3dico Cultural","article_published_time":"2024-10-06T22:00:49+00:00","article_modified_time":"2025-07-21T09:02:56+00:00","og_image":[{"width":1050,"height":610,"url":"https:\/\/hojassueltas.es\/wp-content\/uploads\/2024\/10\/Bruno_HS.png","type":"image\/png"}],"author":"Redacci\u00f3n","twitter_card":"summary_large_image","twitter_creator":"@HOJASSUELTAS22","twitter_site":"@HOJASSUELTAS22","twitter_misc":{"Escrito por":"Redacci\u00f3n","Tiempo de lectura":"4 minutos"},"schema":{"@context":"https:\/\/schema.org","@graph":[{"@type":["Article","BlogPosting"],"@id":"https:\/\/hojassueltas.es\/?p=14577#article","isPartOf":{"@id":"https:\/\/hojassueltas.es\/?p=14577"},"author":{"name":"Redacci\u00f3n","@id":"https:\/\/hojassueltas.es\/#\/schema\/person\/f232bbdb834c61c90aff2245daa401c0"},"headline":"Bruno Liljefors, la Su\u00e8de sauvage","datePublished":"2024-10-06T22:00:49+00:00","dateModified":"2025-07-21T09:02:56+00:00","mainEntityOfPage":{"@id":"https:\/\/hojassueltas.es\/?p=14577"},"wordCount":821,"commentCount":0,"publisher":{"@id":"https:\/\/hojassueltas.es\/#organization"},"image":{"@id":"https:\/\/hojassueltas.es\/?p=14577#primaryimage"},"thumbnailUrl":"https:\/\/hojassueltas.es\/wp-content\/uploads\/2024\/10\/Bruno_HS.png","articleSection":["PANORAMA CULTURAL"],"inLanguage":"es","potentialAction":[{"@type":"CommentAction","name":"Comment","target":["https:\/\/hojassueltas.es\/?p=14577#respond"]}]},{"@type":"WebPage","@id":"https:\/\/hojassueltas.es\/?p=14577","url":"https:\/\/hojassueltas.es\/?p=14577","name":"Bruno Liljefors, la Su\u00e8de sauvage | HOJAS SUELTAS Peri\u00f3dico Cultural","isPartOf":{"@id":"https:\/\/hojassueltas.es\/#website"},"primaryImageOfPage":{"@id":"https:\/\/hojassueltas.es\/?p=14577#primaryimage"},"image":{"@id":"https:\/\/hojassueltas.es\/?p=14577#primaryimage"},"thumbnailUrl":"https:\/\/hojassueltas.es\/wp-content\/uploads\/2024\/10\/Bruno_HS.png","datePublished":"2024-10-06T22:00:49+00:00","dateModified":"2025-07-21T09:02:56+00:00","description":"ACTUALIDAD Francia: Nouvel artiste scandinave mis \u00e0 l\u2019honneur au Petit Palais \u00e0 Paris ! Du 1er octobre 2024 au 16 f\u00e9vrier 2025, partez en voyage \u00e0 la d\u00e9couverte de la Su\u00e8de sauvage","breadcrumb":{"@id":"https:\/\/hojassueltas.es\/?p=14577#breadcrumb"},"inLanguage":"es","potentialAction":[{"@type":"ReadAction","target":["https:\/\/hojassueltas.es\/?p=14577"]}]},{"@type":"ImageObject","inLanguage":"es","@id":"https:\/\/hojassueltas.es\/?p=14577#primaryimage","url":"https:\/\/hojassueltas.es\/wp-content\/uploads\/2024\/10\/Bruno_HS.png","contentUrl":"https:\/\/hojassueltas.es\/wp-content\/uploads\/2024\/10\/Bruno_HS.png","width":1050,"height":610},{"@type":"BreadcrumbList","@id":"https:\/\/hojassueltas.es\/?p=14577#breadcrumb","itemListElement":[{"@type":"ListItem","position":1,"name":"Portada","item":"https:\/\/hojassueltas.es\/"},{"@type":"ListItem","position":2,"name":"Bruno Liljefors, la Su\u00e8de sauvage"}]},{"@type":"WebSite","@id":"https:\/\/hojassueltas.es\/#website","url":"https:\/\/hojassueltas.es\/","name":"HojasSueltas.es","description":"GRANADA - Peri\u00f3dico Cultural","publisher":{"@id":"https:\/\/hojassueltas.es\/#organization"},"alternateName":"H.S. Periodico Cultural","potentialAction":[{"@type":"SearchAction","target":{"@type":"EntryPoint","urlTemplate":"https:\/\/hojassueltas.es\/?s={search_term_string}"},"query-input":{"@type":"PropertyValueSpecification","valueRequired":true,"valueName":"search_term_string"}}],"inLanguage":"es"},{"@type":"Organization","@id":"https:\/\/hojassueltas.es\/#organization","name":"HOJAS SUELTAS - Peri\u00f3dico Cultural","alternateName":"HS - HOJAS SUELTAS Peri\u00f3dico Cultural","url":"https:\/\/hojassueltas.es\/","logo":{"@type":"ImageObject","inLanguage":"es","@id":"https:\/\/hojassueltas.es\/#\/schema\/logo\/image\/","url":"https:\/\/hojassueltas.es\/wp-content\/uploads\/2025\/08\/Icono-HS_2.png","contentUrl":"https:\/\/hojassueltas.es\/wp-content\/uploads\/2025\/08\/Icono-HS_2.png","width":500,"height":500,"caption":"HOJAS SUELTAS - Peri\u00f3dico Cultural"},"image":{"@id":"https:\/\/hojassueltas.es\/#\/schema\/logo\/image\/"},"sameAs":["https:\/\/x.com\/HOJASSUELTAS22"]},{"@type":"Person","@id":"https:\/\/hojassueltas.es\/#\/schema\/person\/f232bbdb834c61c90aff2245daa401c0","name":"Redacci\u00f3n","image":{"@type":"ImageObject","inLanguage":"es","@id":"https:\/\/hojassueltas.es\/wp-content\/uploads\/2026\/02\/Redaccion-2-96x96.png","url":"https:\/\/hojassueltas.es\/wp-content\/uploads\/2026\/02\/Redaccion-2-96x96.png","contentUrl":"https:\/\/hojassueltas.es\/wp-content\/uploads\/2026\/02\/Redaccion-2-96x96.png","caption":"Redacci\u00f3n"},"description":"Redacci\u00f3n de HOJAS SUELTAS","url":"https:\/\/hojassueltas.es\/?author=1"}]}},"_links":{"self":[{"href":"https:\/\/hojassueltas.es\/index.php?rest_route=\/wp\/v2\/posts\/14577","targetHints":{"allow":["GET"]}}],"collection":[{"href":"https:\/\/hojassueltas.es\/index.php?rest_route=\/wp\/v2\/posts"}],"about":[{"href":"https:\/\/hojassueltas.es\/index.php?rest_route=\/wp\/v2\/types\/post"}],"author":[{"embeddable":true,"href":"https:\/\/hojassueltas.es\/index.php?rest_route=\/wp\/v2\/users\/1"}],"replies":[{"embeddable":true,"href":"https:\/\/hojassueltas.es\/index.php?rest_route=%2Fwp%2Fv2%2Fcomments&post=14577"}],"version-history":[{"count":1,"href":"https:\/\/hojassueltas.es\/index.php?rest_route=\/wp\/v2\/posts\/14577\/revisions"}],"predecessor-version":[{"id":14580,"href":"https:\/\/hojassueltas.es\/index.php?rest_route=\/wp\/v2\/posts\/14577\/revisions\/14580"}],"wp:featuredmedia":[{"embeddable":true,"href":"https:\/\/hojassueltas.es\/index.php?rest_route=\/wp\/v2\/media\/14581"}],"wp:attachment":[{"href":"https:\/\/hojassueltas.es\/index.php?rest_route=%2Fwp%2Fv2%2Fmedia&parent=14577"}],"wp:term":[{"taxonomy":"category","embeddable":true,"href":"https:\/\/hojassueltas.es\/index.php?rest_route=%2Fwp%2Fv2%2Fcategories&post=14577"},{"taxonomy":"post_tag","embeddable":true,"href":"https:\/\/hojassueltas.es\/index.php?rest_route=%2Fwp%2Fv2%2Ftags&post=14577"}],"curies":[{"name":"wp","href":"https:\/\/api.w.org\/{rel}","templated":true}]}}