{"id":14525,"date":"2024-09-30T00:00:15","date_gmt":"2024-09-29T22:00:15","guid":{"rendered":"https:\/\/hojassueltas.es\/?p=14525"},"modified":"2025-12-11T17:18:47","modified_gmt":"2025-12-11T15:18:47","slug":"guardianes-de-la-ahambra-de-carolina-molina","status":"publish","type":"post","link":"https:\/\/hojassueltas.es\/?p=14525","title":{"rendered":"Guardianes de la Alhambra, de Carolina Molina"},"content":{"rendered":"<p><span style=\"font-family: impact, sans-serif;\">Recomienda:\u00a0 Valent\u00edn Castro<\/span><\/p>\n<p style=\"text-align: justify;\">Si alguna vez os hab\u00e9is dejado cautivar por la magia de la Alhambra y sus historias, <em>Guardianes de la Alhambra<\/em> es una novela que no pod\u00e9is perderos. Carolina Molina consigue llevarnos de la mano a la Granada de 1829, un tiempo en el que Washington Irving se instala en la fortaleza y se enamora perdidamente de su misterio. Pero este libro no se centra solo en \u00e9l, sino en aquellos personajes an\u00f3nimos, como el joven pintor Manuel Cid, que dedicaron su vida a proteger el legado de la Alhambra y compartir su esplendor con todos los viajeros rom\u00e1nticos que llegaban fascinados por sus relatos.<\/p>\n<p style=\"text-align: justify;\">Lo que m\u00e1s me atrap\u00f3 de esta novela es c\u00f3mo Molina logra mezclar con maestr\u00eda la realidad hist\u00f3rica con la ficci\u00f3n, haci\u00e9ndonos part\u00edcipes de las conversaciones entre Cid y personalidades como M\u00e9rim\u00e9e, Gautier o Dumas. Es como estar en medio de esas tertulias, observando c\u00f3mo la Alhambra se convierte en el epicentro de la creaci\u00f3n literaria de la \u00e9poca. Adem\u00e1s, la autora nos regala descripciones tan v\u00edvidas y detalladas que uno casi puede sentir la brisa fresca entre los muros y el aroma de sus jardines.<\/p>\n<p style=\"text-align: justify;\">Recomiendo <em>Guardianes de la Alhambra<\/em> a todo aquel que quiera descubrir la Alhambra desde una perspectiva diferente, acompa\u00f1ando a los artistas que la inmortalizaron con su pluma y a los guardianes que la defendieron con su pasi\u00f3n. Es un relato cargado de historia y sensibilidad, que nos recuerda que la verdadera magia de la Alhambra no reside solo en sus piedras, sino en las personas que han sabido ver m\u00e1s all\u00e1 de ellas.<\/p>\n<p>Datos del libro:\u00a0 <a href=\"https:\/\/www.casadellibro.com\/libro-guardianes-de-la-alhambra\/9788419274465\/14360850?awc=21491_1727508282_b6a323c2eaecff394bfdaae026bbe066&amp;utm_source=awin&amp;utm_campaign=624709&amp;utm_medium=afiliados&amp;utm_content=Twenga+CSS\"><span style=\"color: #0000ff;\"><strong>Comprar ejemplar<\/strong><\/span><\/a><\/p>\n<div class=\"campo d-grid my-2 svelte-1nm9gj6\" data-campo=\"Editorial\"><b>Editorial:<\/b><span class=\"truncate-text lines-2\">Editorial Baker Street<\/span><\/div>\n<div class=\"campo d-grid my-2 svelte-1nm9gj6\" data-campo=\"ISBN\"><b>ISBN:<\/b><span class=\"truncate-text lines-2\">9788419274465<\/span><\/div>\n<div class=\"campo d-grid my-2 svelte-1nm9gj6\" data-campo=\"N\u00famero de p\u00e1ginas\"><b>N\u00famero de p\u00e1ginas:<\/b><span class=\"truncate-text lines-2\">420<\/span><\/div>\n<div data-campo=\"N\u00famero de p\u00e1ginas\"><\/div>\n<div data-campo=\"N\u00famero de p\u00e1ginas\"><span style=\"font-family: impact, sans-serif;\">\u00a9 Valent\u00edn Castro<\/span><\/div>\n","protected":false},"excerpt":{"rendered":"<p>Recomienda:\u00a0 Valent\u00edn Castro Si alguna vez os hab\u00e9is dejado cautivar por la magia de la Alhambra y sus historias, Guardianes de la Alhambra es una novela que no pod\u00e9is perderos. Carolina Molina consigue llevarnos de la mano a la Granada de 1829, un tiempo en el que Washington Irving se instala en la fortaleza y [&hellip;]<\/p>\n","protected":false},"author":62,"featured_media":14526,"comment_status":"open","ping_status":"closed","sticky":false,"template":"","format":"standard","meta":{"footnotes":""},"categories":[1124],"tags":[1268,1458],"class_list":{"0":"post-14525","1":"post","2":"type-post","3":"status-publish","4":"format-standard","5":"has-post-thumbnail","7":"category-por-que-leer","8":"tag-carolina-molina","9":"tag-valentin-castro"},"yoast_head":"<!-- This site is optimized with the Yoast SEO plugin v27.4 - https:\/\/yoast.com\/product\/yoast-seo-wordpress\/ -->\n<title>Guardianes de la Alhambra, de Carolina Molina | HOJAS SUELTAS Peri\u00f3dico Cultural<\/title>\n<meta name=\"description\" content=\"EL LECTOR RECOMIENDA. Valent\u00edn Castro recomienda la lectura de una novela hist\u00f3rica a todo aquel que quiera descubrir la Alhambra desde una perspectiva diferente\" \/>\n<meta name=\"robots\" content=\"index, follow, max-snippet:-1, max-image-preview:large, max-video-preview:-1\" \/>\n<link rel=\"canonical\" href=\"https:\/\/hojassueltas.es\/?p=14525\" \/>\n<meta property=\"og:locale\" content=\"es_ES\" \/>\n<meta property=\"og:type\" content=\"article\" \/>\n<meta property=\"og:title\" content=\"Guardianes de la Alhambra, de Carolina Molina | HOJAS SUELTAS Peri\u00f3dico Cultural\" \/>\n<meta property=\"og:description\" content=\"EL LECTOR RECOMIENDA. Valent\u00edn Castro recomienda la lectura de una novela hist\u00f3rica a todo aquel que quiera descubrir la Alhambra desde una perspectiva diferente\" \/>\n<meta property=\"og:url\" content=\"https:\/\/hojassueltas.es\/?p=14525\" \/>\n<meta property=\"og:site_name\" content=\"HOJAS SUELTAS Peri\u00f3dico Cultural\" \/>\n<meta property=\"article:published_time\" content=\"2024-09-29T22:00:15+00:00\" \/>\n<meta property=\"article:modified_time\" content=\"2025-12-11T15:18:47+00:00\" \/>\n<meta property=\"og:image\" content=\"https:\/\/hojassueltas.es\/wp-content\/uploads\/2024\/09\/Guardianes-de-la-Alhambra_HS.png\" \/>\n\t<meta property=\"og:image:width\" content=\"450\" \/>\n\t<meta property=\"og:image:height\" content=\"600\" \/>\n\t<meta property=\"og:image:type\" content=\"image\/png\" \/>\n<meta name=\"author\" content=\"Valent\u00edn Castro\" \/>\n<meta name=\"twitter:card\" content=\"summary_large_image\" \/>\n<meta name=\"twitter:creator\" content=\"@HOJASSUELTAS22\" \/>\n<meta name=\"twitter:site\" content=\"@HOJASSUELTAS22\" \/>\n<meta name=\"twitter:label1\" content=\"Escrito por\" \/>\n\t<meta name=\"twitter:data1\" content=\"Valent\u00edn Castro\" \/>\n\t<meta name=\"twitter:label2\" content=\"Tiempo de lectura\" \/>\n\t<meta name=\"twitter:data2\" content=\"2 minutos\" \/>\n<script type=\"application\/ld+json\" class=\"yoast-schema-graph\">{\"@context\":\"https:\\\/\\\/schema.org\",\"@graph\":[{\"@type\":[\"Article\",\"BlogPosting\"],\"@id\":\"https:\\\/\\\/hojassueltas.es\\\/?p=14525#article\",\"isPartOf\":{\"@id\":\"https:\\\/\\\/hojassueltas.es\\\/?p=14525\"},\"author\":{\"name\":\"Valent\u00edn Castro\",\"@id\":\"https:\\\/\\\/hojassueltas.es\\\/#\\\/schema\\\/person\\\/69b100dc9b45a00e61d055b63d4278e9\"},\"headline\":\"Guardianes de la Alhambra, de Carolina Molina\",\"datePublished\":\"2024-09-29T22:00:15+00:00\",\"dateModified\":\"2025-12-11T15:18:47+00:00\",\"mainEntityOfPage\":{\"@id\":\"https:\\\/\\\/hojassueltas.es\\\/?p=14525\"},\"wordCount\":311,\"commentCount\":0,\"publisher\":{\"@id\":\"https:\\\/\\\/hojassueltas.es\\\/#organization\"},\"image\":{\"@id\":\"https:\\\/\\\/hojassueltas.es\\\/?p=14525#primaryimage\"},\"thumbnailUrl\":\"https:\\\/\\\/hojassueltas.es\\\/wp-content\\\/uploads\\\/2024\\\/09\\\/Guardianes-de-la-Alhambra_HS.png\",\"keywords\":[\"Carolina Molina\",\"Valent\u00edn Castro\"],\"articleSection\":[\"POR QU\u00c9 LEER...\"],\"inLanguage\":\"es\",\"potentialAction\":[{\"@type\":\"CommentAction\",\"name\":\"Comment\",\"target\":[\"https:\\\/\\\/hojassueltas.es\\\/?p=14525#respond\"]}]},{\"@type\":\"WebPage\",\"@id\":\"https:\\\/\\\/hojassueltas.es\\\/?p=14525\",\"url\":\"https:\\\/\\\/hojassueltas.es\\\/?p=14525\",\"name\":\"Guardianes de la Alhambra, de Carolina Molina | HOJAS SUELTAS Peri\u00f3dico Cultural\",\"isPartOf\":{\"@id\":\"https:\\\/\\\/hojassueltas.es\\\/#website\"},\"primaryImageOfPage\":{\"@id\":\"https:\\\/\\\/hojassueltas.es\\\/?p=14525#primaryimage\"},\"image\":{\"@id\":\"https:\\\/\\\/hojassueltas.es\\\/?p=14525#primaryimage\"},\"thumbnailUrl\":\"https:\\\/\\\/hojassueltas.es\\\/wp-content\\\/uploads\\\/2024\\\/09\\\/Guardianes-de-la-Alhambra_HS.png\",\"datePublished\":\"2024-09-29T22:00:15+00:00\",\"dateModified\":\"2025-12-11T15:18:47+00:00\",\"description\":\"EL LECTOR RECOMIENDA. Valent\u00edn Castro recomienda la lectura de una novela hist\u00f3rica a todo aquel que quiera descubrir la Alhambra desde una perspectiva diferente\",\"breadcrumb\":{\"@id\":\"https:\\\/\\\/hojassueltas.es\\\/?p=14525#breadcrumb\"},\"inLanguage\":\"es\",\"potentialAction\":[{\"@type\":\"ReadAction\",\"target\":[\"https:\\\/\\\/hojassueltas.es\\\/?p=14525\"]}]},{\"@type\":\"ImageObject\",\"inLanguage\":\"es\",\"@id\":\"https:\\\/\\\/hojassueltas.es\\\/?p=14525#primaryimage\",\"url\":\"https:\\\/\\\/hojassueltas.es\\\/wp-content\\\/uploads\\\/2024\\\/09\\\/Guardianes-de-la-Alhambra_HS.png\",\"contentUrl\":\"https:\\\/\\\/hojassueltas.es\\\/wp-content\\\/uploads\\\/2024\\\/09\\\/Guardianes-de-la-Alhambra_HS.png\",\"width\":450,\"height\":600},{\"@type\":\"BreadcrumbList\",\"@id\":\"https:\\\/\\\/hojassueltas.es\\\/?p=14525#breadcrumb\",\"itemListElement\":[{\"@type\":\"ListItem\",\"position\":1,\"name\":\"Portada\",\"item\":\"https:\\\/\\\/hojassueltas.es\\\/\"},{\"@type\":\"ListItem\",\"position\":2,\"name\":\"Guardianes de la Alhambra, de Carolina Molina\"}]},{\"@type\":\"WebSite\",\"@id\":\"https:\\\/\\\/hojassueltas.es\\\/#website\",\"url\":\"https:\\\/\\\/hojassueltas.es\\\/\",\"name\":\"HojasSueltas.es\",\"description\":\"GRANADA - Peri\u00f3dico Cultural\",\"publisher\":{\"@id\":\"https:\\\/\\\/hojassueltas.es\\\/#organization\"},\"alternateName\":\"H.S. Periodico Cultural\",\"potentialAction\":[{\"@type\":\"SearchAction\",\"target\":{\"@type\":\"EntryPoint\",\"urlTemplate\":\"https:\\\/\\\/hojassueltas.es\\\/?s={search_term_string}\"},\"query-input\":{\"@type\":\"PropertyValueSpecification\",\"valueRequired\":true,\"valueName\":\"search_term_string\"}}],\"inLanguage\":\"es\"},{\"@type\":\"Organization\",\"@id\":\"https:\\\/\\\/hojassueltas.es\\\/#organization\",\"name\":\"HOJAS SUELTAS - Peri\u00f3dico Cultural\",\"alternateName\":\"HS - HOJAS SUELTAS Peri\u00f3dico Cultural\",\"url\":\"https:\\\/\\\/hojassueltas.es\\\/\",\"logo\":{\"@type\":\"ImageObject\",\"inLanguage\":\"es\",\"@id\":\"https:\\\/\\\/hojassueltas.es\\\/#\\\/schema\\\/logo\\\/image\\\/\",\"url\":\"https:\\\/\\\/hojassueltas.es\\\/wp-content\\\/uploads\\\/2025\\\/08\\\/Icono-HS_2.png\",\"contentUrl\":\"https:\\\/\\\/hojassueltas.es\\\/wp-content\\\/uploads\\\/2025\\\/08\\\/Icono-HS_2.png\",\"width\":500,\"height\":500,\"caption\":\"HOJAS SUELTAS - Peri\u00f3dico Cultural\"},\"image\":{\"@id\":\"https:\\\/\\\/hojassueltas.es\\\/#\\\/schema\\\/logo\\\/image\\\/\"},\"sameAs\":[\"https:\\\/\\\/x.com\\\/HOJASSUELTAS22\"]},{\"@type\":\"Person\",\"@id\":\"https:\\\/\\\/hojassueltas.es\\\/#\\\/schema\\\/person\\\/69b100dc9b45a00e61d055b63d4278e9\",\"name\":\"Valent\u00edn Castro\",\"image\":{\"@type\":\"ImageObject\",\"inLanguage\":\"es\",\"@id\":\"https:\\\/\\\/hojassueltas.es\\\/wp-content\\\/uploads\\\/2025\\\/11\\\/Valentin-Castro-2025-96x96.png\",\"url\":\"https:\\\/\\\/hojassueltas.es\\\/wp-content\\\/uploads\\\/2025\\\/11\\\/Valentin-Castro-2025-96x96.png\",\"contentUrl\":\"https:\\\/\\\/hojassueltas.es\\\/wp-content\\\/uploads\\\/2025\\\/11\\\/Valentin-Castro-2025-96x96.png\",\"caption\":\"Valent\u00edn Castro\"},\"description\":\"Naci\u00f3 en una aldea de A Coru\u00f1a. Emigra con sus padres a M\u00e9jico. Licenciado en Comunicaci\u00f3n y Periodismo por la Universidad Nacional Aut\u00f3noma de M\u00e9xico. Licenciado en Geograf\u00eda e Historia por la Universidad Complutense de Madrid. Vive en Madrid, publica art\u00edculos y ensayos en diversos medios de comunicaci\u00f3n mejicanos y espa\u00f1oles bajo varios seud\u00f3nimos. Actualmente prepara una saga con personajes nacidos durante la ocupaci\u00f3n de M\u00e9xico por Hern\u00e1n Cort\u00e9s. Sus art\u00edculos y ensayos son efectistas, en ocasiones c\u00e1ustico, y muy cr\u00edtico. ES Redactor Jefe de Hojas Sueltas, dedicando su tiempo libre a escribir art\u00edculos con especial dedicaci\u00f3n a la literatura y la historia.\",\"url\":\"https:\\\/\\\/hojassueltas.es\\\/?author=62\"}]}<\/script>\n<!-- \/ Yoast SEO plugin. -->","yoast_head_json":{"title":"Guardianes de la Alhambra, de Carolina Molina | HOJAS SUELTAS Peri\u00f3dico Cultural","description":"EL LECTOR RECOMIENDA. Valent\u00edn Castro recomienda la lectura de una novela hist\u00f3rica a todo aquel que quiera descubrir la Alhambra desde una perspectiva diferente","robots":{"index":"index","follow":"follow","max-snippet":"max-snippet:-1","max-image-preview":"max-image-preview:large","max-video-preview":"max-video-preview:-1"},"canonical":"https:\/\/hojassueltas.es\/?p=14525","og_locale":"es_ES","og_type":"article","og_title":"Guardianes de la Alhambra, de Carolina Molina | HOJAS SUELTAS Peri\u00f3dico Cultural","og_description":"EL LECTOR RECOMIENDA. Valent\u00edn Castro recomienda la lectura de una novela hist\u00f3rica a todo aquel que quiera descubrir la Alhambra desde una perspectiva diferente","og_url":"https:\/\/hojassueltas.es\/?p=14525","og_site_name":"HOJAS SUELTAS Peri\u00f3dico Cultural","article_published_time":"2024-09-29T22:00:15+00:00","article_modified_time":"2025-12-11T15:18:47+00:00","og_image":[{"width":450,"height":600,"url":"https:\/\/hojassueltas.es\/wp-content\/uploads\/2024\/09\/Guardianes-de-la-Alhambra_HS.png","type":"image\/png"}],"author":"Valent\u00edn Castro","twitter_card":"summary_large_image","twitter_creator":"@HOJASSUELTAS22","twitter_site":"@HOJASSUELTAS22","twitter_misc":{"Escrito por":"Valent\u00edn Castro","Tiempo de lectura":"2 minutos"},"schema":{"@context":"https:\/\/schema.org","@graph":[{"@type":["Article","BlogPosting"],"@id":"https:\/\/hojassueltas.es\/?p=14525#article","isPartOf":{"@id":"https:\/\/hojassueltas.es\/?p=14525"},"author":{"name":"Valent\u00edn Castro","@id":"https:\/\/hojassueltas.es\/#\/schema\/person\/69b100dc9b45a00e61d055b63d4278e9"},"headline":"Guardianes de la Alhambra, de Carolina Molina","datePublished":"2024-09-29T22:00:15+00:00","dateModified":"2025-12-11T15:18:47+00:00","mainEntityOfPage":{"@id":"https:\/\/hojassueltas.es\/?p=14525"},"wordCount":311,"commentCount":0,"publisher":{"@id":"https:\/\/hojassueltas.es\/#organization"},"image":{"@id":"https:\/\/hojassueltas.es\/?p=14525#primaryimage"},"thumbnailUrl":"https:\/\/hojassueltas.es\/wp-content\/uploads\/2024\/09\/Guardianes-de-la-Alhambra_HS.png","keywords":["Carolina Molina","Valent\u00edn Castro"],"articleSection":["POR QU\u00c9 LEER..."],"inLanguage":"es","potentialAction":[{"@type":"CommentAction","name":"Comment","target":["https:\/\/hojassueltas.es\/?p=14525#respond"]}]},{"@type":"WebPage","@id":"https:\/\/hojassueltas.es\/?p=14525","url":"https:\/\/hojassueltas.es\/?p=14525","name":"Guardianes de la Alhambra, de Carolina Molina | HOJAS SUELTAS Peri\u00f3dico Cultural","isPartOf":{"@id":"https:\/\/hojassueltas.es\/#website"},"primaryImageOfPage":{"@id":"https:\/\/hojassueltas.es\/?p=14525#primaryimage"},"image":{"@id":"https:\/\/hojassueltas.es\/?p=14525#primaryimage"},"thumbnailUrl":"https:\/\/hojassueltas.es\/wp-content\/uploads\/2024\/09\/Guardianes-de-la-Alhambra_HS.png","datePublished":"2024-09-29T22:00:15+00:00","dateModified":"2025-12-11T15:18:47+00:00","description":"EL LECTOR RECOMIENDA. Valent\u00edn Castro recomienda la lectura de una novela hist\u00f3rica a todo aquel que quiera descubrir la Alhambra desde una perspectiva diferente","breadcrumb":{"@id":"https:\/\/hojassueltas.es\/?p=14525#breadcrumb"},"inLanguage":"es","potentialAction":[{"@type":"ReadAction","target":["https:\/\/hojassueltas.es\/?p=14525"]}]},{"@type":"ImageObject","inLanguage":"es","@id":"https:\/\/hojassueltas.es\/?p=14525#primaryimage","url":"https:\/\/hojassueltas.es\/wp-content\/uploads\/2024\/09\/Guardianes-de-la-Alhambra_HS.png","contentUrl":"https:\/\/hojassueltas.es\/wp-content\/uploads\/2024\/09\/Guardianes-de-la-Alhambra_HS.png","width":450,"height":600},{"@type":"BreadcrumbList","@id":"https:\/\/hojassueltas.es\/?p=14525#breadcrumb","itemListElement":[{"@type":"ListItem","position":1,"name":"Portada","item":"https:\/\/hojassueltas.es\/"},{"@type":"ListItem","position":2,"name":"Guardianes de la Alhambra, de Carolina Molina"}]},{"@type":"WebSite","@id":"https:\/\/hojassueltas.es\/#website","url":"https:\/\/hojassueltas.es\/","name":"HojasSueltas.es","description":"GRANADA - Peri\u00f3dico Cultural","publisher":{"@id":"https:\/\/hojassueltas.es\/#organization"},"alternateName":"H.S. Periodico Cultural","potentialAction":[{"@type":"SearchAction","target":{"@type":"EntryPoint","urlTemplate":"https:\/\/hojassueltas.es\/?s={search_term_string}"},"query-input":{"@type":"PropertyValueSpecification","valueRequired":true,"valueName":"search_term_string"}}],"inLanguage":"es"},{"@type":"Organization","@id":"https:\/\/hojassueltas.es\/#organization","name":"HOJAS SUELTAS - Peri\u00f3dico Cultural","alternateName":"HS - HOJAS SUELTAS Peri\u00f3dico Cultural","url":"https:\/\/hojassueltas.es\/","logo":{"@type":"ImageObject","inLanguage":"es","@id":"https:\/\/hojassueltas.es\/#\/schema\/logo\/image\/","url":"https:\/\/hojassueltas.es\/wp-content\/uploads\/2025\/08\/Icono-HS_2.png","contentUrl":"https:\/\/hojassueltas.es\/wp-content\/uploads\/2025\/08\/Icono-HS_2.png","width":500,"height":500,"caption":"HOJAS SUELTAS - Peri\u00f3dico Cultural"},"image":{"@id":"https:\/\/hojassueltas.es\/#\/schema\/logo\/image\/"},"sameAs":["https:\/\/x.com\/HOJASSUELTAS22"]},{"@type":"Person","@id":"https:\/\/hojassueltas.es\/#\/schema\/person\/69b100dc9b45a00e61d055b63d4278e9","name":"Valent\u00edn Castro","image":{"@type":"ImageObject","inLanguage":"es","@id":"https:\/\/hojassueltas.es\/wp-content\/uploads\/2025\/11\/Valentin-Castro-2025-96x96.png","url":"https:\/\/hojassueltas.es\/wp-content\/uploads\/2025\/11\/Valentin-Castro-2025-96x96.png","contentUrl":"https:\/\/hojassueltas.es\/wp-content\/uploads\/2025\/11\/Valentin-Castro-2025-96x96.png","caption":"Valent\u00edn Castro"},"description":"Naci\u00f3 en una aldea de A Coru\u00f1a. Emigra con sus padres a M\u00e9jico. Licenciado en Comunicaci\u00f3n y Periodismo por la Universidad Nacional Aut\u00f3noma de M\u00e9xico. Licenciado en Geograf\u00eda e Historia por la Universidad Complutense de Madrid. Vive en Madrid, publica art\u00edculos y ensayos en diversos medios de comunicaci\u00f3n mejicanos y espa\u00f1oles bajo varios seud\u00f3nimos. Actualmente prepara una saga con personajes nacidos durante la ocupaci\u00f3n de M\u00e9xico por Hern\u00e1n Cort\u00e9s. Sus art\u00edculos y ensayos son efectistas, en ocasiones c\u00e1ustico, y muy cr\u00edtico. ES Redactor Jefe de Hojas Sueltas, dedicando su tiempo libre a escribir art\u00edculos con especial dedicaci\u00f3n a la literatura y la historia.","url":"https:\/\/hojassueltas.es\/?author=62"}]}},"_links":{"self":[{"href":"https:\/\/hojassueltas.es\/index.php?rest_route=\/wp\/v2\/posts\/14525","targetHints":{"allow":["GET"]}}],"collection":[{"href":"https:\/\/hojassueltas.es\/index.php?rest_route=\/wp\/v2\/posts"}],"about":[{"href":"https:\/\/hojassueltas.es\/index.php?rest_route=\/wp\/v2\/types\/post"}],"author":[{"embeddable":true,"href":"https:\/\/hojassueltas.es\/index.php?rest_route=\/wp\/v2\/users\/62"}],"replies":[{"embeddable":true,"href":"https:\/\/hojassueltas.es\/index.php?rest_route=%2Fwp%2Fv2%2Fcomments&post=14525"}],"version-history":[{"count":2,"href":"https:\/\/hojassueltas.es\/index.php?rest_route=\/wp\/v2\/posts\/14525\/revisions"}],"predecessor-version":[{"id":14528,"href":"https:\/\/hojassueltas.es\/index.php?rest_route=\/wp\/v2\/posts\/14525\/revisions\/14528"}],"wp:featuredmedia":[{"embeddable":true,"href":"https:\/\/hojassueltas.es\/index.php?rest_route=\/wp\/v2\/media\/14526"}],"wp:attachment":[{"href":"https:\/\/hojassueltas.es\/index.php?rest_route=%2Fwp%2Fv2%2Fmedia&parent=14525"}],"wp:term":[{"taxonomy":"category","embeddable":true,"href":"https:\/\/hojassueltas.es\/index.php?rest_route=%2Fwp%2Fv2%2Fcategories&post=14525"},{"taxonomy":"post_tag","embeddable":true,"href":"https:\/\/hojassueltas.es\/index.php?rest_route=%2Fwp%2Fv2%2Ftags&post=14525"}],"curies":[{"name":"wp","href":"https:\/\/api.w.org\/{rel}","templated":true}]}}