{"id":14489,"date":"2024-10-14T00:00:54","date_gmt":"2024-10-13T22:00:54","guid":{"rendered":"https:\/\/hojassueltas.es\/?p=14489"},"modified":"2025-07-21T10:02:11","modified_gmt":"2025-07-21T09:02:11","slug":"sabias-que-max-aub-nacio-en-paris-y-se-nacionalizo-espanol","status":"publish","type":"post","link":"https:\/\/hojassueltas.es\/?p=14489","title":{"rendered":"Sab\u00edas que&#8230; Max Aub naci\u00f3 en Par\u00eds y se nacionaliz\u00f3 espa\u00f1ol"},"content":{"rendered":"<p>Max Aub, autor clave de la literatura espa\u00f1ola del siglo XX, escribi\u00f3 gran parte de su obra en el exilio, tras la Guerra Civil Espa\u00f1ola. Aub naci\u00f3 en Par\u00eds de padres alemanes, pero se nacionaliz\u00f3 espa\u00f1ol y vivi\u00f3 en Espa\u00f1a hasta que la guerra lo oblig\u00f3 a huir al exilio. Su serie de novelas \u00abEl laberinto m\u00e1gico\u00bb, considerada su obra cumbre, narra los horrores de la guerra y el exilio desde m\u00faltiples perspectivas. Aunque fue ignorado por la cr\u00edtica durante muchos a\u00f1os, en las \u00faltimas d\u00e9cadas ha sido redescubierto y reconocido como una de las figuras literarias m\u00e1s importantes del siglo XX.<\/p>\n<p><span style=\"font-family: impact, sans-serif;\">\u00a9 Redacci\u00f3n<\/span><\/p>\n","protected":false},"excerpt":{"rendered":"<p>Max Aub, autor clave de la literatura espa\u00f1ola del siglo XX, escribi\u00f3 gran parte de su obra en el exilio, tras la Guerra Civil Espa\u00f1ola. Aub naci\u00f3 en Par\u00eds de padres alemanes, pero se nacionaliz\u00f3 espa\u00f1ol y vivi\u00f3 en Espa\u00f1a hasta que la guerra lo oblig\u00f3 a huir al exilio. Su serie de novelas \u00abEl [&hellip;]<\/p>\n","protected":false},"author":1,"featured_media":0,"comment_status":"open","ping_status":"closed","sticky":false,"template":"","format":"standard","meta":{"footnotes":""},"categories":[32],"tags":[],"class_list":{"0":"post-14489","1":"post","2":"type-post","3":"status-publish","4":"format-standard","6":"category-panorama-cultural"},"yoast_head":"<!-- This site is optimized with the Yoast SEO plugin v27.4 - https:\/\/yoast.com\/product\/yoast-seo-wordpress\/ -->\n<title>Sab\u00edas que... Max Aub naci\u00f3 en Par\u00eds y se nacionaliz\u00f3 espa\u00f1ol | HOJAS SUELTAS Peri\u00f3dico Cultural<\/title>\n<meta name=\"description\" content=\"SAB\u00cdAS QUE...Max Aub, autor clave de la literatura espa\u00f1ola del siglo XX, escribi\u00f3 gran parte de su obra en el exilio, tras la Guerra Civil Espa\u00f1ola. Aub naci\u00f3 en Par\u00eds de padres alemanes\" \/>\n<meta name=\"robots\" content=\"index, follow, max-snippet:-1, max-image-preview:large, max-video-preview:-1\" \/>\n<link rel=\"canonical\" href=\"https:\/\/hojassueltas.es\/?p=14489\" \/>\n<meta property=\"og:locale\" content=\"es_ES\" \/>\n<meta property=\"og:type\" content=\"article\" \/>\n<meta property=\"og:title\" content=\"Sab\u00edas que... Max Aub naci\u00f3 en Par\u00eds y se nacionaliz\u00f3 espa\u00f1ol | HOJAS SUELTAS Peri\u00f3dico Cultural\" \/>\n<meta property=\"og:description\" content=\"SAB\u00cdAS QUE...Max Aub, autor clave de la literatura espa\u00f1ola del siglo XX, escribi\u00f3 gran parte de su obra en el exilio, tras la Guerra Civil Espa\u00f1ola. Aub naci\u00f3 en Par\u00eds de padres alemanes\" \/>\n<meta property=\"og:url\" content=\"https:\/\/hojassueltas.es\/?p=14489\" \/>\n<meta property=\"og:site_name\" content=\"HOJAS SUELTAS Peri\u00f3dico Cultural\" \/>\n<meta property=\"article:published_time\" content=\"2024-10-13T22:00:54+00:00\" \/>\n<meta property=\"article:modified_time\" content=\"2025-07-21T09:02:11+00:00\" \/>\n<meta property=\"og:image\" content=\"https:\/\/hojassueltas.es\/wp-content\/uploads\/2025\/09\/Hojas-Sueltas_Logo-III_trans.png\" \/>\n\t<meta property=\"og:image:width\" content=\"485\" \/>\n\t<meta property=\"og:image:height\" content=\"80\" \/>\n\t<meta property=\"og:image:type\" content=\"image\/png\" \/>\n<meta name=\"author\" content=\"Redacci\u00f3n\" \/>\n<meta name=\"twitter:card\" content=\"summary_large_image\" \/>\n<meta name=\"twitter:creator\" content=\"@HOJASSUELTAS22\" \/>\n<meta name=\"twitter:site\" content=\"@HOJASSUELTAS22\" \/>\n<meta name=\"twitter:label1\" content=\"Escrito por\" \/>\n\t<meta name=\"twitter:data1\" content=\"Redacci\u00f3n\" \/>\n\t<meta name=\"twitter:label2\" content=\"Tiempo de lectura\" \/>\n\t<meta name=\"twitter:data2\" content=\"1 minuto\" \/>\n<script type=\"application\/ld+json\" class=\"yoast-schema-graph\">{\"@context\":\"https:\\\/\\\/schema.org\",\"@graph\":[{\"@type\":[\"Article\",\"BlogPosting\"],\"@id\":\"https:\\\/\\\/hojassueltas.es\\\/?p=14489#article\",\"isPartOf\":{\"@id\":\"https:\\\/\\\/hojassueltas.es\\\/?p=14489\"},\"author\":{\"name\":\"Redacci\u00f3n\",\"@id\":\"https:\\\/\\\/hojassueltas.es\\\/#\\\/schema\\\/person\\\/f232bbdb834c61c90aff2245daa401c0\"},\"headline\":\"Sab\u00edas que&#8230; Max Aub naci\u00f3 en Par\u00eds y se nacionaliz\u00f3 espa\u00f1ol\",\"datePublished\":\"2024-10-13T22:00:54+00:00\",\"dateModified\":\"2025-07-21T09:02:11+00:00\",\"mainEntityOfPage\":{\"@id\":\"https:\\\/\\\/hojassueltas.es\\\/?p=14489\"},\"wordCount\":129,\"commentCount\":0,\"publisher\":{\"@id\":\"https:\\\/\\\/hojassueltas.es\\\/#organization\"},\"articleSection\":[\"PANORAMA CULTURAL\"],\"inLanguage\":\"es\",\"potentialAction\":[{\"@type\":\"CommentAction\",\"name\":\"Comment\",\"target\":[\"https:\\\/\\\/hojassueltas.es\\\/?p=14489#respond\"]}]},{\"@type\":\"WebPage\",\"@id\":\"https:\\\/\\\/hojassueltas.es\\\/?p=14489\",\"url\":\"https:\\\/\\\/hojassueltas.es\\\/?p=14489\",\"name\":\"Sab\u00edas que... Max Aub naci\u00f3 en Par\u00eds y se nacionaliz\u00f3 espa\u00f1ol | HOJAS SUELTAS Peri\u00f3dico Cultural\",\"isPartOf\":{\"@id\":\"https:\\\/\\\/hojassueltas.es\\\/#website\"},\"datePublished\":\"2024-10-13T22:00:54+00:00\",\"dateModified\":\"2025-07-21T09:02:11+00:00\",\"description\":\"SAB\u00cdAS QUE...Max Aub, autor clave de la literatura espa\u00f1ola del siglo XX, escribi\u00f3 gran parte de su obra en el exilio, tras la Guerra Civil Espa\u00f1ola. Aub naci\u00f3 en Par\u00eds de padres alemanes\",\"breadcrumb\":{\"@id\":\"https:\\\/\\\/hojassueltas.es\\\/?p=14489#breadcrumb\"},\"inLanguage\":\"es\",\"potentialAction\":[{\"@type\":\"ReadAction\",\"target\":[\"https:\\\/\\\/hojassueltas.es\\\/?p=14489\"]}]},{\"@type\":\"BreadcrumbList\",\"@id\":\"https:\\\/\\\/hojassueltas.es\\\/?p=14489#breadcrumb\",\"itemListElement\":[{\"@type\":\"ListItem\",\"position\":1,\"name\":\"Portada\",\"item\":\"https:\\\/\\\/hojassueltas.es\\\/\"},{\"@type\":\"ListItem\",\"position\":2,\"name\":\"Sab\u00edas que&#8230; Max Aub naci\u00f3 en Par\u00eds y se nacionaliz\u00f3 espa\u00f1ol\"}]},{\"@type\":\"WebSite\",\"@id\":\"https:\\\/\\\/hojassueltas.es\\\/#website\",\"url\":\"https:\\\/\\\/hojassueltas.es\\\/\",\"name\":\"HojasSueltas.es\",\"description\":\"GRANADA - Peri\u00f3dico Cultural\",\"publisher\":{\"@id\":\"https:\\\/\\\/hojassueltas.es\\\/#organization\"},\"alternateName\":\"H.S. Periodico Cultural\",\"potentialAction\":[{\"@type\":\"SearchAction\",\"target\":{\"@type\":\"EntryPoint\",\"urlTemplate\":\"https:\\\/\\\/hojassueltas.es\\\/?s={search_term_string}\"},\"query-input\":{\"@type\":\"PropertyValueSpecification\",\"valueRequired\":true,\"valueName\":\"search_term_string\"}}],\"inLanguage\":\"es\"},{\"@type\":\"Organization\",\"@id\":\"https:\\\/\\\/hojassueltas.es\\\/#organization\",\"name\":\"HOJAS SUELTAS - Peri\u00f3dico Cultural\",\"alternateName\":\"HS - HOJAS SUELTAS Peri\u00f3dico Cultural\",\"url\":\"https:\\\/\\\/hojassueltas.es\\\/\",\"logo\":{\"@type\":\"ImageObject\",\"inLanguage\":\"es\",\"@id\":\"https:\\\/\\\/hojassueltas.es\\\/#\\\/schema\\\/logo\\\/image\\\/\",\"url\":\"https:\\\/\\\/hojassueltas.es\\\/wp-content\\\/uploads\\\/2025\\\/08\\\/Icono-HS_2.png\",\"contentUrl\":\"https:\\\/\\\/hojassueltas.es\\\/wp-content\\\/uploads\\\/2025\\\/08\\\/Icono-HS_2.png\",\"width\":500,\"height\":500,\"caption\":\"HOJAS SUELTAS - Peri\u00f3dico Cultural\"},\"image\":{\"@id\":\"https:\\\/\\\/hojassueltas.es\\\/#\\\/schema\\\/logo\\\/image\\\/\"},\"sameAs\":[\"https:\\\/\\\/x.com\\\/HOJASSUELTAS22\"]},{\"@type\":\"Person\",\"@id\":\"https:\\\/\\\/hojassueltas.es\\\/#\\\/schema\\\/person\\\/f232bbdb834c61c90aff2245daa401c0\",\"name\":\"Redacci\u00f3n\",\"image\":{\"@type\":\"ImageObject\",\"inLanguage\":\"es\",\"@id\":\"https:\\\/\\\/hojassueltas.es\\\/wp-content\\\/uploads\\\/2026\\\/02\\\/Redaccion-2-96x96.png\",\"url\":\"https:\\\/\\\/hojassueltas.es\\\/wp-content\\\/uploads\\\/2026\\\/02\\\/Redaccion-2-96x96.png\",\"contentUrl\":\"https:\\\/\\\/hojassueltas.es\\\/wp-content\\\/uploads\\\/2026\\\/02\\\/Redaccion-2-96x96.png\",\"caption\":\"Redacci\u00f3n\"},\"description\":\"Redacci\u00f3n de HOJAS SUELTAS\",\"url\":\"https:\\\/\\\/hojassueltas.es\\\/?author=1\"}]}<\/script>\n<!-- \/ Yoast SEO plugin. -->","yoast_head_json":{"title":"Sab\u00edas que... Max Aub naci\u00f3 en Par\u00eds y se nacionaliz\u00f3 espa\u00f1ol | HOJAS SUELTAS Peri\u00f3dico Cultural","description":"SAB\u00cdAS QUE...Max Aub, autor clave de la literatura espa\u00f1ola del siglo XX, escribi\u00f3 gran parte de su obra en el exilio, tras la Guerra Civil Espa\u00f1ola. Aub naci\u00f3 en Par\u00eds de padres alemanes","robots":{"index":"index","follow":"follow","max-snippet":"max-snippet:-1","max-image-preview":"max-image-preview:large","max-video-preview":"max-video-preview:-1"},"canonical":"https:\/\/hojassueltas.es\/?p=14489","og_locale":"es_ES","og_type":"article","og_title":"Sab\u00edas que... Max Aub naci\u00f3 en Par\u00eds y se nacionaliz\u00f3 espa\u00f1ol | HOJAS SUELTAS Peri\u00f3dico Cultural","og_description":"SAB\u00cdAS QUE...Max Aub, autor clave de la literatura espa\u00f1ola del siglo XX, escribi\u00f3 gran parte de su obra en el exilio, tras la Guerra Civil Espa\u00f1ola. Aub naci\u00f3 en Par\u00eds de padres alemanes","og_url":"https:\/\/hojassueltas.es\/?p=14489","og_site_name":"HOJAS SUELTAS Peri\u00f3dico Cultural","article_published_time":"2024-10-13T22:00:54+00:00","article_modified_time":"2025-07-21T09:02:11+00:00","og_image":[{"width":485,"height":80,"url":"https:\/\/hojassueltas.es\/wp-content\/uploads\/2025\/09\/Hojas-Sueltas_Logo-III_trans.png","type":"image\/png"}],"author":"Redacci\u00f3n","twitter_card":"summary_large_image","twitter_creator":"@HOJASSUELTAS22","twitter_site":"@HOJASSUELTAS22","twitter_misc":{"Escrito por":"Redacci\u00f3n","Tiempo de lectura":"1 minuto"},"schema":{"@context":"https:\/\/schema.org","@graph":[{"@type":["Article","BlogPosting"],"@id":"https:\/\/hojassueltas.es\/?p=14489#article","isPartOf":{"@id":"https:\/\/hojassueltas.es\/?p=14489"},"author":{"name":"Redacci\u00f3n","@id":"https:\/\/hojassueltas.es\/#\/schema\/person\/f232bbdb834c61c90aff2245daa401c0"},"headline":"Sab\u00edas que&#8230; Max Aub naci\u00f3 en Par\u00eds y se nacionaliz\u00f3 espa\u00f1ol","datePublished":"2024-10-13T22:00:54+00:00","dateModified":"2025-07-21T09:02:11+00:00","mainEntityOfPage":{"@id":"https:\/\/hojassueltas.es\/?p=14489"},"wordCount":129,"commentCount":0,"publisher":{"@id":"https:\/\/hojassueltas.es\/#organization"},"articleSection":["PANORAMA CULTURAL"],"inLanguage":"es","potentialAction":[{"@type":"CommentAction","name":"Comment","target":["https:\/\/hojassueltas.es\/?p=14489#respond"]}]},{"@type":"WebPage","@id":"https:\/\/hojassueltas.es\/?p=14489","url":"https:\/\/hojassueltas.es\/?p=14489","name":"Sab\u00edas que... Max Aub naci\u00f3 en Par\u00eds y se nacionaliz\u00f3 espa\u00f1ol | HOJAS SUELTAS Peri\u00f3dico Cultural","isPartOf":{"@id":"https:\/\/hojassueltas.es\/#website"},"datePublished":"2024-10-13T22:00:54+00:00","dateModified":"2025-07-21T09:02:11+00:00","description":"SAB\u00cdAS QUE...Max Aub, autor clave de la literatura espa\u00f1ola del siglo XX, escribi\u00f3 gran parte de su obra en el exilio, tras la Guerra Civil Espa\u00f1ola. Aub naci\u00f3 en Par\u00eds de padres alemanes","breadcrumb":{"@id":"https:\/\/hojassueltas.es\/?p=14489#breadcrumb"},"inLanguage":"es","potentialAction":[{"@type":"ReadAction","target":["https:\/\/hojassueltas.es\/?p=14489"]}]},{"@type":"BreadcrumbList","@id":"https:\/\/hojassueltas.es\/?p=14489#breadcrumb","itemListElement":[{"@type":"ListItem","position":1,"name":"Portada","item":"https:\/\/hojassueltas.es\/"},{"@type":"ListItem","position":2,"name":"Sab\u00edas que&#8230; Max Aub naci\u00f3 en Par\u00eds y se nacionaliz\u00f3 espa\u00f1ol"}]},{"@type":"WebSite","@id":"https:\/\/hojassueltas.es\/#website","url":"https:\/\/hojassueltas.es\/","name":"HojasSueltas.es","description":"GRANADA - Peri\u00f3dico Cultural","publisher":{"@id":"https:\/\/hojassueltas.es\/#organization"},"alternateName":"H.S. Periodico Cultural","potentialAction":[{"@type":"SearchAction","target":{"@type":"EntryPoint","urlTemplate":"https:\/\/hojassueltas.es\/?s={search_term_string}"},"query-input":{"@type":"PropertyValueSpecification","valueRequired":true,"valueName":"search_term_string"}}],"inLanguage":"es"},{"@type":"Organization","@id":"https:\/\/hojassueltas.es\/#organization","name":"HOJAS SUELTAS - Peri\u00f3dico Cultural","alternateName":"HS - HOJAS SUELTAS Peri\u00f3dico Cultural","url":"https:\/\/hojassueltas.es\/","logo":{"@type":"ImageObject","inLanguage":"es","@id":"https:\/\/hojassueltas.es\/#\/schema\/logo\/image\/","url":"https:\/\/hojassueltas.es\/wp-content\/uploads\/2025\/08\/Icono-HS_2.png","contentUrl":"https:\/\/hojassueltas.es\/wp-content\/uploads\/2025\/08\/Icono-HS_2.png","width":500,"height":500,"caption":"HOJAS SUELTAS - Peri\u00f3dico Cultural"},"image":{"@id":"https:\/\/hojassueltas.es\/#\/schema\/logo\/image\/"},"sameAs":["https:\/\/x.com\/HOJASSUELTAS22"]},{"@type":"Person","@id":"https:\/\/hojassueltas.es\/#\/schema\/person\/f232bbdb834c61c90aff2245daa401c0","name":"Redacci\u00f3n","image":{"@type":"ImageObject","inLanguage":"es","@id":"https:\/\/hojassueltas.es\/wp-content\/uploads\/2026\/02\/Redaccion-2-96x96.png","url":"https:\/\/hojassueltas.es\/wp-content\/uploads\/2026\/02\/Redaccion-2-96x96.png","contentUrl":"https:\/\/hojassueltas.es\/wp-content\/uploads\/2026\/02\/Redaccion-2-96x96.png","caption":"Redacci\u00f3n"},"description":"Redacci\u00f3n de HOJAS SUELTAS","url":"https:\/\/hojassueltas.es\/?author=1"}]}},"_links":{"self":[{"href":"https:\/\/hojassueltas.es\/index.php?rest_route=\/wp\/v2\/posts\/14489","targetHints":{"allow":["GET"]}}],"collection":[{"href":"https:\/\/hojassueltas.es\/index.php?rest_route=\/wp\/v2\/posts"}],"about":[{"href":"https:\/\/hojassueltas.es\/index.php?rest_route=\/wp\/v2\/types\/post"}],"author":[{"embeddable":true,"href":"https:\/\/hojassueltas.es\/index.php?rest_route=\/wp\/v2\/users\/1"}],"replies":[{"embeddable":true,"href":"https:\/\/hojassueltas.es\/index.php?rest_route=%2Fwp%2Fv2%2Fcomments&post=14489"}],"version-history":[{"count":1,"href":"https:\/\/hojassueltas.es\/index.php?rest_route=\/wp\/v2\/posts\/14489\/revisions"}],"predecessor-version":[{"id":14490,"href":"https:\/\/hojassueltas.es\/index.php?rest_route=\/wp\/v2\/posts\/14489\/revisions\/14490"}],"wp:attachment":[{"href":"https:\/\/hojassueltas.es\/index.php?rest_route=%2Fwp%2Fv2%2Fmedia&parent=14489"}],"wp:term":[{"taxonomy":"category","embeddable":true,"href":"https:\/\/hojassueltas.es\/index.php?rest_route=%2Fwp%2Fv2%2Fcategories&post=14489"},{"taxonomy":"post_tag","embeddable":true,"href":"https:\/\/hojassueltas.es\/index.php?rest_route=%2Fwp%2Fv2%2Ftags&post=14489"}],"curies":[{"name":"wp","href":"https:\/\/api.w.org\/{rel}","templated":true}]}}