{"id":14352,"date":"2024-09-27T00:00:25","date_gmt":"2024-09-26T22:00:25","guid":{"rendered":"https:\/\/hojassueltas.es\/?p=14352"},"modified":"2025-10-18T11:04:52","modified_gmt":"2025-10-18T09:04:52","slug":"la-casa-limon-infancia-y-dictadura-en-la-rumania-de-ceausescu","status":"publish","type":"post","link":"https:\/\/hojassueltas.es\/?p=14352","title":{"rendered":"\u00abLa casa lim\u00f3n\u00bb: infancia y dictadura en la Ruman\u00eda de Ceau\u0219escu"},"content":{"rendered":"<h3 style=\"text-align: justify;\">Una novela l\u00edrica que explora la ca\u00edda del r\u00e9gimen comunista a trav\u00e9s de los ojos de una ni\u00f1a, entre supersticiones, tragedias familiares y el peso de la historia.<\/h3>\n<h4>XX Premio Tusquets Editores de Novela 2024<\/h4>\n<p style=\"text-align: justify;\">Refugiada bajo la mesa y rodeada de libros en el comedor familiar, la ni\u00f1a protagonista de esta historia piensa que ha provocado la enfermedad de su padre sin querer. \u00c9l le hab\u00eda prometido que la librar\u00eda de cualquier dolor, porque conoce la magia de apropi\u00e1rselos, y ella, que ha sufrido la picadura de una abeja en la nuca, cree que ha cumplido su promesa. Ahora el padre est\u00e1 convaleciente con sus t\u00edos, porque la madre, que trabaja todo el d\u00eda en el hospital, no puede cuidarlo, y la ni\u00f1a seguir\u00e1 esperando noticias de \u00e9l, incluso durante el verano que pasa con sus abuelos, en una Transilvania rural en la que perviven supersticiones y costumbres ancestrales. Tal vez todo se torci\u00f3 cuando la familia tuvo que trasladarse al nuevo bloque de viviendas y abandonar su casa lim\u00f3n. Entre restricciones y delaciones a la infame Securitate, ignoran que se acerca el fin de la dictadura en la Ruman\u00eda de los a\u00f1os ochenta.<br \/>\n<em>\u00a0 La casa lim\u00f3n\u00a0<\/em>cuenta los a\u00f1os de descomposici\u00f3n del r\u00e9gimen de Ceau\u0219escu desde los ojos de una ni\u00f1a que trata de entender lo que ocurre a su alrededor, una novela l\u00edrica y emocionante sobre una infancia en Ruman\u00eda y la experiencia de la ca\u00edda del comunismo en el seno de una familia de clase media que hace frente a sucesivas cat\u00e1strofes \u00edntimas. Una novela extraordinaria y singular en la literatura espa\u00f1ola, por su escritura precisa y evocadora, cruda y on\u00edrica, y por el testimonio de vivencias hist\u00f3ricas de la Europa del Este.<\/p>\n<p>Autora:<\/p>\n<p style=\"text-align: justify;\"><strong>Corina Oproae<\/strong>\u00a0naci\u00f3 en Transilvania, Ruman\u00eda, en 1973. Estudi\u00f3 Filolog\u00eda Inglesa e Hisp\u00e1nica en su pa\u00eds de origen, y en 1998 se estableci\u00f3 en Catalu\u00f1a. En el a\u00f1o 2002 adopt\u00f3 la nacionalidad espa\u00f1ola. Ha publicado los libros de poemas\u00a0<em>Mil y una muertes\u00a0<\/em>(2016),\u00a0<em>Intermitencias\u00a0<\/em>(2018) y\u00a0<em>Desde d\u00f3nde amar\u00a0<\/em>(2021). En catal\u00e1n ha escrito\u00a0<em>La m\u00e0 que tremola\u00a0<\/em>(2020), un libro de reflexi\u00f3n po\u00e9tica sobre el hecho de escribir en una lengua que no es la materna. Sus poemas han sido incluidos en diversas antolog\u00edas publicadas en Espa\u00f1a y Am\u00e9rica Latina. Ha traducido al catal\u00e1n y al castellano a autores como Marin Sorescu, Lucian Blaga, Gellu Naum, Ana Blandiana (Premio Jordi Dom\u00e8nech de traducci\u00f3n de poes\u00eda, 2015), Norman Manea, Tatiana \u021a\u00eebuleac, Ioan Es. Pop, Angela Marinescu o Mary Oliver. Es autora y traductora de\u00a0<em>La poes\u00eda del siglo\u00a0<\/em><em>xx<\/em>\u00a0<em>en Ruman\u00eda\u00a0<\/em>(2022).<\/p>\n<p><span style=\"font-family: impact, sans-serif;\">\u00a9 Tusquets Editores<\/span><\/p>\n","protected":false},"excerpt":{"rendered":"<p>Una novela l\u00edrica que explora la ca\u00edda del r\u00e9gimen comunista a trav\u00e9s de los ojos de una ni\u00f1a, entre supersticiones, tragedias familiares y el peso de la historia. XX Premio Tusquets Editores de Novela 2024 Refugiada bajo la mesa y rodeada de libros en el comedor familiar, la ni\u00f1a protagonista de esta historia piensa que [&hellip;]<\/p>\n","protected":false},"author":1,"featured_media":14357,"comment_status":"open","ping_status":"closed","sticky":false,"template":"","format":"standard","meta":{"footnotes":""},"categories":[1124],"tags":[1916,99],"class_list":{"0":"post-14352","1":"post","2":"type-post","3":"status-publish","4":"format-standard","5":"has-post-thumbnail","7":"category-por-que-leer","8":"tag-corina-oproae","9":"tag-tusquets-editores"},"yoast_head":"<!-- This site is optimized with the Yoast SEO plugin v27.4 - https:\/\/yoast.com\/product\/yoast-seo-wordpress\/ -->\n<title>&quot;La casa lim\u00f3n&quot;: infancia y dictadura en la Ruman\u00eda de Ceau\u0219escu | HOJAS SUELTAS Peri\u00f3dico Cultural<\/title>\n<meta name=\"description\" content=\"LEYENDO Narrativa contempor\u00e1nea: Una novela l\u00edrica que explora la ca\u00edda del r\u00e9gimen comunista a trav\u00e9s de los ojos de una ni\u00f1a, entre supersticiones, tragedias familiares y el peso de la historia.\" \/>\n<meta name=\"robots\" content=\"index, follow, max-snippet:-1, max-image-preview:large, max-video-preview:-1\" \/>\n<link rel=\"canonical\" href=\"https:\/\/hojassueltas.es\/?p=14352\" \/>\n<meta property=\"og:locale\" content=\"es_ES\" \/>\n<meta property=\"og:type\" content=\"article\" \/>\n<meta property=\"og:title\" content=\"&quot;La casa lim\u00f3n&quot;: infancia y dictadura en la Ruman\u00eda de Ceau\u0219escu | HOJAS SUELTAS Peri\u00f3dico Cultural\" \/>\n<meta property=\"og:description\" content=\"LEYENDO Narrativa contempor\u00e1nea: Una novela l\u00edrica que explora la ca\u00edda del r\u00e9gimen comunista a trav\u00e9s de los ojos de una ni\u00f1a, entre supersticiones, tragedias familiares y el peso de la historia.\" \/>\n<meta property=\"og:url\" content=\"https:\/\/hojassueltas.es\/?p=14352\" \/>\n<meta property=\"og:site_name\" content=\"HOJAS SUELTAS Peri\u00f3dico Cultural\" \/>\n<meta property=\"article:published_time\" content=\"2024-09-26T22:00:25+00:00\" \/>\n<meta property=\"article:modified_time\" content=\"2025-10-18T09:04:52+00:00\" \/>\n<meta property=\"og:image\" content=\"https:\/\/hojassueltas.es\/wp-content\/uploads\/2024\/09\/La-casa-limon-2_H.S-1.png\" \/>\n\t<meta property=\"og:image:width\" content=\"1050\" \/>\n\t<meta property=\"og:image:height\" content=\"610\" \/>\n\t<meta property=\"og:image:type\" content=\"image\/png\" \/>\n<meta name=\"author\" content=\"Redacci\u00f3n\" \/>\n<meta name=\"twitter:card\" content=\"summary_large_image\" \/>\n<meta name=\"twitter:creator\" content=\"@HOJASSUELTAS22\" \/>\n<meta name=\"twitter:site\" content=\"@HOJASSUELTAS22\" \/>\n<meta name=\"twitter:label1\" content=\"Escrito por\" \/>\n\t<meta name=\"twitter:data1\" content=\"Redacci\u00f3n\" \/>\n\t<meta name=\"twitter:label2\" content=\"Tiempo de lectura\" \/>\n\t<meta name=\"twitter:data2\" content=\"3 minutos\" \/>\n<script type=\"application\/ld+json\" class=\"yoast-schema-graph\">{\"@context\":\"https:\\\/\\\/schema.org\",\"@graph\":[{\"@type\":[\"Article\",\"BlogPosting\"],\"@id\":\"https:\\\/\\\/hojassueltas.es\\\/?p=14352#article\",\"isPartOf\":{\"@id\":\"https:\\\/\\\/hojassueltas.es\\\/?p=14352\"},\"author\":{\"name\":\"Redacci\u00f3n\",\"@id\":\"https:\\\/\\\/hojassueltas.es\\\/#\\\/schema\\\/person\\\/f232bbdb834c61c90aff2245daa401c0\"},\"headline\":\"\u00abLa casa lim\u00f3n\u00bb: infancia y dictadura en la Ruman\u00eda de Ceau\u0219escu\",\"datePublished\":\"2024-09-26T22:00:25+00:00\",\"dateModified\":\"2025-10-18T09:04:52+00:00\",\"mainEntityOfPage\":{\"@id\":\"https:\\\/\\\/hojassueltas.es\\\/?p=14352\"},\"wordCount\":485,\"commentCount\":0,\"publisher\":{\"@id\":\"https:\\\/\\\/hojassueltas.es\\\/#organization\"},\"image\":{\"@id\":\"https:\\\/\\\/hojassueltas.es\\\/?p=14352#primaryimage\"},\"thumbnailUrl\":\"https:\\\/\\\/hojassueltas.es\\\/wp-content\\\/uploads\\\/2024\\\/09\\\/La-casa-limon-2_H.S-1.png\",\"keywords\":[\"Corina Oproae\",\"Tusquets Editores\"],\"articleSection\":[\"POR QU\u00c9 LEER...\"],\"inLanguage\":\"es\",\"potentialAction\":[{\"@type\":\"CommentAction\",\"name\":\"Comment\",\"target\":[\"https:\\\/\\\/hojassueltas.es\\\/?p=14352#respond\"]}]},{\"@type\":\"WebPage\",\"@id\":\"https:\\\/\\\/hojassueltas.es\\\/?p=14352\",\"url\":\"https:\\\/\\\/hojassueltas.es\\\/?p=14352\",\"name\":\"\\\"La casa lim\u00f3n\\\": infancia y dictadura en la Ruman\u00eda de Ceau\u0219escu | HOJAS SUELTAS Peri\u00f3dico Cultural\",\"isPartOf\":{\"@id\":\"https:\\\/\\\/hojassueltas.es\\\/#website\"},\"primaryImageOfPage\":{\"@id\":\"https:\\\/\\\/hojassueltas.es\\\/?p=14352#primaryimage\"},\"image\":{\"@id\":\"https:\\\/\\\/hojassueltas.es\\\/?p=14352#primaryimage\"},\"thumbnailUrl\":\"https:\\\/\\\/hojassueltas.es\\\/wp-content\\\/uploads\\\/2024\\\/09\\\/La-casa-limon-2_H.S-1.png\",\"datePublished\":\"2024-09-26T22:00:25+00:00\",\"dateModified\":\"2025-10-18T09:04:52+00:00\",\"description\":\"LEYENDO Narrativa contempor\u00e1nea: Una novela l\u00edrica que explora la ca\u00edda del r\u00e9gimen comunista a trav\u00e9s de los ojos de una ni\u00f1a, entre supersticiones, tragedias familiares y el peso de la historia.\",\"breadcrumb\":{\"@id\":\"https:\\\/\\\/hojassueltas.es\\\/?p=14352#breadcrumb\"},\"inLanguage\":\"es\",\"potentialAction\":[{\"@type\":\"ReadAction\",\"target\":[\"https:\\\/\\\/hojassueltas.es\\\/?p=14352\"]}]},{\"@type\":\"ImageObject\",\"inLanguage\":\"es\",\"@id\":\"https:\\\/\\\/hojassueltas.es\\\/?p=14352#primaryimage\",\"url\":\"https:\\\/\\\/hojassueltas.es\\\/wp-content\\\/uploads\\\/2024\\\/09\\\/La-casa-limon-2_H.S-1.png\",\"contentUrl\":\"https:\\\/\\\/hojassueltas.es\\\/wp-content\\\/uploads\\\/2024\\\/09\\\/La-casa-limon-2_H.S-1.png\",\"width\":1050,\"height\":610},{\"@type\":\"BreadcrumbList\",\"@id\":\"https:\\\/\\\/hojassueltas.es\\\/?p=14352#breadcrumb\",\"itemListElement\":[{\"@type\":\"ListItem\",\"position\":1,\"name\":\"Portada\",\"item\":\"https:\\\/\\\/hojassueltas.es\\\/\"},{\"@type\":\"ListItem\",\"position\":2,\"name\":\"\u00abLa casa lim\u00f3n\u00bb: infancia y dictadura en la Ruman\u00eda de Ceau\u0219escu\"}]},{\"@type\":\"WebSite\",\"@id\":\"https:\\\/\\\/hojassueltas.es\\\/#website\",\"url\":\"https:\\\/\\\/hojassueltas.es\\\/\",\"name\":\"HojasSueltas.es\",\"description\":\"GRANADA - Peri\u00f3dico Cultural\",\"publisher\":{\"@id\":\"https:\\\/\\\/hojassueltas.es\\\/#organization\"},\"alternateName\":\"H.S. Periodico Cultural\",\"potentialAction\":[{\"@type\":\"SearchAction\",\"target\":{\"@type\":\"EntryPoint\",\"urlTemplate\":\"https:\\\/\\\/hojassueltas.es\\\/?s={search_term_string}\"},\"query-input\":{\"@type\":\"PropertyValueSpecification\",\"valueRequired\":true,\"valueName\":\"search_term_string\"}}],\"inLanguage\":\"es\"},{\"@type\":\"Organization\",\"@id\":\"https:\\\/\\\/hojassueltas.es\\\/#organization\",\"name\":\"HOJAS SUELTAS - Peri\u00f3dico Cultural\",\"alternateName\":\"HS - HOJAS SUELTAS Peri\u00f3dico Cultural\",\"url\":\"https:\\\/\\\/hojassueltas.es\\\/\",\"logo\":{\"@type\":\"ImageObject\",\"inLanguage\":\"es\",\"@id\":\"https:\\\/\\\/hojassueltas.es\\\/#\\\/schema\\\/logo\\\/image\\\/\",\"url\":\"https:\\\/\\\/hojassueltas.es\\\/wp-content\\\/uploads\\\/2025\\\/08\\\/Icono-HS_2.png\",\"contentUrl\":\"https:\\\/\\\/hojassueltas.es\\\/wp-content\\\/uploads\\\/2025\\\/08\\\/Icono-HS_2.png\",\"width\":500,\"height\":500,\"caption\":\"HOJAS SUELTAS - Peri\u00f3dico Cultural\"},\"image\":{\"@id\":\"https:\\\/\\\/hojassueltas.es\\\/#\\\/schema\\\/logo\\\/image\\\/\"},\"sameAs\":[\"https:\\\/\\\/x.com\\\/HOJASSUELTAS22\"]},{\"@type\":\"Person\",\"@id\":\"https:\\\/\\\/hojassueltas.es\\\/#\\\/schema\\\/person\\\/f232bbdb834c61c90aff2245daa401c0\",\"name\":\"Redacci\u00f3n\",\"image\":{\"@type\":\"ImageObject\",\"inLanguage\":\"es\",\"@id\":\"https:\\\/\\\/hojassueltas.es\\\/wp-content\\\/uploads\\\/2026\\\/02\\\/Redaccion-2-96x96.png\",\"url\":\"https:\\\/\\\/hojassueltas.es\\\/wp-content\\\/uploads\\\/2026\\\/02\\\/Redaccion-2-96x96.png\",\"contentUrl\":\"https:\\\/\\\/hojassueltas.es\\\/wp-content\\\/uploads\\\/2026\\\/02\\\/Redaccion-2-96x96.png\",\"caption\":\"Redacci\u00f3n\"},\"description\":\"Redacci\u00f3n de HOJAS SUELTAS\",\"url\":\"https:\\\/\\\/hojassueltas.es\\\/?author=1\"}]}<\/script>\n<!-- \/ Yoast SEO plugin. -->","yoast_head_json":{"title":"\"La casa lim\u00f3n\": infancia y dictadura en la Ruman\u00eda de Ceau\u0219escu | HOJAS SUELTAS Peri\u00f3dico Cultural","description":"LEYENDO Narrativa contempor\u00e1nea: Una novela l\u00edrica que explora la ca\u00edda del r\u00e9gimen comunista a trav\u00e9s de los ojos de una ni\u00f1a, entre supersticiones, tragedias familiares y el peso de la historia.","robots":{"index":"index","follow":"follow","max-snippet":"max-snippet:-1","max-image-preview":"max-image-preview:large","max-video-preview":"max-video-preview:-1"},"canonical":"https:\/\/hojassueltas.es\/?p=14352","og_locale":"es_ES","og_type":"article","og_title":"\"La casa lim\u00f3n\": infancia y dictadura en la Ruman\u00eda de Ceau\u0219escu | HOJAS SUELTAS Peri\u00f3dico Cultural","og_description":"LEYENDO Narrativa contempor\u00e1nea: Una novela l\u00edrica que explora la ca\u00edda del r\u00e9gimen comunista a trav\u00e9s de los ojos de una ni\u00f1a, entre supersticiones, tragedias familiares y el peso de la historia.","og_url":"https:\/\/hojassueltas.es\/?p=14352","og_site_name":"HOJAS SUELTAS Peri\u00f3dico Cultural","article_published_time":"2024-09-26T22:00:25+00:00","article_modified_time":"2025-10-18T09:04:52+00:00","og_image":[{"width":1050,"height":610,"url":"https:\/\/hojassueltas.es\/wp-content\/uploads\/2024\/09\/La-casa-limon-2_H.S-1.png","type":"image\/png"}],"author":"Redacci\u00f3n","twitter_card":"summary_large_image","twitter_creator":"@HOJASSUELTAS22","twitter_site":"@HOJASSUELTAS22","twitter_misc":{"Escrito por":"Redacci\u00f3n","Tiempo de lectura":"3 minutos"},"schema":{"@context":"https:\/\/schema.org","@graph":[{"@type":["Article","BlogPosting"],"@id":"https:\/\/hojassueltas.es\/?p=14352#article","isPartOf":{"@id":"https:\/\/hojassueltas.es\/?p=14352"},"author":{"name":"Redacci\u00f3n","@id":"https:\/\/hojassueltas.es\/#\/schema\/person\/f232bbdb834c61c90aff2245daa401c0"},"headline":"\u00abLa casa lim\u00f3n\u00bb: infancia y dictadura en la Ruman\u00eda de Ceau\u0219escu","datePublished":"2024-09-26T22:00:25+00:00","dateModified":"2025-10-18T09:04:52+00:00","mainEntityOfPage":{"@id":"https:\/\/hojassueltas.es\/?p=14352"},"wordCount":485,"commentCount":0,"publisher":{"@id":"https:\/\/hojassueltas.es\/#organization"},"image":{"@id":"https:\/\/hojassueltas.es\/?p=14352#primaryimage"},"thumbnailUrl":"https:\/\/hojassueltas.es\/wp-content\/uploads\/2024\/09\/La-casa-limon-2_H.S-1.png","keywords":["Corina Oproae","Tusquets Editores"],"articleSection":["POR QU\u00c9 LEER..."],"inLanguage":"es","potentialAction":[{"@type":"CommentAction","name":"Comment","target":["https:\/\/hojassueltas.es\/?p=14352#respond"]}]},{"@type":"WebPage","@id":"https:\/\/hojassueltas.es\/?p=14352","url":"https:\/\/hojassueltas.es\/?p=14352","name":"\"La casa lim\u00f3n\": infancia y dictadura en la Ruman\u00eda de Ceau\u0219escu | HOJAS SUELTAS Peri\u00f3dico Cultural","isPartOf":{"@id":"https:\/\/hojassueltas.es\/#website"},"primaryImageOfPage":{"@id":"https:\/\/hojassueltas.es\/?p=14352#primaryimage"},"image":{"@id":"https:\/\/hojassueltas.es\/?p=14352#primaryimage"},"thumbnailUrl":"https:\/\/hojassueltas.es\/wp-content\/uploads\/2024\/09\/La-casa-limon-2_H.S-1.png","datePublished":"2024-09-26T22:00:25+00:00","dateModified":"2025-10-18T09:04:52+00:00","description":"LEYENDO Narrativa contempor\u00e1nea: Una novela l\u00edrica que explora la ca\u00edda del r\u00e9gimen comunista a trav\u00e9s de los ojos de una ni\u00f1a, entre supersticiones, tragedias familiares y el peso de la historia.","breadcrumb":{"@id":"https:\/\/hojassueltas.es\/?p=14352#breadcrumb"},"inLanguage":"es","potentialAction":[{"@type":"ReadAction","target":["https:\/\/hojassueltas.es\/?p=14352"]}]},{"@type":"ImageObject","inLanguage":"es","@id":"https:\/\/hojassueltas.es\/?p=14352#primaryimage","url":"https:\/\/hojassueltas.es\/wp-content\/uploads\/2024\/09\/La-casa-limon-2_H.S-1.png","contentUrl":"https:\/\/hojassueltas.es\/wp-content\/uploads\/2024\/09\/La-casa-limon-2_H.S-1.png","width":1050,"height":610},{"@type":"BreadcrumbList","@id":"https:\/\/hojassueltas.es\/?p=14352#breadcrumb","itemListElement":[{"@type":"ListItem","position":1,"name":"Portada","item":"https:\/\/hojassueltas.es\/"},{"@type":"ListItem","position":2,"name":"\u00abLa casa lim\u00f3n\u00bb: infancia y dictadura en la Ruman\u00eda de Ceau\u0219escu"}]},{"@type":"WebSite","@id":"https:\/\/hojassueltas.es\/#website","url":"https:\/\/hojassueltas.es\/","name":"HojasSueltas.es","description":"GRANADA - Peri\u00f3dico Cultural","publisher":{"@id":"https:\/\/hojassueltas.es\/#organization"},"alternateName":"H.S. Periodico Cultural","potentialAction":[{"@type":"SearchAction","target":{"@type":"EntryPoint","urlTemplate":"https:\/\/hojassueltas.es\/?s={search_term_string}"},"query-input":{"@type":"PropertyValueSpecification","valueRequired":true,"valueName":"search_term_string"}}],"inLanguage":"es"},{"@type":"Organization","@id":"https:\/\/hojassueltas.es\/#organization","name":"HOJAS SUELTAS - Peri\u00f3dico Cultural","alternateName":"HS - HOJAS SUELTAS Peri\u00f3dico Cultural","url":"https:\/\/hojassueltas.es\/","logo":{"@type":"ImageObject","inLanguage":"es","@id":"https:\/\/hojassueltas.es\/#\/schema\/logo\/image\/","url":"https:\/\/hojassueltas.es\/wp-content\/uploads\/2025\/08\/Icono-HS_2.png","contentUrl":"https:\/\/hojassueltas.es\/wp-content\/uploads\/2025\/08\/Icono-HS_2.png","width":500,"height":500,"caption":"HOJAS SUELTAS - Peri\u00f3dico Cultural"},"image":{"@id":"https:\/\/hojassueltas.es\/#\/schema\/logo\/image\/"},"sameAs":["https:\/\/x.com\/HOJASSUELTAS22"]},{"@type":"Person","@id":"https:\/\/hojassueltas.es\/#\/schema\/person\/f232bbdb834c61c90aff2245daa401c0","name":"Redacci\u00f3n","image":{"@type":"ImageObject","inLanguage":"es","@id":"https:\/\/hojassueltas.es\/wp-content\/uploads\/2026\/02\/Redaccion-2-96x96.png","url":"https:\/\/hojassueltas.es\/wp-content\/uploads\/2026\/02\/Redaccion-2-96x96.png","contentUrl":"https:\/\/hojassueltas.es\/wp-content\/uploads\/2026\/02\/Redaccion-2-96x96.png","caption":"Redacci\u00f3n"},"description":"Redacci\u00f3n de HOJAS SUELTAS","url":"https:\/\/hojassueltas.es\/?author=1"}]}},"_links":{"self":[{"href":"https:\/\/hojassueltas.es\/index.php?rest_route=\/wp\/v2\/posts\/14352","targetHints":{"allow":["GET"]}}],"collection":[{"href":"https:\/\/hojassueltas.es\/index.php?rest_route=\/wp\/v2\/posts"}],"about":[{"href":"https:\/\/hojassueltas.es\/index.php?rest_route=\/wp\/v2\/types\/post"}],"author":[{"embeddable":true,"href":"https:\/\/hojassueltas.es\/index.php?rest_route=\/wp\/v2\/users\/1"}],"replies":[{"embeddable":true,"href":"https:\/\/hojassueltas.es\/index.php?rest_route=%2Fwp%2Fv2%2Fcomments&post=14352"}],"version-history":[{"count":1,"href":"https:\/\/hojassueltas.es\/index.php?rest_route=\/wp\/v2\/posts\/14352\/revisions"}],"predecessor-version":[{"id":14353,"href":"https:\/\/hojassueltas.es\/index.php?rest_route=\/wp\/v2\/posts\/14352\/revisions\/14353"}],"wp:featuredmedia":[{"embeddable":true,"href":"https:\/\/hojassueltas.es\/index.php?rest_route=\/wp\/v2\/media\/14357"}],"wp:attachment":[{"href":"https:\/\/hojassueltas.es\/index.php?rest_route=%2Fwp%2Fv2%2Fmedia&parent=14352"}],"wp:term":[{"taxonomy":"category","embeddable":true,"href":"https:\/\/hojassueltas.es\/index.php?rest_route=%2Fwp%2Fv2%2Fcategories&post=14352"},{"taxonomy":"post_tag","embeddable":true,"href":"https:\/\/hojassueltas.es\/index.php?rest_route=%2Fwp%2Fv2%2Ftags&post=14352"}],"curies":[{"name":"wp","href":"https:\/\/api.w.org\/{rel}","templated":true}]}}