{"id":14035,"date":"2024-09-18T00:00:08","date_gmt":"2024-09-17T22:00:08","guid":{"rendered":"https:\/\/hojassueltas.es\/?p=14035"},"modified":"2024-09-24T18:25:33","modified_gmt":"2024-09-24T16:25:33","slug":"carmen-conde","status":"publish","type":"post","link":"https:\/\/hojassueltas.es\/?p=14035","title":{"rendered":"CARMEN CONDE &#8211; Poeta, narradora, y pionera en el \u00e1mbito educativo."},"content":{"rendered":"<p style=\"text-align: justify;\">En <strong>VOCES DE AYER<\/strong>, exploramos las vidas y obras de autores y autoras que, con su talento y compromiso, han dejado una huella imborrable en la literatura y la cultura. A trav\u00e9s de sus palabras, revivimos tiempos pasados y nos sumergimos en los pensamientos de quienes, desde la intimidad de sus versos y relatos, nos abrieron ventanas hacia mundos complejos, \u00edntimos y, a menudo, desconocidos.<\/p>\n<p style=\"text-align: justify;\">En esta entrega, nos adentramos en el legado de <strong>Carmen Conde<\/strong>, una de las escritoras m\u00e1s influyentes del siglo XX en Espa\u00f1a y la primera mujer en ocupar un sill\u00f3n en la Real Academia Espa\u00f1ola. Poeta, narradora, y pionera en el \u00e1mbito educativo, se destac\u00f3 por su firme voz l\u00edrica y su aguda mirada sobre la condici\u00f3n femenina en un tiempo de grandes retos. Su obra, marcada por la introspecci\u00f3n, la lucha interna y la resistencia, nos ofrece una visi\u00f3n \u00fanica de los conflictos y anhelos de su \u00e9poca.<\/p>\n<p style=\"text-align: justify;\">Hoy, rescatamos su figura para darle la palabra, reconstruyendo su pensamiento y su esp\u00edritu a trav\u00e9s de una entrevista ficticia que nos acerca a la Carmen Conde m\u00e1s aut\u00e9ntica: la mujer, la escritora y la incansable defensora de la libertad y la cultura.<\/p>\n<p><strong>BIOBIBLIOGRAFIA REAL<\/strong><\/p>\n<p style=\"text-align: justify;\">Carmen Conde Abell\u00e1n fue una poeta, narradora y acad\u00e9mica espa\u00f1ola, reconocida como una de las voces m\u00e1s destacadas de la literatura del siglo XX. Naci\u00f3 en Cartagena, Espa\u00f1a, en 1907, en una familia de clase trabajadora, y desde joven mostr\u00f3 un profundo inter\u00e9s por la literatura y la educaci\u00f3n. Se form\u00f3 en la Escuela de Maestras y, m\u00e1s tarde, se adentr\u00f3 en el \u00e1mbito de la literatura y el periodismo.<\/p>\n<p style=\"text-align: justify;\">Conde fue una mujer adelantada a su tiempo, comprometida con la cultura y la ense\u00f1anza. En 1931, fund\u00f3 junto a su marido, Antonio Oliver, la Universidad Popular de Cartagena, un proyecto educativo y cultural que buscaba acercar el conocimiento a las clases populares. Su carrera literaria estuvo marcada por una mezcla de lirismo y compromiso social, con una obra que abarca poes\u00eda, novela, ensayo y literatura infantil.<\/p>\n<p style=\"text-align: justify;\">En 1978, se convirti\u00f3 en la primera mujer en ocupar un sill\u00f3n en la Real Academia Espa\u00f1ola (RAE), rompiendo as\u00ed una barrera hist\u00f3rica para las escritoras en Espa\u00f1a. Su obra est\u00e1 marcada por un lenguaje \u00edntimo, una exploraci\u00f3n constante de los sentimientos y una cr\u00edtica social sutil pero presente. Carmen Conde falleci\u00f3 en Madrid en 1996, dejando un legado literario que sigue siendo referente para las nuevas generaciones.<\/p>\n<p><strong>Bibliograf\u00eda destacada y detalles de las obras:<\/strong><\/p>\n<ol>\n<li>\n<p style=\"text-align: justify;\"><strong>\u00abBrocal\u00bb (1929):<\/strong> Este poemario es una de sus primeras obras, donde Conde empieza a definir su estilo l\u00edrico y personal. La poes\u00eda de \u00abBrocal\u00bb es \u00edntima, con una clara influencia del modernismo y una b\u00fasqueda de la expresi\u00f3n de los sentimientos m\u00e1s profundos.<\/p>\n<\/li>\n<li><strong>\u00abAnsia de la Gracia\u00bb (1945):<\/strong> Una obra en la que la autora refleja sus inquietudes espirituales y existenciales. En estos poemas se nota una evoluci\u00f3n hacia una poes\u00eda m\u00e1s madura, con temas recurrentes como la b\u00fasqueda de la verdad y el sentido de la vida.<\/li>\n<li><strong>\u00abMujer sin Ed\u00e9n\u00bb (1947):<\/strong> Considerada una de sus obras maestras, este poemario aborda la condici\u00f3n femenina desde una perspectiva profundamente reflexiva y cr\u00edtica. Los poemas tratan la soledad, el amor, el dolor y la lucha interna de la mujer en una sociedad patriarcal.<\/li>\n<li><strong>\u00abMientras los hombres mueren\u00bb (1953):<\/strong> Un libro de poemas marcado por el dolor y la desolaci\u00f3n de la guerra civil espa\u00f1ola. Conde expresa en esta obra su repudio a la violencia y el sufrimiento humano, resaltando la vulnerabilidad del ser humano en tiempos de conflicto.<\/li>\n<li><strong>\u00abLa noche oscura del cuerpo\u00bb (1980):<\/strong> Este libro destaca por su tono introspectivo y la exploraci\u00f3n de la espiritualidad. Conde reflexiona sobre la muerte, la fe y el alma humana con un estilo depurado y maduro.<\/li>\n<li><strong>\u00abObra po\u00e9tica completa\u00bb (1986):<\/strong> Una recopilaci\u00f3n de sus poemas m\u00e1s significativos, que abarca toda su trayectoria literaria y muestra la evoluci\u00f3n de su voz po\u00e9tica desde sus inicios hasta su consagraci\u00f3n.<\/li>\n<\/ol>\n<hr \/>\n<h1><img loading=\"lazy\" decoding=\"async\" class=\"size-full wp-image-10890 alignleft\" src=\"https:\/\/hojassueltas.es\/wp-content\/uploads\/2024\/05\/Logo-Voces.png\" alt=\"\" width=\"209\" height=\"220\" srcset=\"https:\/\/hojassueltas.es\/wp-content\/uploads\/2024\/05\/Logo-Voces.png 209w, https:\/\/hojassueltas.es\/wp-content\/uploads\/2024\/05\/Logo-Voces-150x158.png 150w, https:\/\/hojassueltas.es\/wp-content\/uploads\/2024\/05\/Logo-Voces-24x24.png 24w\" sizes=\"auto, (max-width: 209px) 100vw, 209px\" \/>FICCI\u00d3N<\/h1>\n<p style=\"text-align: justify;\">Como siempre y con todo el respeto que nos merecen las autoras y autores que comienzan a llenar esta secci\u00f3n de VOCES DE AYER, nos permitimos imaginar la siguiente entrevista ficticia con la admirada y recordada CARMEN CONDE.<\/p>\n<p>&nbsp;<\/p>\n<p style=\"text-align: justify;\"><strong>H.S.: Carmen, su obra refleja una intensa exploraci\u00f3n de los sentimientos humanos y la condici\u00f3n femenina. \u00bfCu\u00e1l cree que ha sido el mayor reto al escribir sobre estos temas en su tiempo?<\/strong><\/p>\n<p style=\"text-align: justify;\">Escribir sobre la condici\u00f3n femenina y los sentimientos humanos ha sido, para m\u00ed, una forma de desvelar lo que se esconde en la vida cotidiana de las mujeres, de aquellas que no tienen voz en los libros de historia. El reto ha sido constante, sobre todo en una \u00e9poca en la que la mujer deb\u00eda guardar silencio, ajustarse a un rol impuesto. Era como gritar desde la p\u00e1gina en blanco, sin saber si alguien te escuchaba realmente. Mis versos son, en muchos sentidos, un acto de resistencia, una manera de decir: \u00abEstamos aqu\u00ed, sentimos, pensamos, existimos\u00bb. La censura, la incomprensi\u00f3n y, a veces, la soledad que implicaba esta lucha fueron barreras dif\u00edciles, pero necesarias de atravesar.<\/p>\n<p style=\"text-align: justify;\"><strong>H.S.: Fundaste la Universidad Popular de Cartagena en un momento convulso de la historia de Espa\u00f1a. \u00bfQu\u00e9 signific\u00f3 para ti este proyecto educativo y cultural?<\/strong><\/p>\n<p style=\"text-align: justify;\">La Universidad Popular de Cartagena fue una de las mayores alegr\u00edas de mi vida, un proyecto nacido del amor por la educaci\u00f3n y por mi tierra. Quer\u00edamos, junto a Antonio, crear un espacio donde la cultura y el conocimiento fueran accesibles para todos, especialmente para aquellos que no pod\u00edan acceder a la educaci\u00f3n formal. Viv\u00edamos tiempos dif\u00edciles, pero est\u00e1bamos convencidos de que la cultura era una herramienta de transformaci\u00f3n social. La Universidad Popular fue un refugio, un lugar donde la libertad de pensamiento encontraba su espacio y donde se tej\u00edan sue\u00f1os en medio de las adversidades. Signific\u00f3 esperanza, una peque\u00f1a luz en medio de la oscuridad.<\/p>\n<p style=\"text-align: justify;\"><strong>H.S.: Fuiste la primera mujer en ocupar un sill\u00f3n en la Real Academia Espa\u00f1ola. \u00bfC\u00f3mo viviste ese momento hist\u00f3rico? \u00bfCrees que se ha avanzado lo suficiente en la inclusi\u00f3n de las mujeres en los espacios de la alta cultura?<\/strong><\/p>\n<p style=\"text-align: justify;\">Ser la primera mujer en la Real Academia Espa\u00f1ola fue un honor, pero tambi\u00e9n una responsabilidad enorme. Sab\u00eda que no solo estaba ocupando un sill\u00f3n por m\u00ed, sino por todas aquellas mujeres que durante siglos hab\u00edan sido ignoradas y excluidas. Fue un momento agridulce, porque aunque era un avance, no dejaba de ser una muestra de cu\u00e1n lejos est\u00e1bamos de la verdadera igualdad. A\u00fan hoy, creo que hay mucho por hacer. Las mujeres seguimos luchando por un espacio que se nos niega en muchas ocasiones. No es suficiente con abrir una puerta; debemos asegurarnos de que todas las puertas permanezcan abiertas para las que vienen detr\u00e1s.<\/p>\n<p style=\"text-align: justify;\"><strong>H.S.: En tus libros, como \u00abMujer sin Ed\u00e9n\u00bb y \u00abMientras los hombres mueren\u00bb, abordas el sufrimiento y la resistencia. \u00bfC\u00f3mo influy\u00f3 la guerra civil y la posguerra en tu poes\u00eda?<\/strong><\/p>\n<p style=\"text-align: justify;\">La guerra civil y la posguerra fueron cicatrices que marcaron mi alma y mi obra para siempre. Vivimos un tiempo de dolor y silencio, de p\u00e9rdidas irreparables. En \u00abMientras los hombres mueren\u00bb, quise reflejar esa desolaci\u00f3n, esa sensaci\u00f3n de impotencia y el dolor de un pa\u00eds roto. La poes\u00eda se convirti\u00f3 en un refugio, en una forma de resistir a la desesperanza. Escribir era una forma de llorar en silencio, de dar voz al sufrimiento de tantos. Fue tambi\u00e9n una manera de sanar, de enfrentar el dolor y de mantener viva la memoria de lo que hab\u00edamos perdido.<\/p>\n<p><strong>H.S.: Muchos de tus poemas reflejan una espiritualidad profunda y una b\u00fasqueda constante de la verdad. \u00bfC\u00f3mo definir\u00edas tu relaci\u00f3n con la fe y la introspecci\u00f3n en tu obra literaria?<\/strong><\/p>\n<p style=\"text-align: justify;\">La fe y la introspecci\u00f3n han sido compa\u00f1eras constantes en mi vida. No hablo necesariamente de una fe religiosa, sino de una b\u00fasqueda interior, de un di\u00e1logo continuo con mi yo m\u00e1s profundo. Mis poemas son un espejo de esa b\u00fasqueda incesante de la verdad, de lo que significa existir y sentir. La poes\u00eda me ha permitido explorar esos rincones oscuros del alma que a veces tememos enfrentar. Escribir es, en cierto modo, un acto de fe: una creencia en el poder de la palabra para desentra\u00f1ar lo que somos y lo que podr\u00edamos llegar a ser.<\/p>\n<p><strong>H.S.: La soledad y el aislamiento son temas recurrentes en tu poes\u00eda. \u00bfEscribir ha sido para ti una forma de compa\u00f1\u00eda o de confrontaci\u00f3n con tus propios demonios?<\/strong><\/p>\n<p style=\"text-align: justify;\">Escribir ha sido ambas cosas. En muchos momentos, la escritura fue mi \u00fanica compa\u00f1\u00eda, un lugar donde pod\u00eda ser completamente libre y honesta. Pero tambi\u00e9n fue una confrontaci\u00f3n, un enfrentamiento con mis miedos, con la soledad y con los fantasmas que todos llevamos dentro. La poes\u00eda me permiti\u00f3 dar forma a esos sentimientos que no siempre se pueden expresar con palabras sencillas. Cada poema era una batalla y, a la vez, una reconciliaci\u00f3n conmigo misma. La soledad, lejos de ser un enemigo, se convirti\u00f3 en una aliada que me permiti\u00f3 conocerme en profundidad.<\/p>\n<p style=\"text-align: justify;\"><strong>H.S.: \u00bfQu\u00e9 consejo le dar\u00edas a las j\u00f3venes escritoras que buscan encontrar su voz en un mundo todav\u00eda lleno de prejuicios hacia las mujeres?<\/strong><\/p>\n<p style=\"text-align: justify;\">Les dir\u00eda que no se rindan, que no permitan que nadie silencie su voz. Escribir es un acto de valent\u00eda, especialmente cuando se es mujer y se decide hablar de lo que incomoda, de lo que se ha callado por siglos. La literatura es un arma poderosa, y su voz tiene un valor incalculable. Sean fieles a s\u00ed mismas, a lo que sienten y piensan, y no se dejen amedrentar por los prejuicios o las cr\u00edticas. Cada palabra escrita es un paso hacia adelante, hacia un mundo m\u00e1s justo y m\u00e1s inclusivo. Que nunca dejen de escribir, porque sus voces son necesarias.<\/p>\n<p><strong>8. Hasta ahora hemos hablado de tu poes\u00eda, \u00bfpuedes comentarnos tu trayectoria en prosa?<\/strong><\/p>\n<p style=\"text-align: justify;\">Mi incursi\u00f3n en la prosa fue un proceso natural, un complemento a mi poes\u00eda que me permiti\u00f3 explorar otros ritmos y formas de contar. Mi obra en prosa abarca desde novelas hasta relatos cortos y ensayos. En mis novelas, como <em>\u00abLas oscuras ra\u00edces\u00bb<\/em>, intento capturar la complejidad de las relaciones humanas, las sombras que arrastramos y los silencios que habitamos. La prosa me ofreci\u00f3 la posibilidad de desarrollar personajes con m\u00e1s profundidad y de adentrarme en los matices del alma humana. Escribir prosa me permiti\u00f3, adem\u00e1s, abordar de forma m\u00e1s directa temas sociales y psicol\u00f3gicos, a\u00f1adiendo una capa narrativa que complementa mi trabajo po\u00e9tico.<\/p>\n<p><strong>H.S. H\u00e1blanos, por favor, de tus estudios y ensayos.<\/strong><\/p>\n<p style=\"text-align: justify;\">Mi obra ensay\u00edstica es una parte fundamental de mi trayectoria literaria, un espacio donde he podido reflexionar sobre las figuras que admiro y los temas que me inquietan. Uno de mis ensayos m\u00e1s queridos es <strong>\u00abEmilia Pardo Baz\u00e1n\u00bb<\/strong> (1942), en el cual rend\u00ed homenaje a una de las grandes escritoras espa\u00f1olas, explorando su vida y su obra con la intenci\u00f3n de poner en valor su legado en una \u00e9poca en que la figura de la mujer escritora a\u00fan luchaba por el reconocimiento.<\/p>\n<p>Otro de mis ensayos, <strong>\u00abSobre poes\u00eda y poetas\u00bb<\/strong> (1976), re\u00fane mis reflexiones sobre la poes\u00eda en general y sobre el trabajo de poetas que marcaron mi camino. Es un libro que me permiti\u00f3 dialogar con mis contempor\u00e1neos y con la tradici\u00f3n, aportando mi visi\u00f3n sobre el papel del poeta en la sociedad y sobre la misi\u00f3n de la poes\u00eda como veh\u00edculo de expresi\u00f3n humana.<\/p>\n<p>Asimismo, en <strong>\u00abEn la tierra de nadie\u00bb<\/strong> (1955), abordo el papel de la mujer en la sociedad y la literatura, temas que siempre han sido una constante en mi obra, desde una perspectiva cr\u00edtica y reflexiva. Estos ensayos son una extensi\u00f3n de mi voz po\u00e9tica, un intento de comprender mejor mi lugar y el de otras mujeres en el vasto paisaje de la literatura. Para m\u00ed, el ensayo ha sido una herramienta para seguir explorando el mundo y conectando con otros, m\u00e1s all\u00e1 de los l\u00edmites del verso..<\/p>\n<p><strong>H.S. Tu paso por la creaci\u00f3n de obras para ni\u00f1os, \u00bfha sido especial para ti?<\/strong><\/p>\n<p style=\"text-align: justify;\">Escribir para ni\u00f1os ha sido una de las experiencias m\u00e1s gratificantes de mi carrera. Los ni\u00f1os poseen una imaginaci\u00f3n y una capacidad de asombro que los adultos muchas veces perdemos. Mis cuentos y obras infantiles, como <em>\u00abCanciones de nana y desvelo\u00bb<\/em>, son un intento de conectar con esa pureza y esa magia que caracteriza la infancia. Escribir para los m\u00e1s peque\u00f1os me permiti\u00f3 despojarme de formalismos y conectar con una parte de m\u00ed que nunca he querido perder: la ni\u00f1a curiosa que a\u00fan vive dentro. Adem\u00e1s, era mi manera de contribuir a la formaci\u00f3n de los j\u00f3venes lectores, de ofrecerles un mundo lleno de palabras y posibilidades donde se sintieran acompa\u00f1ados y comprendidos.<\/p>\n<p><strong>H.S.: Disculpa, en esta secci\u00f3n siempre preguntamos: \u00bfQu\u00e9 obra de tu bibliograf\u00eda presentar\u00edas en esta \u00e9poca del S.XXI a un certamen literario?<\/strong><\/p>\n<p style=\"text-align: justify;\">Si tuviera que presentar una obra m\u00eda en un certamen literario del siglo XXI, sin duda elegir\u00eda <em>\u00abMujer sin Ed\u00e9n\u00bb<\/em>. Creo que sus temas son atemporales y siguen resonando con fuerza hoy en d\u00eda. Es un libro que habla del desarraigo, de la b\u00fasqueda de identidad y de la lucha interna de las mujeres por encontrar su lugar en el mundo. Aunque escrito en otro contexto, pienso que la esencia de esos poemas sigue siendo relevante, pues a\u00fan hoy muchas mujeres contin\u00faan librando batallas similares. Es una obra que no solo representa mi voz, sino la de muchas que siguen buscando su propio Ed\u00e9n en una sociedad que todav\u00eda les impone l\u00edmites.<\/p>\n<p style=\"text-align: justify;\"><strong>H.S. \u00bfEstar\u00edas dispuesta a responder preguntas que pudieran hacernos los lectores del diario cultural Hojas Sueltas?<\/strong><\/p>\n<p style=\"text-align: justify;\">Por supuesto, ser\u00eda un honor y una alegr\u00eda inmensa poder entablar ese di\u00e1logo con los lectores de <strong>Hojas Sueltas<\/strong>. Siempre he cre\u00eddo que la literatura no termina en el libro, sino que cobra vida en la conversaci\u00f3n, en las interpretaciones y en las preguntas que despierta en quienes la leen. Escuchar las inquietudes, curiosidades y reflexiones de los lectores es una forma de seguir viva a trav\u00e9s de mis palabras. Para m\u00ed, la interacci\u00f3n con el p\u00fablico es fundamental, pues la literatura se enriquece y se completa con cada mirada nueva que se posa sobre ella. As\u00ed que s\u00ed, estar\u00e9 encantada de recibir esas preguntas y compartir mis pensamientos con todos vosotros.<\/p>\n<p><strong>H.S.:<\/strong><\/p>\n<p style=\"text-align: justify;\">Estimada Carmen Conde, en nombre del equipo redactor de <strong>Hojas Sueltas<\/strong>, queremos expresarle nuestro m\u00e1s sincero agradecimiento por su disposici\u00f3n a participar en esta entrevista ficticia y por la generosa voluntad de responder a las preguntas que puedan formular nuestros lectores. Su amabilidad y su infinita generosidad al compartir sus pensamientos, su tiempo y su sabidur\u00eda son profundamente apreciadas.<\/p>\n<p style=\"text-align: justify;\">Sus reflexiones sobre la poes\u00eda, la prosa, sus estudios y la pasi\u00f3n con la que ha abordado cada aspecto de su proceso creativo nos han brindado un verdadero tesoro literario. A trav\u00e9s de sus palabras, no solo hemos podido adentrarnos en su vida y obra, sino que tambi\u00e9n hemos recibido una lecci\u00f3n invaluable sobre la esencia del arte po\u00e9tico y el compromiso que implica ser una escritora fiel a su voz y a su tiempo.<\/p>\n<p style=\"text-align: justify;\">Estamos convencidos de que su participaci\u00f3n en la serie <strong>VOCES DE AYER<\/strong> ser\u00e1 una fuente inagotable de inspiraci\u00f3n y conocimiento para nuestros lectores, quienes encontrar\u00e1n en sus palabras una gu\u00eda luminosa para apreciar y crear poes\u00eda con mayor profundidad y sensibilidad. Su testimonio no solo honra su legado, sino que tambi\u00e9n enriquece nuestro presente y anima a las nuevas generaciones de poetas a seguir explorando con valent\u00eda sus propios caminos.<\/p>\n<p style=\"text-align: justify;\">Agradecemos especialmente su disposici\u00f3n para mantener este di\u00e1logo vivo al responder las futuras preguntas de nuestros lectores. Esta interacci\u00f3n, estamos seguros, contribuir\u00e1 a fomentar un espacio de intercambio fruct\u00edfero, y a fortalecer la comunidad literaria que juntos construimos d\u00eda a d\u00eda.<\/p>\n<p>Querida Carmen Conde, nuestra gratitud y respeto por su valiosa colaboraci\u00f3n y por seguir compartiendo con nosotros la magia de sus letras.<\/p>\n<p><span style=\"font-family: impact, sans-serif;\">\u00a9 Equipo de Redacci\u00f3n.<\/span><\/p>\n","protected":false},"excerpt":{"rendered":"<p>En VOCES DE AYER, exploramos las vidas y obras de autores y autoras que, con su talento y compromiso, han dejado una huella imborrable en la literatura y la cultura. A trav\u00e9s de sus palabras, revivimos tiempos pasados y nos sumergimos en los pensamientos de quienes, desde la intimidad de sus versos y relatos, nos [&hellip;]<\/p>\n","protected":false},"author":1,"featured_media":14040,"comment_status":"open","ping_status":"closed","sticky":false,"template":"","format":"standard","meta":{"footnotes":""},"categories":[1445],"tags":[1892],"class_list":{"0":"post-14035","1":"post","2":"type-post","3":"status-publish","4":"format-standard","5":"has-post-thumbnail","7":"category-voces-de-ayer","8":"tag-carmen-conde"},"yoast_head":"<!-- This site is optimized with the Yoast SEO plugin v27.4 - https:\/\/yoast.com\/product\/yoast-seo-wordpress\/ -->\n<title>CARMEN CONDE - Poeta, narradora, y pionera en el \u00e1mbito educativo. | Voces de ayer | HOJAS SUELTAS Peri\u00f3dico Cultural<\/title>\n<meta name=\"description\" content=\"VOCES DE AYER. Biograf\u00eda y bibliograf\u00eda de Carmen Conde. Entrevista ficticia con la querida y admirada autora primera mujer en ocupar un sill\u00f3n en la R.A.E.\" \/>\n<meta name=\"robots\" content=\"index, follow, max-snippet:-1, max-image-preview:large, max-video-preview:-1\" \/>\n<link rel=\"canonical\" href=\"https:\/\/hojassueltas.es\/?p=14035\" \/>\n<meta property=\"og:locale\" content=\"es_ES\" \/>\n<meta property=\"og:type\" content=\"article\" \/>\n<meta property=\"og:title\" content=\"CARMEN CONDE - Poeta, narradora, y pionera en el \u00e1mbito educativo. | Voces de ayer | HOJAS SUELTAS Peri\u00f3dico Cultural\" \/>\n<meta property=\"og:description\" content=\"VOCES DE AYER. Biograf\u00eda y bibliograf\u00eda de Carmen Conde. Entrevista ficticia con la querida y admirada autora primera mujer en ocupar un sill\u00f3n en la R.A.E.\" \/>\n<meta property=\"og:url\" content=\"https:\/\/hojassueltas.es\/?p=14035\" \/>\n<meta property=\"og:site_name\" content=\"HOJAS SUELTAS Peri\u00f3dico Cultural\" \/>\n<meta property=\"article:published_time\" content=\"2024-09-17T22:00:08+00:00\" \/>\n<meta property=\"article:modified_time\" content=\"2024-09-24T16:25:33+00:00\" \/>\n<meta property=\"og:image\" content=\"https:\/\/hojassueltas.es\/wp-content\/uploads\/2024\/09\/Carmen-Conde_2HS.png\" \/>\n\t<meta property=\"og:image:width\" content=\"1050\" \/>\n\t<meta property=\"og:image:height\" content=\"610\" \/>\n\t<meta property=\"og:image:type\" content=\"image\/png\" \/>\n<meta name=\"author\" content=\"Redacci\u00f3n\" \/>\n<meta name=\"twitter:card\" content=\"summary_large_image\" \/>\n<meta name=\"twitter:creator\" content=\"@HOJASSUELTAS22\" \/>\n<meta name=\"twitter:site\" content=\"@HOJASSUELTAS22\" \/>\n<meta name=\"twitter:label1\" content=\"Escrito por\" \/>\n\t<meta name=\"twitter:data1\" content=\"Redacci\u00f3n\" \/>\n\t<meta name=\"twitter:label2\" content=\"Tiempo de lectura\" \/>\n\t<meta name=\"twitter:data2\" content=\"13 minutos\" \/>\n<script type=\"application\/ld+json\" class=\"yoast-schema-graph\">{\"@context\":\"https:\\\/\\\/schema.org\",\"@graph\":[{\"@type\":[\"Article\",\"BlogPosting\"],\"@id\":\"https:\\\/\\\/hojassueltas.es\\\/?p=14035#article\",\"isPartOf\":{\"@id\":\"https:\\\/\\\/hojassueltas.es\\\/?p=14035\"},\"author\":{\"name\":\"Redacci\u00f3n\",\"@id\":\"https:\\\/\\\/hojassueltas.es\\\/#\\\/schema\\\/person\\\/f232bbdb834c61c90aff2245daa401c0\"},\"headline\":\"CARMEN CONDE &#8211; Poeta, narradora, y pionera en el \u00e1mbito educativo.\",\"datePublished\":\"2024-09-17T22:00:08+00:00\",\"dateModified\":\"2024-09-24T16:25:33+00:00\",\"mainEntityOfPage\":{\"@id\":\"https:\\\/\\\/hojassueltas.es\\\/?p=14035\"},\"wordCount\":2873,\"commentCount\":0,\"publisher\":{\"@id\":\"https:\\\/\\\/hojassueltas.es\\\/#organization\"},\"image\":{\"@id\":\"https:\\\/\\\/hojassueltas.es\\\/?p=14035#primaryimage\"},\"thumbnailUrl\":\"https:\\\/\\\/hojassueltas.es\\\/wp-content\\\/uploads\\\/2024\\\/09\\\/Carmen-Conde_2HS.png\",\"keywords\":[\"Carmen Conde\"],\"articleSection\":[\"Voces de ayer\"],\"inLanguage\":\"es\",\"potentialAction\":[{\"@type\":\"CommentAction\",\"name\":\"Comment\",\"target\":[\"https:\\\/\\\/hojassueltas.es\\\/?p=14035#respond\"]}]},{\"@type\":\"WebPage\",\"@id\":\"https:\\\/\\\/hojassueltas.es\\\/?p=14035\",\"url\":\"https:\\\/\\\/hojassueltas.es\\\/?p=14035\",\"name\":\"CARMEN CONDE - Poeta, narradora, y pionera en el \u00e1mbito educativo. | Voces de ayer | HOJAS SUELTAS Peri\u00f3dico Cultural\",\"isPartOf\":{\"@id\":\"https:\\\/\\\/hojassueltas.es\\\/#website\"},\"primaryImageOfPage\":{\"@id\":\"https:\\\/\\\/hojassueltas.es\\\/?p=14035#primaryimage\"},\"image\":{\"@id\":\"https:\\\/\\\/hojassueltas.es\\\/?p=14035#primaryimage\"},\"thumbnailUrl\":\"https:\\\/\\\/hojassueltas.es\\\/wp-content\\\/uploads\\\/2024\\\/09\\\/Carmen-Conde_2HS.png\",\"datePublished\":\"2024-09-17T22:00:08+00:00\",\"dateModified\":\"2024-09-24T16:25:33+00:00\",\"description\":\"VOCES DE AYER. Biograf\u00eda y bibliograf\u00eda de Carmen Conde. Entrevista ficticia con la querida y admirada autora primera mujer en ocupar un sill\u00f3n en la R.A.E.\",\"breadcrumb\":{\"@id\":\"https:\\\/\\\/hojassueltas.es\\\/?p=14035#breadcrumb\"},\"inLanguage\":\"es\",\"potentialAction\":[{\"@type\":\"ReadAction\",\"target\":[\"https:\\\/\\\/hojassueltas.es\\\/?p=14035\"]}]},{\"@type\":\"ImageObject\",\"inLanguage\":\"es\",\"@id\":\"https:\\\/\\\/hojassueltas.es\\\/?p=14035#primaryimage\",\"url\":\"https:\\\/\\\/hojassueltas.es\\\/wp-content\\\/uploads\\\/2024\\\/09\\\/Carmen-Conde_2HS.png\",\"contentUrl\":\"https:\\\/\\\/hojassueltas.es\\\/wp-content\\\/uploads\\\/2024\\\/09\\\/Carmen-Conde_2HS.png\",\"width\":1050,\"height\":610},{\"@type\":\"BreadcrumbList\",\"@id\":\"https:\\\/\\\/hojassueltas.es\\\/?p=14035#breadcrumb\",\"itemListElement\":[{\"@type\":\"ListItem\",\"position\":1,\"name\":\"Portada\",\"item\":\"https:\\\/\\\/hojassueltas.es\\\/\"},{\"@type\":\"ListItem\",\"position\":2,\"name\":\"CARMEN CONDE &#8211; Poeta, narradora, y pionera en el \u00e1mbito educativo.\"}]},{\"@type\":\"WebSite\",\"@id\":\"https:\\\/\\\/hojassueltas.es\\\/#website\",\"url\":\"https:\\\/\\\/hojassueltas.es\\\/\",\"name\":\"HojasSueltas.es\",\"description\":\"GRANADA - Peri\u00f3dico Cultural\",\"publisher\":{\"@id\":\"https:\\\/\\\/hojassueltas.es\\\/#organization\"},\"alternateName\":\"H.S. Periodico Cultural\",\"potentialAction\":[{\"@type\":\"SearchAction\",\"target\":{\"@type\":\"EntryPoint\",\"urlTemplate\":\"https:\\\/\\\/hojassueltas.es\\\/?s={search_term_string}\"},\"query-input\":{\"@type\":\"PropertyValueSpecification\",\"valueRequired\":true,\"valueName\":\"search_term_string\"}}],\"inLanguage\":\"es\"},{\"@type\":\"Organization\",\"@id\":\"https:\\\/\\\/hojassueltas.es\\\/#organization\",\"name\":\"HOJAS SUELTAS - Peri\u00f3dico Cultural\",\"alternateName\":\"HS - HOJAS SUELTAS Peri\u00f3dico Cultural\",\"url\":\"https:\\\/\\\/hojassueltas.es\\\/\",\"logo\":{\"@type\":\"ImageObject\",\"inLanguage\":\"es\",\"@id\":\"https:\\\/\\\/hojassueltas.es\\\/#\\\/schema\\\/logo\\\/image\\\/\",\"url\":\"https:\\\/\\\/hojassueltas.es\\\/wp-content\\\/uploads\\\/2025\\\/08\\\/Icono-HS_2.png\",\"contentUrl\":\"https:\\\/\\\/hojassueltas.es\\\/wp-content\\\/uploads\\\/2025\\\/08\\\/Icono-HS_2.png\",\"width\":500,\"height\":500,\"caption\":\"HOJAS SUELTAS - Peri\u00f3dico Cultural\"},\"image\":{\"@id\":\"https:\\\/\\\/hojassueltas.es\\\/#\\\/schema\\\/logo\\\/image\\\/\"},\"sameAs\":[\"https:\\\/\\\/x.com\\\/HOJASSUELTAS22\"]},{\"@type\":\"Person\",\"@id\":\"https:\\\/\\\/hojassueltas.es\\\/#\\\/schema\\\/person\\\/f232bbdb834c61c90aff2245daa401c0\",\"name\":\"Redacci\u00f3n\",\"image\":{\"@type\":\"ImageObject\",\"inLanguage\":\"es\",\"@id\":\"https:\\\/\\\/hojassueltas.es\\\/wp-content\\\/uploads\\\/2026\\\/02\\\/Redaccion-2-96x96.png\",\"url\":\"https:\\\/\\\/hojassueltas.es\\\/wp-content\\\/uploads\\\/2026\\\/02\\\/Redaccion-2-96x96.png\",\"contentUrl\":\"https:\\\/\\\/hojassueltas.es\\\/wp-content\\\/uploads\\\/2026\\\/02\\\/Redaccion-2-96x96.png\",\"caption\":\"Redacci\u00f3n\"},\"description\":\"Redacci\u00f3n de HOJAS SUELTAS\",\"url\":\"https:\\\/\\\/hojassueltas.es\\\/?author=1\"}]}<\/script>\n<!-- \/ Yoast SEO plugin. -->","yoast_head_json":{"title":"CARMEN CONDE - Poeta, narradora, y pionera en el \u00e1mbito educativo. | Voces de ayer | HOJAS SUELTAS Peri\u00f3dico Cultural","description":"VOCES DE AYER. Biograf\u00eda y bibliograf\u00eda de Carmen Conde. Entrevista ficticia con la querida y admirada autora primera mujer en ocupar un sill\u00f3n en la R.A.E.","robots":{"index":"index","follow":"follow","max-snippet":"max-snippet:-1","max-image-preview":"max-image-preview:large","max-video-preview":"max-video-preview:-1"},"canonical":"https:\/\/hojassueltas.es\/?p=14035","og_locale":"es_ES","og_type":"article","og_title":"CARMEN CONDE - Poeta, narradora, y pionera en el \u00e1mbito educativo. | Voces de ayer | HOJAS SUELTAS Peri\u00f3dico Cultural","og_description":"VOCES DE AYER. Biograf\u00eda y bibliograf\u00eda de Carmen Conde. Entrevista ficticia con la querida y admirada autora primera mujer en ocupar un sill\u00f3n en la R.A.E.","og_url":"https:\/\/hojassueltas.es\/?p=14035","og_site_name":"HOJAS SUELTAS Peri\u00f3dico Cultural","article_published_time":"2024-09-17T22:00:08+00:00","article_modified_time":"2024-09-24T16:25:33+00:00","og_image":[{"width":1050,"height":610,"url":"https:\/\/hojassueltas.es\/wp-content\/uploads\/2024\/09\/Carmen-Conde_2HS.png","type":"image\/png"}],"author":"Redacci\u00f3n","twitter_card":"summary_large_image","twitter_creator":"@HOJASSUELTAS22","twitter_site":"@HOJASSUELTAS22","twitter_misc":{"Escrito por":"Redacci\u00f3n","Tiempo de lectura":"13 minutos"},"schema":{"@context":"https:\/\/schema.org","@graph":[{"@type":["Article","BlogPosting"],"@id":"https:\/\/hojassueltas.es\/?p=14035#article","isPartOf":{"@id":"https:\/\/hojassueltas.es\/?p=14035"},"author":{"name":"Redacci\u00f3n","@id":"https:\/\/hojassueltas.es\/#\/schema\/person\/f232bbdb834c61c90aff2245daa401c0"},"headline":"CARMEN CONDE &#8211; Poeta, narradora, y pionera en el \u00e1mbito educativo.","datePublished":"2024-09-17T22:00:08+00:00","dateModified":"2024-09-24T16:25:33+00:00","mainEntityOfPage":{"@id":"https:\/\/hojassueltas.es\/?p=14035"},"wordCount":2873,"commentCount":0,"publisher":{"@id":"https:\/\/hojassueltas.es\/#organization"},"image":{"@id":"https:\/\/hojassueltas.es\/?p=14035#primaryimage"},"thumbnailUrl":"https:\/\/hojassueltas.es\/wp-content\/uploads\/2024\/09\/Carmen-Conde_2HS.png","keywords":["Carmen Conde"],"articleSection":["Voces de ayer"],"inLanguage":"es","potentialAction":[{"@type":"CommentAction","name":"Comment","target":["https:\/\/hojassueltas.es\/?p=14035#respond"]}]},{"@type":"WebPage","@id":"https:\/\/hojassueltas.es\/?p=14035","url":"https:\/\/hojassueltas.es\/?p=14035","name":"CARMEN CONDE - Poeta, narradora, y pionera en el \u00e1mbito educativo. | Voces de ayer | HOJAS SUELTAS Peri\u00f3dico Cultural","isPartOf":{"@id":"https:\/\/hojassueltas.es\/#website"},"primaryImageOfPage":{"@id":"https:\/\/hojassueltas.es\/?p=14035#primaryimage"},"image":{"@id":"https:\/\/hojassueltas.es\/?p=14035#primaryimage"},"thumbnailUrl":"https:\/\/hojassueltas.es\/wp-content\/uploads\/2024\/09\/Carmen-Conde_2HS.png","datePublished":"2024-09-17T22:00:08+00:00","dateModified":"2024-09-24T16:25:33+00:00","description":"VOCES DE AYER. Biograf\u00eda y bibliograf\u00eda de Carmen Conde. Entrevista ficticia con la querida y admirada autora primera mujer en ocupar un sill\u00f3n en la R.A.E.","breadcrumb":{"@id":"https:\/\/hojassueltas.es\/?p=14035#breadcrumb"},"inLanguage":"es","potentialAction":[{"@type":"ReadAction","target":["https:\/\/hojassueltas.es\/?p=14035"]}]},{"@type":"ImageObject","inLanguage":"es","@id":"https:\/\/hojassueltas.es\/?p=14035#primaryimage","url":"https:\/\/hojassueltas.es\/wp-content\/uploads\/2024\/09\/Carmen-Conde_2HS.png","contentUrl":"https:\/\/hojassueltas.es\/wp-content\/uploads\/2024\/09\/Carmen-Conde_2HS.png","width":1050,"height":610},{"@type":"BreadcrumbList","@id":"https:\/\/hojassueltas.es\/?p=14035#breadcrumb","itemListElement":[{"@type":"ListItem","position":1,"name":"Portada","item":"https:\/\/hojassueltas.es\/"},{"@type":"ListItem","position":2,"name":"CARMEN CONDE &#8211; Poeta, narradora, y pionera en el \u00e1mbito educativo."}]},{"@type":"WebSite","@id":"https:\/\/hojassueltas.es\/#website","url":"https:\/\/hojassueltas.es\/","name":"HojasSueltas.es","description":"GRANADA - Peri\u00f3dico Cultural","publisher":{"@id":"https:\/\/hojassueltas.es\/#organization"},"alternateName":"H.S. Periodico Cultural","potentialAction":[{"@type":"SearchAction","target":{"@type":"EntryPoint","urlTemplate":"https:\/\/hojassueltas.es\/?s={search_term_string}"},"query-input":{"@type":"PropertyValueSpecification","valueRequired":true,"valueName":"search_term_string"}}],"inLanguage":"es"},{"@type":"Organization","@id":"https:\/\/hojassueltas.es\/#organization","name":"HOJAS SUELTAS - Peri\u00f3dico Cultural","alternateName":"HS - HOJAS SUELTAS Peri\u00f3dico Cultural","url":"https:\/\/hojassueltas.es\/","logo":{"@type":"ImageObject","inLanguage":"es","@id":"https:\/\/hojassueltas.es\/#\/schema\/logo\/image\/","url":"https:\/\/hojassueltas.es\/wp-content\/uploads\/2025\/08\/Icono-HS_2.png","contentUrl":"https:\/\/hojassueltas.es\/wp-content\/uploads\/2025\/08\/Icono-HS_2.png","width":500,"height":500,"caption":"HOJAS SUELTAS - Peri\u00f3dico Cultural"},"image":{"@id":"https:\/\/hojassueltas.es\/#\/schema\/logo\/image\/"},"sameAs":["https:\/\/x.com\/HOJASSUELTAS22"]},{"@type":"Person","@id":"https:\/\/hojassueltas.es\/#\/schema\/person\/f232bbdb834c61c90aff2245daa401c0","name":"Redacci\u00f3n","image":{"@type":"ImageObject","inLanguage":"es","@id":"https:\/\/hojassueltas.es\/wp-content\/uploads\/2026\/02\/Redaccion-2-96x96.png","url":"https:\/\/hojassueltas.es\/wp-content\/uploads\/2026\/02\/Redaccion-2-96x96.png","contentUrl":"https:\/\/hojassueltas.es\/wp-content\/uploads\/2026\/02\/Redaccion-2-96x96.png","caption":"Redacci\u00f3n"},"description":"Redacci\u00f3n de HOJAS SUELTAS","url":"https:\/\/hojassueltas.es\/?author=1"}]}},"_links":{"self":[{"href":"https:\/\/hojassueltas.es\/index.php?rest_route=\/wp\/v2\/posts\/14035","targetHints":{"allow":["GET"]}}],"collection":[{"href":"https:\/\/hojassueltas.es\/index.php?rest_route=\/wp\/v2\/posts"}],"about":[{"href":"https:\/\/hojassueltas.es\/index.php?rest_route=\/wp\/v2\/types\/post"}],"author":[{"embeddable":true,"href":"https:\/\/hojassueltas.es\/index.php?rest_route=\/wp\/v2\/users\/1"}],"replies":[{"embeddable":true,"href":"https:\/\/hojassueltas.es\/index.php?rest_route=%2Fwp%2Fv2%2Fcomments&post=14035"}],"version-history":[{"count":3,"href":"https:\/\/hojassueltas.es\/index.php?rest_route=\/wp\/v2\/posts\/14035\/revisions"}],"predecessor-version":[{"id":14039,"href":"https:\/\/hojassueltas.es\/index.php?rest_route=\/wp\/v2\/posts\/14035\/revisions\/14039"}],"wp:featuredmedia":[{"embeddable":true,"href":"https:\/\/hojassueltas.es\/index.php?rest_route=\/wp\/v2\/media\/14040"}],"wp:attachment":[{"href":"https:\/\/hojassueltas.es\/index.php?rest_route=%2Fwp%2Fv2%2Fmedia&parent=14035"}],"wp:term":[{"taxonomy":"category","embeddable":true,"href":"https:\/\/hojassueltas.es\/index.php?rest_route=%2Fwp%2Fv2%2Fcategories&post=14035"},{"taxonomy":"post_tag","embeddable":true,"href":"https:\/\/hojassueltas.es\/index.php?rest_route=%2Fwp%2Fv2%2Ftags&post=14035"}],"curies":[{"name":"wp","href":"https:\/\/api.w.org\/{rel}","templated":true}]}}