{"id":13925,"date":"2024-09-17T00:00:37","date_gmt":"2024-09-16T22:00:37","guid":{"rendered":"https:\/\/hojassueltas.es\/?p=13925"},"modified":"2025-12-01T12:37:17","modified_gmt":"2025-12-01T10:37:17","slug":"vocalizar-vocalizar-y-vocalizar","status":"publish","type":"post","link":"https:\/\/hojassueltas.es\/?p=13925","title":{"rendered":"Vocalizar, vocalizar y&#8230;vocalizar"},"content":{"rendered":"<h3>La voz de la pantalla: una llamada urgente a la vocalizaci\u00f3n en el cine espa\u00f1ol<\/h3>\n<p style=\"text-align: justify;\">Me preocupa la vocalizaci\u00f3n, y no solo la de la gente com\u00fan con la que convivimos en el d\u00eda a d\u00eda, tanto en el \u00e1mbito laboral como en el privado. Esta preocupaci\u00f3n va m\u00e1s all\u00e1, tocando un espacio que para muchos es sagrado: el cine. Como amante del s\u00e9ptimo arte, y especialmente del cine producido en Espa\u00f1a, disfruto enormemente de las historias que se cuentan en nuestras pantallas. Sin embargo, hay algo que se ha convertido en una barrera casi insalvable para el disfrute pleno: la mala vocalizaci\u00f3n de los actores y actrices en un buen n\u00famero de producciones.<\/p>\n<p style=\"text-align: justify;\">No ocurre en todas las pel\u00edculas, pero s\u00ed en un porcentaje lo suficientemente elevado como para que sea un problema que no puede seguir ignor\u00e1ndose. En muchas escenas, los di\u00e1logos se pierden entre murmullos, frases atropelladas y una extra\u00f1a mezcla de sonido que parece conspirar contra la claridad. Y lo cierto es que, como espectador, es desesperante. No se trata solo de la dicci\u00f3n; es como si existiera una ruptura entre lo que intentan comunicar y lo que finalmente se escucha y percibe. \u00bfA qu\u00e9 se debe? No lo s\u00e9 con exactitud: puede ser por hablar muy deprisa al ajustarse al guion, por el sonido directo o tal vez por un sinf\u00edn de cuestiones t\u00e9cnicas de las que no soy experto.\u00a0Lo que s\u00ed s\u00e9, porque lo he comprobado m\u00e1s de una vez, es que mi capacidad auditiva est\u00e1 perfectamente en orden. He pasado por la inc\u00f3moda experiencia de subir el volumen de mi equipo hasta el punto en que las paredes vibran, y aun as\u00ed, hay di\u00e1logos que siguen resultando ininteligibles. La consecuencia es siempre la misma: me veo obligado a abandonar la versi\u00f3n original y recurrir a las versiones dobladas al castellano de pel\u00edculas extranjeras, que al menos me permiten seguir el hilo de la historia sin tanta frustraci\u00f3n. Y cr\u00e9anme, no es una decisi\u00f3n que tome a la ligera, pues disfruto del matiz y la autenticidad de las voces originales.<\/p>\n<p style=\"text-align: justify;\">Esta situaci\u00f3n, sin embargo, plantea una pregunta que no puedo dejar de hacerme: \u00bfC\u00f3mo es posible que en un pa\u00eds con tanta tradici\u00f3n actoral, con escuelas de teatro y cine reconocidas, hayamos llegado a este punto? No quiero que se malinterprete; no es un ataque a la profesi\u00f3n, sino m\u00e1s bien una llamada de atenci\u00f3n. Hablar claro y vocalizar adecuadamente es, sin duda, una de las bases fundamentales del oficio actoral. No basta con transmitir emociones, con llenar de vida un personaje, si las palabras no llegan al espectador con la nitidez y la precisi\u00f3n necesarias.<\/p>\n<p style=\"text-align: justify;\">Por eso, me permito levantar la voz, no solo como espectador, sino tambi\u00e9n como amante del cine, para reclamar a los t\u00e9cnicos de sonido, a los directores y, especialmente, a los propios actores y actrices, que dediquen un mayor esfuerzo a la vocalizaci\u00f3n. Que vuelvan a los b\u00e1sicos, a esos ejercicios de dicci\u00f3n que, en su momento, fueron la base de su formaci\u00f3n. Que se preocupen, en definitiva, por ser entendidos, por hacer llegar cada palabra al p\u00fablico sin tener que luchar contra el sonido, la prisa o el desinter\u00e9s.<\/p>\n<p style=\"text-align: justify;\">S\u00e9 que el cine es un trabajo en equipo y que todos los elementos tienen su peso e importancia, pero la voz, esa herramienta \u00fanica y personal de cada int\u00e9rprete, merece un cuidado especial. No se trata solo de articular sonidos, sino de transmitir con claridad lo que se siente y se piensa, de respetar al espectador que ha venido a escuchar y a emocionarse, no a adivinar di\u00e1logos entre ruidos de fondo.<\/p>\n<p style=\"text-align: justify;\">As\u00ed que aqu\u00ed va mi petici\u00f3n, mi humilde reclamo: vocalicemos. Hablemos claro, despacio si es necesario, pero hag\u00e1moslo entendible. El cine espa\u00f1ol tiene tanto que contar y tanto que mostrar que no podemos permitirnos perderlo en el camino. La historia no solo se ve, tambi\u00e9n se escucha. Y nosotros, como p\u00fablico, queremos escucharla bien.<\/p>\n<p><span style=\"font-family: impact, sans-serif;\">\u00a9 Anxo do Rego. Todos los derechos reservados.<\/span><\/p>\n<p>&nbsp;<\/p>\n","protected":false},"excerpt":{"rendered":"<p>La voz de la pantalla: una llamada urgente a la vocalizaci\u00f3n en el cine espa\u00f1ol Me preocupa la vocalizaci\u00f3n, y no solo la de la gente com\u00fan con la que convivimos en el d\u00eda a d\u00eda, tanto en el \u00e1mbito laboral como en el privado. Esta preocupaci\u00f3n va m\u00e1s all\u00e1, tocando un espacio que para [&hellip;]<\/p>\n","protected":false},"author":18,"featured_media":13926,"comment_status":"open","ping_status":"closed","sticky":false,"template":"","format":"standard","meta":{"footnotes":""},"categories":[1],"tags":[230],"class_list":{"0":"post-13925","1":"post","2":"type-post","3":"status-publish","4":"format-standard","5":"has-post-thumbnail","7":"category-sin-categoria","8":"tag-anxo-do-rego"},"yoast_head":"<!-- This site is optimized with the Yoast SEO plugin v27.5 - https:\/\/yoast.com\/product\/yoast-seo-wordpress\/ -->\n<title>Vocalizar, vocalizar y...vocalizar | HOJAS SUELTAS Peri\u00f3dico Cultural<\/title>\n<meta name=\"description\" content=\"LOS BLOGS DE HOJAS SUELTAS. Al Amanecer, por Anxo do Rego: La voz de la pantalla: una llamada urgente a la vocalizaci\u00f3n en el cine espa\u00f1ol. Me preocupa la vocalizaci\u00f3n, y no solo la de la gente com\u00fan con la que convivimos en el d\u00eda a d\u00eda, tanto en el \u00e1mbito laboral como en el privado\" \/>\n<meta name=\"robots\" content=\"index, follow, max-snippet:-1, max-image-preview:large, max-video-preview:-1\" \/>\n<link rel=\"canonical\" href=\"https:\/\/hojassueltas.es\/?p=13925\" \/>\n<meta property=\"og:locale\" content=\"es_ES\" \/>\n<meta property=\"og:type\" content=\"article\" \/>\n<meta property=\"og:title\" content=\"Vocalizar, vocalizar y...vocalizar | HOJAS SUELTAS Peri\u00f3dico Cultural\" \/>\n<meta property=\"og:description\" content=\"LOS BLOGS DE HOJAS SUELTAS. Al Amanecer, por Anxo do Rego: La voz de la pantalla: una llamada urgente a la vocalizaci\u00f3n en el cine espa\u00f1ol. Me preocupa la vocalizaci\u00f3n, y no solo la de la gente com\u00fan con la que convivimos en el d\u00eda a d\u00eda, tanto en el \u00e1mbito laboral como en el privado\" \/>\n<meta property=\"og:url\" content=\"https:\/\/hojassueltas.es\/?p=13925\" \/>\n<meta property=\"og:site_name\" content=\"HOJAS SUELTAS Peri\u00f3dico Cultural\" \/>\n<meta property=\"article:author\" content=\"https:\/\/www.facebook.com\/anxodoregoescritor\/\" \/>\n<meta property=\"article:published_time\" content=\"2024-09-16T22:00:37+00:00\" \/>\n<meta property=\"article:modified_time\" content=\"2025-12-01T10:37:17+00:00\" \/>\n<meta property=\"og:image\" content=\"https:\/\/hojassueltas.es\/wp-content\/uploads\/2024\/09\/Vocalizacion_HS.png\" \/>\n\t<meta property=\"og:image:width\" content=\"1050\" \/>\n\t<meta property=\"og:image:height\" content=\"610\" \/>\n\t<meta property=\"og:image:type\" content=\"image\/png\" \/>\n<meta name=\"author\" content=\"Anxo do Rego\" \/>\n<meta name=\"twitter:card\" content=\"summary_large_image\" \/>\n<meta name=\"twitter:creator\" content=\"@HOJASSUELTAS22\" \/>\n<meta name=\"twitter:site\" content=\"@HOJASSUELTAS22\" \/>\n<meta name=\"twitter:label1\" content=\"Escrito por\" \/>\n\t<meta name=\"twitter:data1\" content=\"Anxo do Rego\" \/>\n\t<meta name=\"twitter:label2\" content=\"Tiempo de lectura\" \/>\n\t<meta name=\"twitter:data2\" content=\"4 minutos\" \/>\n<script type=\"application\/ld+json\" class=\"yoast-schema-graph\">{\"@context\":\"https:\\\/\\\/schema.org\",\"@graph\":[{\"@type\":[\"Article\",\"BlogPosting\"],\"@id\":\"https:\\\/\\\/hojassueltas.es\\\/?p=13925#article\",\"isPartOf\":{\"@id\":\"https:\\\/\\\/hojassueltas.es\\\/?p=13925\"},\"author\":{\"name\":\"Anxo do Rego\",\"@id\":\"https:\\\/\\\/hojassueltas.es\\\/#\\\/schema\\\/person\\\/cc93a1a1f7825a6e1d2c9bddd471a87c\"},\"headline\":\"Vocalizar, vocalizar y&#8230;vocalizar\",\"datePublished\":\"2024-09-16T22:00:37+00:00\",\"dateModified\":\"2025-12-01T10:37:17+00:00\",\"mainEntityOfPage\":{\"@id\":\"https:\\\/\\\/hojassueltas.es\\\/?p=13925\"},\"wordCount\":722,\"commentCount\":0,\"publisher\":{\"@id\":\"https:\\\/\\\/hojassueltas.es\\\/#organization\"},\"image\":{\"@id\":\"https:\\\/\\\/hojassueltas.es\\\/?p=13925#primaryimage\"},\"thumbnailUrl\":\"https:\\\/\\\/hojassueltas.es\\\/wp-content\\\/uploads\\\/2024\\\/09\\\/Vocalizacion_HS.png\",\"keywords\":[\"Anxo do Rego\"],\"articleSection\":[\"SIN CATEGOR\u00cdA\"],\"inLanguage\":\"es\",\"potentialAction\":[{\"@type\":\"CommentAction\",\"name\":\"Comment\",\"target\":[\"https:\\\/\\\/hojassueltas.es\\\/?p=13925#respond\"]}]},{\"@type\":\"WebPage\",\"@id\":\"https:\\\/\\\/hojassueltas.es\\\/?p=13925\",\"url\":\"https:\\\/\\\/hojassueltas.es\\\/?p=13925\",\"name\":\"Vocalizar, vocalizar y...vocalizar | HOJAS SUELTAS Peri\u00f3dico Cultural\",\"isPartOf\":{\"@id\":\"https:\\\/\\\/hojassueltas.es\\\/#website\"},\"primaryImageOfPage\":{\"@id\":\"https:\\\/\\\/hojassueltas.es\\\/?p=13925#primaryimage\"},\"image\":{\"@id\":\"https:\\\/\\\/hojassueltas.es\\\/?p=13925#primaryimage\"},\"thumbnailUrl\":\"https:\\\/\\\/hojassueltas.es\\\/wp-content\\\/uploads\\\/2024\\\/09\\\/Vocalizacion_HS.png\",\"datePublished\":\"2024-09-16T22:00:37+00:00\",\"dateModified\":\"2025-12-01T10:37:17+00:00\",\"description\":\"LOS BLOGS DE HOJAS SUELTAS. Al Amanecer, por Anxo do Rego: La voz de la pantalla: una llamada urgente a la vocalizaci\u00f3n en el cine espa\u00f1ol. Me preocupa la vocalizaci\u00f3n, y no solo la de la gente com\u00fan con la que convivimos en el d\u00eda a d\u00eda, tanto en el \u00e1mbito laboral como en el privado\",\"breadcrumb\":{\"@id\":\"https:\\\/\\\/hojassueltas.es\\\/?p=13925#breadcrumb\"},\"inLanguage\":\"es\",\"potentialAction\":[{\"@type\":\"ReadAction\",\"target\":[\"https:\\\/\\\/hojassueltas.es\\\/?p=13925\"]}]},{\"@type\":\"ImageObject\",\"inLanguage\":\"es\",\"@id\":\"https:\\\/\\\/hojassueltas.es\\\/?p=13925#primaryimage\",\"url\":\"https:\\\/\\\/hojassueltas.es\\\/wp-content\\\/uploads\\\/2024\\\/09\\\/Vocalizacion_HS.png\",\"contentUrl\":\"https:\\\/\\\/hojassueltas.es\\\/wp-content\\\/uploads\\\/2024\\\/09\\\/Vocalizacion_HS.png\",\"width\":1050,\"height\":610},{\"@type\":\"BreadcrumbList\",\"@id\":\"https:\\\/\\\/hojassueltas.es\\\/?p=13925#breadcrumb\",\"itemListElement\":[{\"@type\":\"ListItem\",\"position\":1,\"name\":\"Portada\",\"item\":\"https:\\\/\\\/hojassueltas.es\\\/\"},{\"@type\":\"ListItem\",\"position\":2,\"name\":\"Vocalizar, vocalizar y&#8230;vocalizar\"}]},{\"@type\":\"WebSite\",\"@id\":\"https:\\\/\\\/hojassueltas.es\\\/#website\",\"url\":\"https:\\\/\\\/hojassueltas.es\\\/\",\"name\":\"HojasSueltas.es\",\"description\":\"GRANADA - Peri\u00f3dico Cultural\",\"publisher\":{\"@id\":\"https:\\\/\\\/hojassueltas.es\\\/#organization\"},\"alternateName\":\"H.S. Periodico Cultural\",\"potentialAction\":[{\"@type\":\"SearchAction\",\"target\":{\"@type\":\"EntryPoint\",\"urlTemplate\":\"https:\\\/\\\/hojassueltas.es\\\/?s={search_term_string}\"},\"query-input\":{\"@type\":\"PropertyValueSpecification\",\"valueRequired\":true,\"valueName\":\"search_term_string\"}}],\"inLanguage\":\"es\"},{\"@type\":\"Organization\",\"@id\":\"https:\\\/\\\/hojassueltas.es\\\/#organization\",\"name\":\"HOJAS SUELTAS - Peri\u00f3dico Cultural\",\"alternateName\":\"HS - HOJAS SUELTAS Peri\u00f3dico Cultural\",\"url\":\"https:\\\/\\\/hojassueltas.es\\\/\",\"logo\":{\"@type\":\"ImageObject\",\"inLanguage\":\"es\",\"@id\":\"https:\\\/\\\/hojassueltas.es\\\/#\\\/schema\\\/logo\\\/image\\\/\",\"url\":\"https:\\\/\\\/hojassueltas.es\\\/wp-content\\\/uploads\\\/2025\\\/08\\\/Icono-HS_2.png\",\"contentUrl\":\"https:\\\/\\\/hojassueltas.es\\\/wp-content\\\/uploads\\\/2025\\\/08\\\/Icono-HS_2.png\",\"width\":500,\"height\":500,\"caption\":\"HOJAS SUELTAS - Peri\u00f3dico Cultural\"},\"image\":{\"@id\":\"https:\\\/\\\/hojassueltas.es\\\/#\\\/schema\\\/logo\\\/image\\\/\"},\"sameAs\":[\"https:\\\/\\\/x.com\\\/HOJASSUELTAS22\"]},{\"@type\":\"Person\",\"@id\":\"https:\\\/\\\/hojassueltas.es\\\/#\\\/schema\\\/person\\\/cc93a1a1f7825a6e1d2c9bddd471a87c\",\"name\":\"Anxo do Rego\",\"image\":{\"@type\":\"ImageObject\",\"inLanguage\":\"es\",\"@id\":\"https:\\\/\\\/hojassueltas.es\\\/wp-content\\\/uploads\\\/2025\\\/02\\\/Anxo-do-Rego_2025-96x96.jpg\",\"url\":\"https:\\\/\\\/hojassueltas.es\\\/wp-content\\\/uploads\\\/2025\\\/02\\\/Anxo-do-Rego_2025-96x96.jpg\",\"contentUrl\":\"https:\\\/\\\/hojassueltas.es\\\/wp-content\\\/uploads\\\/2025\\\/02\\\/Anxo-do-Rego_2025-96x96.jpg\",\"caption\":\"Anxo do Rego\"},\"description\":\"Narrador. Fundador, director y editor de la extinta editorial PG Ediciones. Actualmente asesora y colabora en las editoriales: Editorial Skytale y Aldo Ediciones, del Grupo Editorial Regina Exlibris. Director y redactor del diario cultural Hojas Sueltas. Fundador en 2014 de una de las primeras revistas digitales del g\u00e9nero negro y policial \u00abSolo Novela Negra\u00bb. Participa en numerosas instituciones culturales. Su narrativa se sustenta principalmente en la novela polic\u00edaca con diecis\u00e9is t\u00edtulos del comisario del CNP, Roberto H.C. como protagonista, aunque realiza incursiones en otros g\u00e9neros literarios, tales como la ficci\u00f3n hist\u00f3rica, ciencia ficci\u00f3n, suspense y sentimentales. Mantiene su creatividad literaria con novelas, relatos, art\u00edculos, rese\u00f1as literarias y ensayos.\",\"sameAs\":[\"https:\\\/\\\/anxodorego.com\\\/\",\"https:\\\/\\\/www.facebook.com\\\/anxodoregoescritor\\\/\"],\"url\":\"https:\\\/\\\/hojassueltas.es\\\/?author=18\"}]}<\/script>\n<!-- \/ Yoast SEO plugin. -->","yoast_head_json":{"title":"Vocalizar, vocalizar y...vocalizar | HOJAS SUELTAS Peri\u00f3dico Cultural","description":"LOS BLOGS DE HOJAS SUELTAS. Al Amanecer, por Anxo do Rego: La voz de la pantalla: una llamada urgente a la vocalizaci\u00f3n en el cine espa\u00f1ol. Me preocupa la vocalizaci\u00f3n, y no solo la de la gente com\u00fan con la que convivimos en el d\u00eda a d\u00eda, tanto en el \u00e1mbito laboral como en el privado","robots":{"index":"index","follow":"follow","max-snippet":"max-snippet:-1","max-image-preview":"max-image-preview:large","max-video-preview":"max-video-preview:-1"},"canonical":"https:\/\/hojassueltas.es\/?p=13925","og_locale":"es_ES","og_type":"article","og_title":"Vocalizar, vocalizar y...vocalizar | HOJAS SUELTAS Peri\u00f3dico Cultural","og_description":"LOS BLOGS DE HOJAS SUELTAS. Al Amanecer, por Anxo do Rego: La voz de la pantalla: una llamada urgente a la vocalizaci\u00f3n en el cine espa\u00f1ol. Me preocupa la vocalizaci\u00f3n, y no solo la de la gente com\u00fan con la que convivimos en el d\u00eda a d\u00eda, tanto en el \u00e1mbito laboral como en el privado","og_url":"https:\/\/hojassueltas.es\/?p=13925","og_site_name":"HOJAS SUELTAS Peri\u00f3dico Cultural","article_author":"https:\/\/www.facebook.com\/anxodoregoescritor\/","article_published_time":"2024-09-16T22:00:37+00:00","article_modified_time":"2025-12-01T10:37:17+00:00","og_image":[{"width":1050,"height":610,"url":"https:\/\/hojassueltas.es\/wp-content\/uploads\/2024\/09\/Vocalizacion_HS.png","type":"image\/png"}],"author":"Anxo do Rego","twitter_card":"summary_large_image","twitter_creator":"@HOJASSUELTAS22","twitter_site":"@HOJASSUELTAS22","twitter_misc":{"Escrito por":"Anxo do Rego","Tiempo de lectura":"4 minutos"},"schema":{"@context":"https:\/\/schema.org","@graph":[{"@type":["Article","BlogPosting"],"@id":"https:\/\/hojassueltas.es\/?p=13925#article","isPartOf":{"@id":"https:\/\/hojassueltas.es\/?p=13925"},"author":{"name":"Anxo do Rego","@id":"https:\/\/hojassueltas.es\/#\/schema\/person\/cc93a1a1f7825a6e1d2c9bddd471a87c"},"headline":"Vocalizar, vocalizar y&#8230;vocalizar","datePublished":"2024-09-16T22:00:37+00:00","dateModified":"2025-12-01T10:37:17+00:00","mainEntityOfPage":{"@id":"https:\/\/hojassueltas.es\/?p=13925"},"wordCount":722,"commentCount":0,"publisher":{"@id":"https:\/\/hojassueltas.es\/#organization"},"image":{"@id":"https:\/\/hojassueltas.es\/?p=13925#primaryimage"},"thumbnailUrl":"https:\/\/hojassueltas.es\/wp-content\/uploads\/2024\/09\/Vocalizacion_HS.png","keywords":["Anxo do Rego"],"articleSection":["SIN CATEGOR\u00cdA"],"inLanguage":"es","potentialAction":[{"@type":"CommentAction","name":"Comment","target":["https:\/\/hojassueltas.es\/?p=13925#respond"]}]},{"@type":"WebPage","@id":"https:\/\/hojassueltas.es\/?p=13925","url":"https:\/\/hojassueltas.es\/?p=13925","name":"Vocalizar, vocalizar y...vocalizar | HOJAS SUELTAS Peri\u00f3dico Cultural","isPartOf":{"@id":"https:\/\/hojassueltas.es\/#website"},"primaryImageOfPage":{"@id":"https:\/\/hojassueltas.es\/?p=13925#primaryimage"},"image":{"@id":"https:\/\/hojassueltas.es\/?p=13925#primaryimage"},"thumbnailUrl":"https:\/\/hojassueltas.es\/wp-content\/uploads\/2024\/09\/Vocalizacion_HS.png","datePublished":"2024-09-16T22:00:37+00:00","dateModified":"2025-12-01T10:37:17+00:00","description":"LOS BLOGS DE HOJAS SUELTAS. Al Amanecer, por Anxo do Rego: La voz de la pantalla: una llamada urgente a la vocalizaci\u00f3n en el cine espa\u00f1ol. Me preocupa la vocalizaci\u00f3n, y no solo la de la gente com\u00fan con la que convivimos en el d\u00eda a d\u00eda, tanto en el \u00e1mbito laboral como en el privado","breadcrumb":{"@id":"https:\/\/hojassueltas.es\/?p=13925#breadcrumb"},"inLanguage":"es","potentialAction":[{"@type":"ReadAction","target":["https:\/\/hojassueltas.es\/?p=13925"]}]},{"@type":"ImageObject","inLanguage":"es","@id":"https:\/\/hojassueltas.es\/?p=13925#primaryimage","url":"https:\/\/hojassueltas.es\/wp-content\/uploads\/2024\/09\/Vocalizacion_HS.png","contentUrl":"https:\/\/hojassueltas.es\/wp-content\/uploads\/2024\/09\/Vocalizacion_HS.png","width":1050,"height":610},{"@type":"BreadcrumbList","@id":"https:\/\/hojassueltas.es\/?p=13925#breadcrumb","itemListElement":[{"@type":"ListItem","position":1,"name":"Portada","item":"https:\/\/hojassueltas.es\/"},{"@type":"ListItem","position":2,"name":"Vocalizar, vocalizar y&#8230;vocalizar"}]},{"@type":"WebSite","@id":"https:\/\/hojassueltas.es\/#website","url":"https:\/\/hojassueltas.es\/","name":"HojasSueltas.es","description":"GRANADA - Peri\u00f3dico Cultural","publisher":{"@id":"https:\/\/hojassueltas.es\/#organization"},"alternateName":"H.S. Periodico Cultural","potentialAction":[{"@type":"SearchAction","target":{"@type":"EntryPoint","urlTemplate":"https:\/\/hojassueltas.es\/?s={search_term_string}"},"query-input":{"@type":"PropertyValueSpecification","valueRequired":true,"valueName":"search_term_string"}}],"inLanguage":"es"},{"@type":"Organization","@id":"https:\/\/hojassueltas.es\/#organization","name":"HOJAS SUELTAS - Peri\u00f3dico Cultural","alternateName":"HS - HOJAS SUELTAS Peri\u00f3dico Cultural","url":"https:\/\/hojassueltas.es\/","logo":{"@type":"ImageObject","inLanguage":"es","@id":"https:\/\/hojassueltas.es\/#\/schema\/logo\/image\/","url":"https:\/\/hojassueltas.es\/wp-content\/uploads\/2025\/08\/Icono-HS_2.png","contentUrl":"https:\/\/hojassueltas.es\/wp-content\/uploads\/2025\/08\/Icono-HS_2.png","width":500,"height":500,"caption":"HOJAS SUELTAS - Peri\u00f3dico Cultural"},"image":{"@id":"https:\/\/hojassueltas.es\/#\/schema\/logo\/image\/"},"sameAs":["https:\/\/x.com\/HOJASSUELTAS22"]},{"@type":"Person","@id":"https:\/\/hojassueltas.es\/#\/schema\/person\/cc93a1a1f7825a6e1d2c9bddd471a87c","name":"Anxo do Rego","image":{"@type":"ImageObject","inLanguage":"es","@id":"https:\/\/hojassueltas.es\/wp-content\/uploads\/2025\/02\/Anxo-do-Rego_2025-96x96.jpg","url":"https:\/\/hojassueltas.es\/wp-content\/uploads\/2025\/02\/Anxo-do-Rego_2025-96x96.jpg","contentUrl":"https:\/\/hojassueltas.es\/wp-content\/uploads\/2025\/02\/Anxo-do-Rego_2025-96x96.jpg","caption":"Anxo do Rego"},"description":"Narrador. Fundador, director y editor de la extinta editorial PG Ediciones. Actualmente asesora y colabora en las editoriales: Editorial Skytale y Aldo Ediciones, del Grupo Editorial Regina Exlibris. Director y redactor del diario cultural Hojas Sueltas. Fundador en 2014 de una de las primeras revistas digitales del g\u00e9nero negro y policial \u00abSolo Novela Negra\u00bb. Participa en numerosas instituciones culturales. Su narrativa se sustenta principalmente en la novela polic\u00edaca con diecis\u00e9is t\u00edtulos del comisario del CNP, Roberto H.C. como protagonista, aunque realiza incursiones en otros g\u00e9neros literarios, tales como la ficci\u00f3n hist\u00f3rica, ciencia ficci\u00f3n, suspense y sentimentales. Mantiene su creatividad literaria con novelas, relatos, art\u00edculos, rese\u00f1as literarias y ensayos.","sameAs":["https:\/\/anxodorego.com\/","https:\/\/www.facebook.com\/anxodoregoescritor\/"],"url":"https:\/\/hojassueltas.es\/?author=18"}]}},"_links":{"self":[{"href":"https:\/\/hojassueltas.es\/index.php?rest_route=\/wp\/v2\/posts\/13925","targetHints":{"allow":["GET"]}}],"collection":[{"href":"https:\/\/hojassueltas.es\/index.php?rest_route=\/wp\/v2\/posts"}],"about":[{"href":"https:\/\/hojassueltas.es\/index.php?rest_route=\/wp\/v2\/types\/post"}],"author":[{"embeddable":true,"href":"https:\/\/hojassueltas.es\/index.php?rest_route=\/wp\/v2\/users\/18"}],"replies":[{"embeddable":true,"href":"https:\/\/hojassueltas.es\/index.php?rest_route=%2Fwp%2Fv2%2Fcomments&post=13925"}],"version-history":[{"count":1,"href":"https:\/\/hojassueltas.es\/index.php?rest_route=\/wp\/v2\/posts\/13925\/revisions"}],"predecessor-version":[{"id":13927,"href":"https:\/\/hojassueltas.es\/index.php?rest_route=\/wp\/v2\/posts\/13925\/revisions\/13927"}],"wp:featuredmedia":[{"embeddable":true,"href":"https:\/\/hojassueltas.es\/index.php?rest_route=\/wp\/v2\/media\/13926"}],"wp:attachment":[{"href":"https:\/\/hojassueltas.es\/index.php?rest_route=%2Fwp%2Fv2%2Fmedia&parent=13925"}],"wp:term":[{"taxonomy":"category","embeddable":true,"href":"https:\/\/hojassueltas.es\/index.php?rest_route=%2Fwp%2Fv2%2Fcategories&post=13925"},{"taxonomy":"post_tag","embeddable":true,"href":"https:\/\/hojassueltas.es\/index.php?rest_route=%2Fwp%2Fv2%2Ftags&post=13925"}],"curies":[{"name":"wp","href":"https:\/\/api.w.org\/{rel}","templated":true}]}}