{"id":13916,"date":"2024-09-07T15:00:14","date_gmt":"2024-09-07T13:00:14","guid":{"rendered":"https:\/\/hojassueltas.es\/?p=13916"},"modified":"2025-08-26T09:08:42","modified_gmt":"2025-08-26T08:08:42","slug":"cartagena-negra-2024-viernes-6-de-septiembre","status":"publish","type":"post","link":"https:\/\/hojassueltas.es\/?p=13916","title":{"rendered":"Cartagena Negra 2024 &#8211; Viernes 6 de septiembre"},"content":{"rendered":"<h2 class=\"wp-block-heading has-text-align-center\">LA BR\u00daJULA DE LA NOVELA NEGRA<\/h2>\n<p class=\"has-text-align-justify\" style=\"text-align: justify;\">La\u00a0<strong>librer\u00eda Santos Ochoa<\/strong>\u00a0se convirti\u00f3 en un punto de encuentro literario que atrajo a amantes de la lectura y seguidores de la obra de\u00a0<strong>Marto Pariente.<\/strong>\u00a0La presentaci\u00f3n de sus \u00faltimas dos obras: \u00abLas horas crueles\u00bb y \u00abHierro viejo\u00bb, corri\u00f3 a cargo de\u00a0<strong>Jes\u00fas Boluda<\/strong>. Los asistentes, se acomodaron entre estanter\u00edas repletas de libros, creando un ambiente acogedor y propicio para la conversaci\u00f3n literaria.<\/p>\n<div class=\"wp-block-image\">\n<figure class=\"aligncenter size-large\"><img loading=\"lazy\" decoding=\"async\" class=\"wp-image-1685 aligncenter\" tabindex=\"0\" role=\"button\" src=\"https:\/\/lesaliteratura.blog\/wp-content\/uploads\/2024\/09\/img_20240906_125937.jpg?w=775\" alt=\"\" width=\"518\" height=\"233\" data-attachment-id=\"1685\" data-permalink=\"https:\/\/lesaliteratura.blog\/2024\/09\/07\/cartagena-negra-2024-4\/img_20240906_125937\/\" data-orig-file=\"https:\/\/lesaliteratura.blog\/wp-content\/uploads\/2024\/09\/img_20240906_125937.jpg\" data-orig-size=\"4096,1844\" data-comments-opened=\"1\" data-image-meta=\"{&quot;aperture&quot;:&quot;1.9&quot;,&quot;credit&quot;:&quot;&quot;,&quot;camera&quot;:&quot;2210132G&quot;,&quot;caption&quot;:&quot;&quot;,&quot;created_timestamp&quot;:&quot;1725627577&quot;,&quot;copyright&quot;:&quot;&quot;,&quot;focal_length&quot;:&quot;7.79&quot;,&quot;iso&quot;:&quot;320&quot;,&quot;shutter_speed&quot;:&quot;0.02&quot;,&quot;title&quot;:&quot;&quot;,&quot;orientation&quot;:&quot;1&quot;}\" data-image-title=\"IMG_20240906_125937\" data-image-description=\"\" data-image-caption=\"\" data-medium-file=\"https:\/\/lesaliteratura.blog\/wp-content\/uploads\/2024\/09\/img_20240906_125937.jpg?w=300\" data-large-file=\"https:\/\/lesaliteratura.blog\/wp-content\/uploads\/2024\/09\/img_20240906_125937.jpg?w=775\" \/><\/figure>\n<\/div>\n<p class=\"has-text-align-justify\" style=\"text-align: justify;\">Boluda destac\u00f3 la singularidad de Pariente como autor, su capacidad para entrelazar la realidad con la ficci\u00f3n y su estilo narrativo que invita a la reflexi\u00f3n. A medida que Boluda desglosaba las tem\u00e1ticas de las obras presentadas, se notaba la admiraci\u00f3n que sent\u00eda por su colega. Habl\u00f3 sobre la profundidad de los personajes de Pariente, su habilidad para capturar emociones y su compromiso con la verdad en la narrativa. Despu\u00e9s de la presentaci\u00f3n, lleg\u00f3 el momento m\u00e1s esperado: la firma de libros. Los asistentes que lo desearon pudieron obtener su ejemplar firmado y dedicado por Marto Pariente.<\/p>\n<div class=\"wp-block-image\">\n<figure class=\"aligncenter size-large\"><img loading=\"lazy\" decoding=\"async\" class=\"wp-image-1686\" tabindex=\"0\" role=\"button\" src=\"https:\/\/lesaliteratura.blog\/wp-content\/uploads\/2024\/09\/img_20240906_125957.jpg?w=775\" alt=\"\" width=\"775\" height=\"348\" data-attachment-id=\"1686\" data-permalink=\"https:\/\/lesaliteratura.blog\/2024\/09\/07\/cartagena-negra-2024-4\/img_20240906_125957\/\" data-orig-file=\"https:\/\/lesaliteratura.blog\/wp-content\/uploads\/2024\/09\/img_20240906_125957.jpg\" data-orig-size=\"4080,1836\" data-comments-opened=\"1\" data-image-meta=\"{&quot;aperture&quot;:&quot;2&quot;,&quot;credit&quot;:&quot;&quot;,&quot;camera&quot;:&quot;2210132G&quot;,&quot;caption&quot;:&quot;&quot;,&quot;created_timestamp&quot;:&quot;1725627597&quot;,&quot;copyright&quot;:&quot;&quot;,&quot;focal_length&quot;:&quot;10&quot;,&quot;iso&quot;:&quot;640&quot;,&quot;shutter_speed&quot;:&quot;0.03&quot;,&quot;title&quot;:&quot;&quot;,&quot;orientation&quot;:&quot;1&quot;}\" data-image-title=\"IMG_20240906_125957\" data-image-description=\"\" data-image-caption=\"\" data-medium-file=\"https:\/\/lesaliteratura.blog\/wp-content\/uploads\/2024\/09\/img_20240906_125957.jpg?w=300\" data-large-file=\"https:\/\/lesaliteratura.blog\/wp-content\/uploads\/2024\/09\/img_20240906_125957.jpg?w=775\" \/><\/figure>\n<\/div>\n<h2 class=\"wp-block-heading has-text-align-center\">CLAUDIO CERD\u00c1N\u00a0Y\u00a0\u00abEL HOMBRE SIN ROSTRO\u00bb<\/h2>\n<div class=\"wp-block-image\">\n<figure class=\"aligncenter size-large\"><img loading=\"lazy\" decoding=\"async\" class=\"wp-image-1692\" tabindex=\"0\" role=\"button\" src=\"https:\/\/lesaliteratura.blog\/wp-content\/uploads\/2024\/09\/img_20240906_170105.jpg?w=775\" alt=\"\" width=\"775\" height=\"348\" data-attachment-id=\"1692\" data-permalink=\"https:\/\/lesaliteratura.blog\/2024\/09\/07\/cartagena-negra-2024-4\/img_20240906_170105\/\" data-orig-file=\"https:\/\/lesaliteratura.blog\/wp-content\/uploads\/2024\/09\/img_20240906_170105.jpg\" data-orig-size=\"4096,1844\" data-comments-opened=\"1\" data-image-meta=\"{&quot;aperture&quot;:&quot;1.9&quot;,&quot;credit&quot;:&quot;&quot;,&quot;camera&quot;:&quot;2210132G&quot;,&quot;caption&quot;:&quot;&quot;,&quot;created_timestamp&quot;:&quot;1725642065&quot;,&quot;copyright&quot;:&quot;&quot;,&quot;focal_length&quot;:&quot;7.79&quot;,&quot;iso&quot;:&quot;160&quot;,&quot;shutter_speed&quot;:&quot;0.01&quot;,&quot;title&quot;:&quot;&quot;,&quot;orientation&quot;:&quot;1&quot;}\" data-image-title=\"IMG_20240906_170105\" data-image-description=\"\" data-image-caption=\"\" data-medium-file=\"https:\/\/lesaliteratura.blog\/wp-content\/uploads\/2024\/09\/img_20240906_170105.jpg?w=300\" data-large-file=\"https:\/\/lesaliteratura.blog\/wp-content\/uploads\/2024\/09\/img_20240906_170105.jpg?w=775\" \/><\/figure>\n<\/div>\n<p class=\"has-text-align-justify\" style=\"text-align: justify;\">Por la tarde volvimos al\u00a0<strong>Luzzy<\/strong>\u00a0y el club de lectura se reuni\u00f3 en un ambiente fresquito y acogedor para disfrutar de un encuentro con el talentoso autor\u00a0<strong>Claudio Cerd\u00e1n<\/strong>, para comentar la lectura de su novela\u00a0<strong>\u00abEl hombre sin rostro\u00bb<\/strong>. La presentaci\u00f3n estuvo a cargo de\u00a0<strong>Salvador Mart\u00ednez<\/strong>, conocido por su trabajo en la confecci\u00f3n de los carteles de\u00a0<strong>Cartagena Negra<\/strong>, quien aport\u00f3 su propio estilo al evento.<\/p>\n<div class=\"wp-block-image\">\n<figure class=\"aligncenter size-large is-resized\"><img loading=\"lazy\" decoding=\"async\" class=\"wp-image-1694\" tabindex=\"0\" role=\"button\" src=\"https:\/\/lesaliteratura.blog\/wp-content\/uploads\/2024\/09\/img_20240906_170332.jpg?w=775\" alt=\"\" width=\"775\" height=\"348\" data-attachment-id=\"1694\" data-permalink=\"https:\/\/lesaliteratura.blog\/2024\/09\/07\/cartagena-negra-2024-4\/img_20240906_170332\/\" data-orig-file=\"https:\/\/lesaliteratura.blog\/wp-content\/uploads\/2024\/09\/img_20240906_170332.jpg\" data-orig-size=\"4080,1836\" data-comments-opened=\"1\" data-image-meta=\"{&quot;aperture&quot;:&quot;2&quot;,&quot;credit&quot;:&quot;&quot;,&quot;camera&quot;:&quot;2210132G&quot;,&quot;caption&quot;:&quot;&quot;,&quot;created_timestamp&quot;:&quot;1725642212&quot;,&quot;copyright&quot;:&quot;&quot;,&quot;focal_length&quot;:&quot;10&quot;,&quot;iso&quot;:&quot;125&quot;,&quot;shutter_speed&quot;:&quot;0.01&quot;,&quot;title&quot;:&quot;&quot;,&quot;orientation&quot;:&quot;1&quot;}\" data-image-title=\"IMG_20240906_170332\" data-image-description=\"\" data-image-caption=\"\" data-medium-file=\"https:\/\/lesaliteratura.blog\/wp-content\/uploads\/2024\/09\/img_20240906_170332.jpg?w=300\" data-large-file=\"https:\/\/lesaliteratura.blog\/wp-content\/uploads\/2024\/09\/img_20240906_170332.jpg?w=775\" \/><\/figure>\n<\/div>\n<div class=\"wp-block-image\">\n<figure class=\"aligncenter size-large\"><img loading=\"lazy\" decoding=\"async\" class=\"wp-image-1695\" tabindex=\"0\" role=\"button\" src=\"https:\/\/lesaliteratura.blog\/wp-content\/uploads\/2024\/09\/img_20240906_170637.jpg?w=775\" alt=\"\" width=\"775\" height=\"348\" data-attachment-id=\"1695\" data-permalink=\"https:\/\/lesaliteratura.blog\/2024\/09\/07\/cartagena-negra-2024-4\/img_20240906_170637\/\" data-orig-file=\"https:\/\/lesaliteratura.blog\/wp-content\/uploads\/2024\/09\/img_20240906_170637.jpg\" data-orig-size=\"4096,1844\" data-comments-opened=\"1\" data-image-meta=\"{&quot;aperture&quot;:&quot;1.9&quot;,&quot;credit&quot;:&quot;&quot;,&quot;camera&quot;:&quot;2210132G&quot;,&quot;caption&quot;:&quot;&quot;,&quot;created_timestamp&quot;:&quot;1725642397&quot;,&quot;copyright&quot;:&quot;&quot;,&quot;focal_length&quot;:&quot;7.79&quot;,&quot;iso&quot;:&quot;200&quot;,&quot;shutter_speed&quot;:&quot;0.01&quot;,&quot;title&quot;:&quot;&quot;,&quot;orientation&quot;:&quot;1&quot;}\" data-image-title=\"IMG_20240906_170637\" data-image-description=\"\" data-image-caption=\"\" data-medium-file=\"https:\/\/lesaliteratura.blog\/wp-content\/uploads\/2024\/09\/img_20240906_170637.jpg?w=300\" data-large-file=\"https:\/\/lesaliteratura.blog\/wp-content\/uploads\/2024\/09\/img_20240906_170637.jpg?w=775\" \/><\/figure>\n<\/div>\n<p class=\"has-text-align-justify\" style=\"text-align: justify;\">Los miembros del club de lectura, la mayor\u00eda mujeres, se acomodaron dispuestas a escuchar a\u00a0<strong>Claudio<\/strong>, el cual, amenaz\u00f3 con sentarse entre el p\u00fablico y formar un c\u00edrculo con las sillas si no las lectoras no lo fre\u00edan a preguntas.\u00a0<strong>Salvador Mart\u00ednez<\/strong>, abri\u00f3 la sesi\u00f3n repasando la biograf\u00eda del autor y compartiendo la admiraci\u00f3n por su obra.\u00a0<strong>Claudio Cerd\u00e1n<\/strong>, por su parte, se mostr\u00f3 accesible y entusiasta. Al tomar la palabra, comparti\u00f3 an\u00e9cdotas sobre el proceso de escritura de su novela, revelando los desaf\u00edos y las inspiraciones que lo llevaron a crear esta historia. Su cercan\u00eda y sinceridad hicieron que los miembros del club se sintieran c\u00f3modos para hacer preguntas y compartir sus impresiones sobre la obra.<\/p>\n<div class=\"wp-block-image\">\n<figure class=\"aligncenter size-large\"><img loading=\"lazy\" decoding=\"async\" class=\"wp-image-1697\" tabindex=\"0\" role=\"button\" src=\"https:\/\/lesaliteratura.blog\/wp-content\/uploads\/2024\/09\/img_20240906_170356.jpg?w=775\" alt=\"\" width=\"775\" height=\"348\" data-attachment-id=\"1697\" data-permalink=\"https:\/\/lesaliteratura.blog\/2024\/09\/07\/cartagena-negra-2024-4\/img_20240906_170356\/\" data-orig-file=\"https:\/\/lesaliteratura.blog\/wp-content\/uploads\/2024\/09\/img_20240906_170356.jpg\" data-orig-size=\"4080,1836\" data-comments-opened=\"1\" data-image-meta=\"{&quot;aperture&quot;:&quot;2&quot;,&quot;credit&quot;:&quot;&quot;,&quot;camera&quot;:&quot;2210132G&quot;,&quot;caption&quot;:&quot;&quot;,&quot;created_timestamp&quot;:&quot;1725642236&quot;,&quot;copyright&quot;:&quot;&quot;,&quot;focal_length&quot;:&quot;10&quot;,&quot;iso&quot;:&quot;400&quot;,&quot;shutter_speed&quot;:&quot;0.01&quot;,&quot;title&quot;:&quot;&quot;,&quot;orientation&quot;:&quot;1&quot;}\" data-image-title=\"IMG_20240906_170356\" data-image-description=\"\" data-image-caption=\"\" data-medium-file=\"https:\/\/lesaliteratura.blog\/wp-content\/uploads\/2024\/09\/img_20240906_170356.jpg?w=300\" data-large-file=\"https:\/\/lesaliteratura.blog\/wp-content\/uploads\/2024\/09\/img_20240906_170356.jpg?w=775\" \/><\/figure>\n<\/div>\n<p style=\"text-align: justify;\">En la pausa, como en todas las anteriores jornadas, el p\u00fablico pudo disfrutar de la proyecci\u00f3n de otro de los cortometrajes finalistas de esta edici\u00f3n. Ma\u00f1ana sabremos cual es el ganador.<\/p>\n<div class=\"wp-block-image\">\n<figure class=\"aligncenter size-large\"><img loading=\"lazy\" decoding=\"async\" class=\"wp-image-1699\" tabindex=\"0\" role=\"button\" src=\"https:\/\/lesaliteratura.blog\/wp-content\/uploads\/2024\/09\/img_20240906_172629.jpg?w=775\" alt=\"\" width=\"775\" height=\"348\" data-attachment-id=\"1699\" data-permalink=\"https:\/\/lesaliteratura.blog\/2024\/09\/07\/cartagena-negra-2024-4\/img_20240906_172629\/\" data-orig-file=\"https:\/\/lesaliteratura.blog\/wp-content\/uploads\/2024\/09\/img_20240906_172629.jpg\" data-orig-size=\"4096,1844\" data-comments-opened=\"1\" data-image-meta=\"{&quot;aperture&quot;:&quot;1.9&quot;,&quot;credit&quot;:&quot;&quot;,&quot;camera&quot;:&quot;2210132G&quot;,&quot;caption&quot;:&quot;&quot;,&quot;created_timestamp&quot;:&quot;1725643589&quot;,&quot;copyright&quot;:&quot;&quot;,&quot;focal_length&quot;:&quot;7.79&quot;,&quot;iso&quot;:&quot;320&quot;,&quot;shutter_speed&quot;:&quot;0.04&quot;,&quot;title&quot;:&quot;&quot;,&quot;orientation&quot;:&quot;1&quot;}\" data-image-title=\"IMG_20240906_172629\" data-image-description=\"\" data-image-caption=\"\" data-medium-file=\"https:\/\/lesaliteratura.blog\/wp-content\/uploads\/2024\/09\/img_20240906_172629.jpg?w=300\" data-large-file=\"https:\/\/lesaliteratura.blog\/wp-content\/uploads\/2024\/09\/img_20240906_172629.jpg?w=775\" \/><\/figure>\n<\/div>\n<h2 class=\"wp-block-heading has-text-align-center\">\u00abPurasangre\u00bb de Noelia Lorenzo<\/h2>\n<p class=\"has-text-align-justify\" style=\"text-align: justify;\"><strong>Pilar Fern\u00e1ndez Senac<\/strong>, fue la encargada de abrir el tel\u00f3n de esta jornada literaria con la presentaci\u00f3n de\u00a0<strong>\u00abPurasangre\u00bb<\/strong>, la nueva obra de Noelia Lorenzo Pino.<\/p>\n<div class=\"wp-block-image\"><\/div>\n<p class=\"has-text-align-justify\"><strong>\u00abPurasangre\u00bb<\/strong>\u00a0no solo es una novela, sino un viaje emocional que invita a los lectores a explorar las complejidades de la identidad y las relaciones humanas.\u00a0<strong>Noelia<\/strong>\u00a0cont\u00f3 como ha influido su experiencia personal en la obra. La literatura abraza y acuna, muchas veces en nuestros valles y sombras.<\/p>\n<div class=\"wp-block-image\">\n<figure class=\"aligncenter size-large\"><img loading=\"lazy\" decoding=\"async\" class=\"wp-image-1705\" tabindex=\"0\" role=\"button\" src=\"https:\/\/lesaliteratura.blog\/wp-content\/uploads\/2024\/09\/img_20240906_183102.jpg?w=775\" alt=\"\" width=\"775\" height=\"348\" data-attachment-id=\"1705\" data-permalink=\"https:\/\/lesaliteratura.blog\/2024\/09\/07\/cartagena-negra-2024-4\/img_20240906_183102\/\" data-orig-file=\"https:\/\/lesaliteratura.blog\/wp-content\/uploads\/2024\/09\/img_20240906_183102.jpg\" data-orig-size=\"4080,1836\" data-comments-opened=\"1\" data-image-meta=\"{&quot;aperture&quot;:&quot;2&quot;,&quot;credit&quot;:&quot;&quot;,&quot;camera&quot;:&quot;2210132G&quot;,&quot;caption&quot;:&quot;&quot;,&quot;created_timestamp&quot;:&quot;1725647462&quot;,&quot;copyright&quot;:&quot;&quot;,&quot;focal_length&quot;:&quot;10&quot;,&quot;iso&quot;:&quot;320&quot;,&quot;shutter_speed&quot;:&quot;0.02&quot;,&quot;title&quot;:&quot;&quot;,&quot;orientation&quot;:&quot;1&quot;}\" data-image-title=\"IMG_20240906_183102\" data-image-description=\"\" data-image-caption=\"\" data-medium-file=\"https:\/\/lesaliteratura.blog\/wp-content\/uploads\/2024\/09\/img_20240906_183102.jpg?w=300\" data-large-file=\"https:\/\/lesaliteratura.blog\/wp-content\/uploads\/2024\/09\/img_20240906_183102.jpg?w=775\" \/><\/figure>\n<\/div>\n<p class=\"has-text-align-justify\" style=\"text-align: justify;\">A medida que\u00a0<strong>Pilar<\/strong>\u00a0desglosaba los temas centrales de la obra, se pod\u00eda sentir la conexi\u00f3n entre la autora y presentadora. Hizo hincapi\u00e9 en la habilidad de\u00a0<strong>Noelia<\/strong>\u00a0para tejer narrativas que, aunque profundamente personales, logran tocar las fibras universales de la experiencia humana. La forma en que abord\u00f3 la lucha interna de los personajes y sus dilemas existenciales segramente dej\u00f3 a muchos reflexionando. La autora habl\u00f3 sobre el proceso creativo detr\u00e1s de\u00a0<strong>\u00abPurasangre\u00bb<\/strong>. Su pasi\u00f3n por la escritura y su deseo de conectar con los lectores eran evidentes, y el p\u00fablico hizo cola al final para obtener un ejemplar firmado.<\/p>\n<div class=\"wp-block-image\">\n<figure class=\"aligncenter size-large\"><img loading=\"lazy\" decoding=\"async\" class=\"wp-image-1707\" tabindex=\"0\" role=\"button\" src=\"https:\/\/lesaliteratura.blog\/wp-content\/uploads\/2024\/09\/img_20240906_185557.jpg?w=768\" alt=\"\" width=\"768\" height=\"1024\" data-attachment-id=\"1707\" data-permalink=\"https:\/\/lesaliteratura.blog\/2024\/09\/07\/cartagena-negra-2024-4\/img_20240906_185557\/\" data-orig-file=\"https:\/\/lesaliteratura.blog\/wp-content\/uploads\/2024\/09\/img_20240906_185557.jpg\" data-orig-size=\"3060,4080\" data-comments-opened=\"1\" data-image-meta=\"{&quot;aperture&quot;:&quot;2&quot;,&quot;credit&quot;:&quot;&quot;,&quot;camera&quot;:&quot;2210132G&quot;,&quot;caption&quot;:&quot;&quot;,&quot;created_timestamp&quot;:&quot;1725648957&quot;,&quot;copyright&quot;:&quot;&quot;,&quot;focal_length&quot;:&quot;10&quot;,&quot;iso&quot;:&quot;100&quot;,&quot;shutter_speed&quot;:&quot;0.01&quot;,&quot;title&quot;:&quot;&quot;,&quot;orientation&quot;:&quot;1&quot;}\" data-image-title=\"IMG_20240906_185557\" data-image-description=\"\" data-image-caption=\"\" data-medium-file=\"https:\/\/lesaliteratura.blog\/wp-content\/uploads\/2024\/09\/img_20240906_185557.jpg?w=225\" data-large-file=\"https:\/\/lesaliteratura.blog\/wp-content\/uploads\/2024\/09\/img_20240906_185557.jpg?w=768\" \/><\/figure>\n<\/div>\n<div class=\"wp-block-image\">\n<figure class=\"aligncenter size-large\"><img loading=\"lazy\" decoding=\"async\" class=\"wp-image-1709\" tabindex=\"0\" role=\"button\" src=\"https:\/\/lesaliteratura.blog\/wp-content\/uploads\/2024\/09\/img_20240906_190822.jpg?w=775\" alt=\"\" width=\"775\" height=\"581\" data-attachment-id=\"1709\" data-permalink=\"https:\/\/lesaliteratura.blog\/2024\/09\/07\/cartagena-negra-2024-4\/img_20240906_190822\/\" data-orig-file=\"https:\/\/lesaliteratura.blog\/wp-content\/uploads\/2024\/09\/img_20240906_190822.jpg\" data-orig-size=\"4080,3060\" data-comments-opened=\"1\" data-image-meta=\"{&quot;aperture&quot;:&quot;2&quot;,&quot;credit&quot;:&quot;&quot;,&quot;camera&quot;:&quot;2210132G&quot;,&quot;caption&quot;:&quot;&quot;,&quot;created_timestamp&quot;:&quot;1725649702&quot;,&quot;copyright&quot;:&quot;&quot;,&quot;focal_length&quot;:&quot;10&quot;,&quot;iso&quot;:&quot;50&quot;,&quot;shutter_speed&quot;:&quot;0.007943315&quot;,&quot;title&quot;:&quot;&quot;,&quot;orientation&quot;:&quot;1&quot;}\" data-image-title=\"IMG_20240906_190822\" data-image-description=\"\" data-image-caption=\"\" data-medium-file=\"https:\/\/lesaliteratura.blog\/wp-content\/uploads\/2024\/09\/img_20240906_190822.jpg?w=300\" data-large-file=\"https:\/\/lesaliteratura.blog\/wp-content\/uploads\/2024\/09\/img_20240906_190822.jpg?w=775\" \/><\/figure>\n<\/div>\n<div class=\"wp-block-image\">\n<figure class=\"aligncenter size-large is-resized\"><img loading=\"lazy\" decoding=\"async\" class=\"wp-image-1712\" tabindex=\"0\" role=\"button\" src=\"https:\/\/lesaliteratura.blog\/wp-content\/uploads\/2024\/09\/img_20240906_191235.jpg?w=768\" alt=\"\" width=\"768\" height=\"1024\" data-attachment-id=\"1712\" data-permalink=\"https:\/\/lesaliteratura.blog\/2024\/09\/07\/cartagena-negra-2024-4\/img_20240906_191235\/\" data-orig-file=\"https:\/\/lesaliteratura.blog\/wp-content\/uploads\/2024\/09\/img_20240906_191235.jpg\" data-orig-size=\"3060,4080\" data-comments-opened=\"1\" data-image-meta=\"{&quot;aperture&quot;:&quot;2&quot;,&quot;credit&quot;:&quot;&quot;,&quot;camera&quot;:&quot;2210132G&quot;,&quot;caption&quot;:&quot;&quot;,&quot;created_timestamp&quot;:&quot;1725649955&quot;,&quot;copyright&quot;:&quot;&quot;,&quot;focal_length&quot;:&quot;10&quot;,&quot;iso&quot;:&quot;160&quot;,&quot;shutter_speed&quot;:&quot;0.01&quot;,&quot;title&quot;:&quot;&quot;,&quot;orientation&quot;:&quot;1&quot;}\" data-image-title=\"IMG_20240906_191235\" data-image-description=\"\" data-image-caption=\"\" data-medium-file=\"https:\/\/lesaliteratura.blog\/wp-content\/uploads\/2024\/09\/img_20240906_191235.jpg?w=225\" data-large-file=\"https:\/\/lesaliteratura.blog\/wp-content\/uploads\/2024\/09\/img_20240906_191235.jpg?w=768\" \/><\/figure>\n<\/div>\n<div class=\"wp-block-image\"><\/div>\n<h2 class=\"wp-block-heading has-text-align-center\">MESA REDONDA<\/h2>\n<h2 class=\"wp-block-heading has-text-align-center\">\u00abLA PRIMERA VEZ, O CASI\u00bb<\/h2>\n<div class=\"wp-block-image\">\n<figure class=\"aligncenter size-large is-resized\"><img loading=\"lazy\" decoding=\"async\" class=\"wp-image-1737\" tabindex=\"0\" role=\"button\" src=\"https:\/\/lesaliteratura.blog\/wp-content\/uploads\/2024\/09\/img_20240906_201134.jpg?w=768\" alt=\"\" width=\"768\" height=\"1024\" data-attachment-id=\"1737\" data-permalink=\"https:\/\/lesaliteratura.blog\/2024\/09\/07\/cartagena-negra-2024-4\/img_20240906_201134\/\" data-orig-file=\"https:\/\/lesaliteratura.blog\/wp-content\/uploads\/2024\/09\/img_20240906_201134.jpg\" data-orig-size=\"3060,4080\" data-comments-opened=\"1\" data-image-meta=\"{&quot;aperture&quot;:&quot;2&quot;,&quot;credit&quot;:&quot;&quot;,&quot;camera&quot;:&quot;2210132G&quot;,&quot;caption&quot;:&quot;&quot;,&quot;created_timestamp&quot;:&quot;1725653494&quot;,&quot;copyright&quot;:&quot;&quot;,&quot;focal_length&quot;:&quot;10&quot;,&quot;iso&quot;:&quot;160&quot;,&quot;shutter_speed&quot;:&quot;0.01&quot;,&quot;title&quot;:&quot;&quot;,&quot;orientation&quot;:&quot;1&quot;}\" data-image-title=\"IMG_20240906_201134\" data-image-description=\"\" data-image-caption=\"\" data-medium-file=\"https:\/\/lesaliteratura.blog\/wp-content\/uploads\/2024\/09\/img_20240906_201134.jpg?w=225\" data-large-file=\"https:\/\/lesaliteratura.blog\/wp-content\/uploads\/2024\/09\/img_20240906_201134.jpg?w=768\" \/><\/figure>\n<\/div>\n<p style=\"text-align: justify;\">La mesa redonda\u00a0<strong>\u00abLa primera vez, o casi\u00bb<\/strong>, presentada por\u00a0<strong>Antonio Parra<\/strong>, promet\u00eda ser un espacio de reflexi\u00f3n y di\u00e1logo sobre las primeras experiencias literarias de tres autores destacados:\u00a0<strong>Cristian Schleu, Trif\u00f3n Abad y Ana Mart\u00ednez Mu\u00f1oz.<\/strong><\/p>\n<div class=\"wp-block-image\">\n<figure class=\"aligncenter size-large\"><img loading=\"lazy\" decoding=\"async\" class=\"wp-image-1725\" tabindex=\"0\" role=\"button\" src=\"https:\/\/lesaliteratura.blog\/wp-content\/uploads\/2024\/09\/img_20240906_192521.jpg?w=775\" alt=\"\" width=\"775\" height=\"348\" data-attachment-id=\"1725\" data-permalink=\"https:\/\/lesaliteratura.blog\/2024\/09\/07\/cartagena-negra-2024-4\/img_20240906_192521\/\" data-orig-file=\"https:\/\/lesaliteratura.blog\/wp-content\/uploads\/2024\/09\/img_20240906_192521.jpg\" data-orig-size=\"4096,1844\" data-comments-opened=\"1\" data-image-meta=\"{&quot;aperture&quot;:&quot;1.9&quot;,&quot;credit&quot;:&quot;&quot;,&quot;camera&quot;:&quot;2210132G&quot;,&quot;caption&quot;:&quot;&quot;,&quot;created_timestamp&quot;:&quot;1725650721&quot;,&quot;copyright&quot;:&quot;&quot;,&quot;focal_length&quot;:&quot;7.79&quot;,&quot;iso&quot;:&quot;125&quot;,&quot;shutter_speed&quot;:&quot;0.03&quot;,&quot;title&quot;:&quot;&quot;,&quot;orientation&quot;:&quot;1&quot;}\" data-image-title=\"IMG_20240906_192521\" data-image-description=\"\" data-image-caption=\"\" data-medium-file=\"https:\/\/lesaliteratura.blog\/wp-content\/uploads\/2024\/09\/img_20240906_192521.jpg?w=300\" data-large-file=\"https:\/\/lesaliteratura.blog\/wp-content\/uploads\/2024\/09\/img_20240906_192521.jpg?w=775\" \/><\/figure>\n<\/div>\n<p class=\"has-text-align-justify\" style=\"text-align: justify;\"><strong>Cristian Schleu de Barcelona con \u00abMuerte en tres texturas\u00bb<\/strong>. Cristian aborda dos campos que van de la mano: literatura y gastronom\u00eda. En un viaje tan inesperado como fascinante, aquel estudiante de Geolog\u00eda que un d\u00eda decidi\u00f3 adentrarse en el mundo de la publicidad, vio c\u00f3mo su trayectoria profesional le llevaba por caminos insospechados y apasionantes. Tras once a\u00f1os inmerso en el bullicio creativo de una agencia, decidi\u00f3 dar un giro radical a su vida al abrir las puertas de Helsinki, un acogedor restaurante situado en el coraz\u00f3n de Barcelona.<\/p>\n<div class=\"wp-block-image\"><\/div>\n<figure class=\"wp-block-image size-large\"><img loading=\"lazy\" decoding=\"async\" class=\"wp-image-1735 aligncenter\" tabindex=\"0\" role=\"button\" src=\"https:\/\/lesaliteratura.blog\/wp-content\/uploads\/2024\/09\/img_20240906_200517.jpg?w=775\" alt=\"\" width=\"775\" height=\"581\" data-attachment-id=\"1735\" data-permalink=\"https:\/\/lesaliteratura.blog\/2024\/09\/07\/cartagena-negra-2024-4\/img_20240906_200517\/\" data-orig-file=\"https:\/\/lesaliteratura.blog\/wp-content\/uploads\/2024\/09\/img_20240906_200517.jpg\" data-orig-size=\"4080,3060\" data-comments-opened=\"1\" data-image-meta=\"{&quot;aperture&quot;:&quot;2&quot;,&quot;credit&quot;:&quot;&quot;,&quot;camera&quot;:&quot;2210132G&quot;,&quot;caption&quot;:&quot;&quot;,&quot;created_timestamp&quot;:&quot;1725653117&quot;,&quot;copyright&quot;:&quot;&quot;,&quot;focal_length&quot;:&quot;10&quot;,&quot;iso&quot;:&quot;125&quot;,&quot;shutter_speed&quot;:&quot;0.01&quot;,&quot;title&quot;:&quot;&quot;,&quot;orientation&quot;:&quot;1&quot;}\" data-image-title=\"IMG_20240906_200517\" data-image-description=\"\" data-image-caption=\"\" data-medium-file=\"https:\/\/lesaliteratura.blog\/wp-content\/uploads\/2024\/09\/img_20240906_200517.jpg?w=300\" data-large-file=\"https:\/\/lesaliteratura.blog\/wp-content\/uploads\/2024\/09\/img_20240906_200517.jpg?w=775\" \/><\/figure>\n<p class=\"has-text-align-justify\" style=\"text-align: justify;\">Sin embargo, la inquietud por explorar nuevos horizontes lo llev\u00f3 a cerrar aquel cap\u00edtulo gastron\u00f3mico en tan solo tres a\u00f1os para adentrarse en los secretos culinarios de la prestigiosa escuela Hoffman de Barcelona. Fue as\u00ed como renaci\u00f3 de las cenizas de Helsinki para dar vida a Le Coq &amp; The Burg, un rinc\u00f3n deliciosamente ecl\u00e9ctico junto a la majestuosa Sagrada Familia, donde reinaban los sabores de huevos, hamburguesas, postres exquisitos y refrescantes zumos.<\/p>\n<div class=\"wp-block-image\">\n<figure class=\"aligncenter size-large\"><img loading=\"lazy\" decoding=\"async\" class=\"wp-image-1734\" tabindex=\"0\" role=\"button\" src=\"https:\/\/lesaliteratura.blog\/wp-content\/uploads\/2024\/09\/img_20240906_195906.jpg?w=775\" alt=\"\" width=\"775\" height=\"348\" data-attachment-id=\"1734\" data-permalink=\"https:\/\/lesaliteratura.blog\/2024\/09\/07\/cartagena-negra-2024-4\/img_20240906_195906\/\" data-orig-file=\"https:\/\/lesaliteratura.blog\/wp-content\/uploads\/2024\/09\/img_20240906_195906.jpg\" data-orig-size=\"4080,1836\" data-comments-opened=\"1\" data-image-meta=\"{&quot;aperture&quot;:&quot;2&quot;,&quot;credit&quot;:&quot;&quot;,&quot;camera&quot;:&quot;2210132G&quot;,&quot;caption&quot;:&quot;&quot;,&quot;created_timestamp&quot;:&quot;1725652746&quot;,&quot;copyright&quot;:&quot;&quot;,&quot;focal_length&quot;:&quot;10&quot;,&quot;iso&quot;:&quot;640&quot;,&quot;shutter_speed&quot;:&quot;0.01&quot;,&quot;title&quot;:&quot;&quot;,&quot;orientation&quot;:&quot;1&quot;}\" data-image-title=\"IMG_20240906_195906\" data-image-description=\"\" data-image-caption=\"\" data-medium-file=\"https:\/\/lesaliteratura.blog\/wp-content\/uploads\/2024\/09\/img_20240906_195906.jpg?w=300\" data-large-file=\"https:\/\/lesaliteratura.blog\/wp-content\/uploads\/2024\/09\/img_20240906_195906.jpg?w=775\" \/><\/figure>\n<\/div>\n<p style=\"text-align: justify;\">El \u00e9xito parec\u00eda sonre\u00edrle en cada plato que sal\u00eda de su cocina, pero el destino le ten\u00eda preparada una vuelta de tuerca inesperada. Una operaci\u00f3n en la espalda hizo que se viera obligado a dejar atr\u00e1s sus fogones y regresar al mundo de la publicidad, donde hab\u00eda cosechado \u00e9xitos y reconocimiento en el pasado.<\/p>\n<p class=\"has-text-align-justify\" style=\"text-align: justify;\">No obstante, ha sido en las p\u00e1ginas de la literatura donde ha encontrado la chispa que encendi\u00f3 de nuevo su pasi\u00f3n culinaria. Las palabras se han convirtido en ingredientes, los p\u00e1rrafos en recetas y los cap\u00edtulos en men\u00fas. As\u00ed, con cada plato que elaboraba, con cada historia que escribe y donde ha vuelto a encontrar su verdadera vocaci\u00f3n: la magia de crear experiencias sensoriales a trav\u00e9s de los fogones, inspirado por la poes\u00eda de las letras y el sabor de la vida.<\/p>\n<p style=\"text-align: justify;\">En\u00a0<strong>\u00abMuerte en tres texturas\u00bb<\/strong>\u00a0El chef Philippe Bouvier y su ayudante Tsu del restaurante White Spoon en Londres se enfrentan a una serie de asesinatos con un peculiar enfoque gastron\u00f3mico. Su cu\u00f1ado, el capit\u00e1n Hadrien Gibbs de Scotland Yard, los involucra en la investigaci\u00f3n para descubrir al asesino. Philippe pronto descubre que su colaboraci\u00f3n podr\u00eda tener consecuencias mortales.<\/p>\n<div class=\"wp-block-image\">\n<figure class=\"aligncenter size-large\"><img loading=\"lazy\" decoding=\"async\" class=\"wp-image-1742\" tabindex=\"0\" role=\"button\" src=\"https:\/\/lesaliteratura.blog\/wp-content\/uploads\/2024\/09\/img_20240906_202422.jpg?w=775\" alt=\"\" width=\"775\" height=\"348\" data-attachment-id=\"1742\" data-permalink=\"https:\/\/lesaliteratura.blog\/2024\/09\/07\/cartagena-negra-2024-4\/img_20240906_202422\/\" data-orig-file=\"https:\/\/lesaliteratura.blog\/wp-content\/uploads\/2024\/09\/img_20240906_202422.jpg\" data-orig-size=\"4080,1836\" data-comments-opened=\"1\" data-image-meta=\"{&quot;aperture&quot;:&quot;2&quot;,&quot;credit&quot;:&quot;&quot;,&quot;camera&quot;:&quot;2210132G&quot;,&quot;caption&quot;:&quot;&quot;,&quot;created_timestamp&quot;:&quot;1725654262&quot;,&quot;copyright&quot;:&quot;&quot;,&quot;focal_length&quot;:&quot;10&quot;,&quot;iso&quot;:&quot;250&quot;,&quot;shutter_speed&quot;:&quot;0.01&quot;,&quot;title&quot;:&quot;&quot;,&quot;orientation&quot;:&quot;1&quot;}\" data-image-title=\"IMG_20240906_202422\" data-image-description=\"\" data-image-caption=\"\" data-medium-file=\"https:\/\/lesaliteratura.blog\/wp-content\/uploads\/2024\/09\/img_20240906_202422.jpg?w=300\" data-large-file=\"https:\/\/lesaliteratura.blog\/wp-content\/uploads\/2024\/09\/img_20240906_202422.jpg?w=775\" \/><\/figure>\n<\/div>\n<p class=\"has-text-align-justify\" style=\"text-align: justify;\"><strong>Ana Mart\u00ednez Mu\u00f1oz de Valencia con \u00abValencia Roja\u00bb<\/strong>. Ana es una escritora valenciana que ha sabido combinar su formaci\u00f3n en inform\u00e1tica con su pasi\u00f3n por la literatura. Tras trabajar en el \u00e1mbito de la investigaci\u00f3n y en el sector tecnol\u00f3gico, decidi\u00f3 dar el salto a la escritura con la novela\u00a0<strong>\u00abValencia Roja\u00bb<\/strong>, lo que demuestra que nunca es tarde para seguir nuestros sue\u00f1os.<\/p>\n<div class=\"wp-block-image\"><\/div>\n<div class=\"wp-block-image\"><\/div>\n<div class=\"wp-block-image\">\n<figure class=\"aligncenter size-large is-resized\"><img loading=\"lazy\" decoding=\"async\" class=\"wp-image-1739\" tabindex=\"0\" role=\"button\" src=\"https:\/\/lesaliteratura.blog\/wp-content\/uploads\/2024\/09\/img_20240906_200531.jpg?w=775\" alt=\"\" width=\"775\" height=\"581\" data-attachment-id=\"1739\" data-permalink=\"https:\/\/lesaliteratura.blog\/2024\/09\/07\/cartagena-negra-2024-4\/img_20240906_200531\/\" data-orig-file=\"https:\/\/lesaliteratura.blog\/wp-content\/uploads\/2024\/09\/img_20240906_200531.jpg\" data-orig-size=\"4080,3060\" data-comments-opened=\"1\" data-image-meta=\"{&quot;aperture&quot;:&quot;2&quot;,&quot;credit&quot;:&quot;&quot;,&quot;camera&quot;:&quot;2210132G&quot;,&quot;caption&quot;:&quot;&quot;,&quot;created_timestamp&quot;:&quot;1725653131&quot;,&quot;copyright&quot;:&quot;&quot;,&quot;focal_length&quot;:&quot;10&quot;,&quot;iso&quot;:&quot;125&quot;,&quot;shutter_speed&quot;:&quot;0.01&quot;,&quot;title&quot;:&quot;&quot;,&quot;orientation&quot;:&quot;1&quot;}\" data-image-title=\"IMG_20240906_200531\" data-image-description=\"\" data-image-caption=\"\" data-medium-file=\"https:\/\/lesaliteratura.blog\/wp-content\/uploads\/2024\/09\/img_20240906_200531.jpg?w=300\" data-large-file=\"https:\/\/lesaliteratura.blog\/wp-content\/uploads\/2024\/09\/img_20240906_200531.jpg?w=775\" \/><\/figure>\n<\/div>\n<p class=\"has-text-align-justify\" style=\"text-align: justify;\">Miguel Murillo, famoso productor y director de cine para adultos, es asesinado en el festival Valencia Roja. Nela Ferrer, nueva jefa del Grupo de Homicidios, investiga asesinatos macabros relacionados con la industria del sexo en Valencia, revelando secretos turbios de la \u00e9lite local.<\/p>\n<div class=\"wp-block-image\">\n<figure class=\"aligncenter size-large is-resized\"><img loading=\"lazy\" decoding=\"async\" class=\"wp-image-1738\" tabindex=\"0\" role=\"button\" src=\"https:\/\/lesaliteratura.blog\/wp-content\/uploads\/2024\/09\/img_20240906_202233.jpg?w=768\" alt=\"\" width=\"768\" height=\"1024\" data-attachment-id=\"1738\" data-permalink=\"https:\/\/lesaliteratura.blog\/2024\/09\/07\/cartagena-negra-2024-4\/img_20240906_202233\/\" data-orig-file=\"https:\/\/lesaliteratura.blog\/wp-content\/uploads\/2024\/09\/img_20240906_202233.jpg\" data-orig-size=\"3060,4080\" data-comments-opened=\"1\" data-image-meta=\"{&quot;aperture&quot;:&quot;2&quot;,&quot;credit&quot;:&quot;&quot;,&quot;camera&quot;:&quot;2210132G&quot;,&quot;caption&quot;:&quot;&quot;,&quot;created_timestamp&quot;:&quot;1725654154&quot;,&quot;copyright&quot;:&quot;&quot;,&quot;focal_length&quot;:&quot;10&quot;,&quot;iso&quot;:&quot;160&quot;,&quot;shutter_speed&quot;:&quot;0.01&quot;,&quot;title&quot;:&quot;&quot;,&quot;orientation&quot;:&quot;1&quot;}\" data-image-title=\"IMG_20240906_202233\" data-image-description=\"\" data-image-caption=\"\" data-medium-file=\"https:\/\/lesaliteratura.blog\/wp-content\/uploads\/2024\/09\/img_20240906_202233.jpg?w=225\" data-large-file=\"https:\/\/lesaliteratura.blog\/wp-content\/uploads\/2024\/09\/img_20240906_202233.jpg?w=768\" \/><\/figure>\n<\/div>\n<p class=\"has-text-align-justify\" style=\"text-align: justify;\"><strong>Trif\u00f3n Abad de Murcia con \u00abLa noche de arena\u00bb<\/strong>. Trif\u00f3n Abad, nacido en Murcia. Licenciado en Periodismo y en Teor\u00eda de la Literatura y Literatura Comparada. En la actualidad, se desempe\u00f1a como profesor de Lengua y Literatura. Ha publicado dos libros de relatos:\u00a0<em>Que la ciudad se acabe de pronto<\/em>\u00a0y\u00a0<em>Quitamiedos<\/em>, ambos finalistas del Premio Setenil. Tambi\u00e9n ha sido finalista del Premio Cosecha E\u00f1e y ha ganado el Premio Clar\u00edn de Cuento, entre otros galardones. Sus relatos han aparecido en diversas antolog\u00edas y revistas literarias. Como periodista, ha coordinado numerosos proyectos editoriales y contribuye regularmente con cr\u00edticas literarias en diferentes medios de comunicaci\u00f3n. Su primera novela es\u00a0<strong>\u00abLa noche de arena\u00bb.<\/strong><\/p>\n<div class=\"wp-block-image\">\n<figure class=\"aligncenter size-large\"><img loading=\"lazy\" decoding=\"async\" class=\"wp-image-1743\" tabindex=\"0\" role=\"button\" src=\"https:\/\/lesaliteratura.blog\/wp-content\/uploads\/2024\/09\/img_20240906_202425.jpg?w=775\" alt=\"\" width=\"775\" height=\"348\" data-attachment-id=\"1743\" data-permalink=\"https:\/\/lesaliteratura.blog\/2024\/09\/07\/cartagena-negra-2024-4\/img_20240906_202425\/\" data-orig-file=\"https:\/\/lesaliteratura.blog\/wp-content\/uploads\/2024\/09\/img_20240906_202425.jpg\" data-orig-size=\"4080,1836\" data-comments-opened=\"1\" data-image-meta=\"{&quot;aperture&quot;:&quot;2&quot;,&quot;credit&quot;:&quot;&quot;,&quot;camera&quot;:&quot;2210132G&quot;,&quot;caption&quot;:&quot;&quot;,&quot;created_timestamp&quot;:&quot;1725654265&quot;,&quot;copyright&quot;:&quot;&quot;,&quot;focal_length&quot;:&quot;10&quot;,&quot;iso&quot;:&quot;400&quot;,&quot;shutter_speed&quot;:&quot;0.03&quot;,&quot;title&quot;:&quot;&quot;,&quot;orientation&quot;:&quot;1&quot;}\" data-image-title=\"IMG_20240906_202425\" data-image-description=\"\" data-image-caption=\"\" data-medium-file=\"https:\/\/lesaliteratura.blog\/wp-content\/uploads\/2024\/09\/img_20240906_202425.jpg?w=300\" data-large-file=\"https:\/\/lesaliteratura.blog\/wp-content\/uploads\/2024\/09\/img_20240906_202425.jpg?w=775\" \/><\/figure>\n<\/div>\n<div class=\"wp-block-image\">\n<figure class=\"aligncenter size-large\"><img loading=\"lazy\" decoding=\"async\" class=\"wp-image-1728\" tabindex=\"0\" role=\"button\" src=\"https:\/\/lesaliteratura.blog\/wp-content\/uploads\/2024\/09\/img_20240906_201107.jpg?w=768\" alt=\"\" width=\"768\" height=\"1024\" data-attachment-id=\"1728\" data-permalink=\"https:\/\/lesaliteratura.blog\/2024\/09\/07\/cartagena-negra-2024-4\/img_20240906_201107\/\" data-orig-file=\"https:\/\/lesaliteratura.blog\/wp-content\/uploads\/2024\/09\/img_20240906_201107.jpg\" data-orig-size=\"3060,4080\" data-comments-opened=\"1\" data-image-meta=\"{&quot;aperture&quot;:&quot;2&quot;,&quot;credit&quot;:&quot;&quot;,&quot;camera&quot;:&quot;2210132G&quot;,&quot;caption&quot;:&quot;&quot;,&quot;created_timestamp&quot;:&quot;1725653467&quot;,&quot;copyright&quot;:&quot;&quot;,&quot;focal_length&quot;:&quot;10&quot;,&quot;iso&quot;:&quot;100&quot;,&quot;shutter_speed&quot;:&quot;0.01&quot;,&quot;title&quot;:&quot;&quot;,&quot;orientation&quot;:&quot;1&quot;}\" data-image-title=\"IMG_20240906_201107\" data-image-description=\"\" data-image-caption=\"\" data-medium-file=\"https:\/\/lesaliteratura.blog\/wp-content\/uploads\/2024\/09\/img_20240906_201107.jpg?w=225\" data-large-file=\"https:\/\/lesaliteratura.blog\/wp-content\/uploads\/2024\/09\/img_20240906_201107.jpg?w=768\" \/><\/figure>\n<\/div>\n<div class=\"wp-block-image\"><\/div>\n<p class=\"has-text-align-justify\" style=\"text-align: justify;\">Hace siete a\u00f1os, Berta sali\u00f3 de fiesta con unos amigos y nunca regres\u00f3. Su rastro se perdi\u00f3 en alg\u00fan momento de la madrugada, tras una noche de desfase en una rave. Ahora, su padre, ex detective privado, malvive en una casa de la huerta murciana con la \u00fanica compa\u00f1\u00eda de su perro Wolfe. La ausencia de Berta sigue envuelta en un halo de misterio, convertida en una herida que no se cierra y en un fracaso insoportable. Pero, cuando un conocido le pide que indague sobre la muerte accidental de un joven en un desguace cercano, el instinto de investigador volver\u00e1 a despertarse y un hallazgo fortuito le pondr\u00e1 en el espinoso camino de la verdad.<\/p>\n<div class=\"wp-block-image\">\n<figure class=\"aligncenter size-large\"><img loading=\"lazy\" decoding=\"async\" class=\"wp-image-1745\" tabindex=\"0\" role=\"button\" src=\"https:\/\/lesaliteratura.blog\/wp-content\/uploads\/2024\/09\/img_20240906_202616.jpg?w=775\" alt=\"\" width=\"775\" height=\"348\" data-attachment-id=\"1745\" data-permalink=\"https:\/\/lesaliteratura.blog\/2024\/09\/07\/cartagena-negra-2024-4\/img_20240906_202616\/\" data-orig-file=\"https:\/\/lesaliteratura.blog\/wp-content\/uploads\/2024\/09\/img_20240906_202616.jpg\" data-orig-size=\"4096,1844\" data-comments-opened=\"1\" data-image-meta=\"{&quot;aperture&quot;:&quot;1.9&quot;,&quot;credit&quot;:&quot;&quot;,&quot;camera&quot;:&quot;2210132G&quot;,&quot;caption&quot;:&quot;&quot;,&quot;created_timestamp&quot;:&quot;1725654376&quot;,&quot;copyright&quot;:&quot;&quot;,&quot;focal_length&quot;:&quot;7.79&quot;,&quot;iso&quot;:&quot;200&quot;,&quot;shutter_speed&quot;:&quot;0.01&quot;,&quot;title&quot;:&quot;&quot;,&quot;orientation&quot;:&quot;1&quot;}\" data-image-title=\"IMG_20240906_202616\" data-image-description=\"\" data-image-caption=\"\" data-medium-file=\"https:\/\/lesaliteratura.blog\/wp-content\/uploads\/2024\/09\/img_20240906_202616.jpg?w=300\" data-large-file=\"https:\/\/lesaliteratura.blog\/wp-content\/uploads\/2024\/09\/img_20240906_202616.jpg?w=775\" \/><\/figure>\n<\/div>\n<h2 class=\"wp-block-heading has-text-align-center\"><strong>\u00abDeje aqu\u00ed su sombrero\u00bb<\/strong><\/h2>\n<p class=\"has-text-align-justify\" style=\"text-align: justify;\">Como todos los a\u00f1os, la noche del viernes, es una de las m\u00e1s esperadas. Una actividad abierta a todo aquel que se acerca a las\u00a0<strong>Jornadas de Cartagena Negra.<\/strong>\u00a0Este a\u00f1o nueve valientes se subieron al peque\u00f1o escenario de M\u00edster Witt, cada uno con su propio estilo y una historia que contar.<\/p>\n<div class=\"wp-block-image\">\n<figure class=\"aligncenter size-large\"><img loading=\"lazy\" decoding=\"async\" class=\"wp-image-1747\" tabindex=\"0\" role=\"button\" src=\"https:\/\/lesaliteratura.blog\/wp-content\/uploads\/2024\/09\/img_20240906_223821.jpg?w=775\" alt=\"\" width=\"775\" height=\"435\" data-attachment-id=\"1747\" data-permalink=\"https:\/\/lesaliteratura.blog\/2024\/09\/07\/cartagena-negra-2024-4\/img_20240906_223821\/\" data-orig-file=\"https:\/\/lesaliteratura.blog\/wp-content\/uploads\/2024\/09\/img_20240906_223821.jpg\" data-orig-size=\"1920,1080\" data-comments-opened=\"1\" data-image-meta=\"{&quot;aperture&quot;:&quot;1.9&quot;,&quot;credit&quot;:&quot;&quot;,&quot;camera&quot;:&quot;2210132G&quot;,&quot;caption&quot;:&quot;&quot;,&quot;created_timestamp&quot;:&quot;1725662301&quot;,&quot;copyright&quot;:&quot;&quot;,&quot;focal_length&quot;:&quot;7.79&quot;,&quot;iso&quot;:&quot;1600&quot;,&quot;shutter_speed&quot;:&quot;0.01&quot;,&quot;title&quot;:&quot;&quot;,&quot;orientation&quot;:&quot;1&quot;}\" data-image-title=\"IMG_20240906_223821\" data-image-description=\"\" data-image-caption=\"\" data-medium-file=\"https:\/\/lesaliteratura.blog\/wp-content\/uploads\/2024\/09\/img_20240906_223821.jpg?w=300\" data-large-file=\"https:\/\/lesaliteratura.blog\/wp-content\/uploads\/2024\/09\/img_20240906_223821.jpg?w=775\" \/><\/figure>\n<\/div>\n<p class=\"has-text-align-justify\" style=\"text-align: justify;\">Con el reglamentario sombrero, que por cierto, casi a todos se les olvid\u00f3, y el murmullo de la audiencia como tel\u00f3n de fondo, los participantes compartieron sus relatos breves. Entre los participantes, destac\u00f3\u00a0<strong>Mar\u00eda Elena,<\/strong>\u00a0una joven con una chispa especial en su voz y una habilidad innata para atrapar a su audiencia. Su relato, lleno de giros inesperados y una profunda reflexi\u00f3n sobre el maltrato, dej\u00f3 a todos boquiabiertos. Al final de la velada, el jurado no tuvo dudas: <strong>Mar\u00eda Elena<\/strong> se llev\u00f3 el primer premio: noche de hotel en\u00a0<strong>Los Habaneros<\/strong>, el hotel negro que acompa\u00f1a todos los a\u00f1os a\u00a0<strong>Cartagena Negra<\/strong>\u00a0y una placa de recuerdo. Hicieron entrega de los premios,\u00a0<strong>Antonio Parra y Paco Mar\u00edn.<\/strong>\u00a0El fallo del jurado lo dio el escritor\u00a0<strong>Marto Pariente.<\/strong><\/p>\n<div class=\"wp-block-image\">\n<figure class=\"aligncenter size-large\"><img loading=\"lazy\" decoding=\"async\" class=\"wp-image-1746\" tabindex=\"0\" role=\"button\" src=\"https:\/\/lesaliteratura.blog\/wp-content\/uploads\/2024\/09\/img_20240906_221139.jpg?w=775\" alt=\"\" width=\"775\" height=\"435\" data-attachment-id=\"1746\" data-permalink=\"https:\/\/lesaliteratura.blog\/2024\/09\/07\/cartagena-negra-2024-4\/img_20240906_221139\/\" data-orig-file=\"https:\/\/lesaliteratura.blog\/wp-content\/uploads\/2024\/09\/img_20240906_221139.jpg\" data-orig-size=\"1920,1080\" data-comments-opened=\"1\" data-image-meta=\"{&quot;aperture&quot;:&quot;1.9&quot;,&quot;credit&quot;:&quot;&quot;,&quot;camera&quot;:&quot;2210132G&quot;,&quot;caption&quot;:&quot;&quot;,&quot;created_timestamp&quot;:&quot;1725660699&quot;,&quot;copyright&quot;:&quot;&quot;,&quot;focal_length&quot;:&quot;7.79&quot;,&quot;iso&quot;:&quot;1600&quot;,&quot;shutter_speed&quot;:&quot;0.01&quot;,&quot;title&quot;:&quot;&quot;,&quot;orientation&quot;:&quot;1&quot;}\" data-image-title=\"IMG_20240906_221139\" data-image-description=\"\" data-image-caption=\"\" data-medium-file=\"https:\/\/lesaliteratura.blog\/wp-content\/uploads\/2024\/09\/img_20240906_221139.jpg?w=300\" data-large-file=\"https:\/\/lesaliteratura.blog\/wp-content\/uploads\/2024\/09\/img_20240906_221139.jpg?w=775\" \/><\/figure>\n<\/div>\n<div class=\"wp-block-image\">\n<figure class=\"aligncenter size-large\"><img loading=\"lazy\" decoding=\"async\" class=\"wp-image-1748\" tabindex=\"0\" role=\"button\" src=\"https:\/\/lesaliteratura.blog\/wp-content\/uploads\/2024\/09\/img_20240906_223929.jpg?w=775\" alt=\"\" width=\"775\" height=\"348\" data-attachment-id=\"1748\" data-permalink=\"https:\/\/lesaliteratura.blog\/2024\/09\/07\/cartagena-negra-2024-4\/img_20240906_223929\/\" data-orig-file=\"https:\/\/lesaliteratura.blog\/wp-content\/uploads\/2024\/09\/img_20240906_223929.jpg\" data-orig-size=\"4096,1844\" data-comments-opened=\"1\" data-image-meta=\"{&quot;aperture&quot;:&quot;1.9&quot;,&quot;credit&quot;:&quot;&quot;,&quot;camera&quot;:&quot;2210132G&quot;,&quot;caption&quot;:&quot;&quot;,&quot;created_timestamp&quot;:&quot;1725662369&quot;,&quot;copyright&quot;:&quot;&quot;,&quot;focal_length&quot;:&quot;7.79&quot;,&quot;iso&quot;:&quot;500&quot;,&quot;shutter_speed&quot;:&quot;0.04&quot;,&quot;title&quot;:&quot;&quot;,&quot;orientation&quot;:&quot;1&quot;}\" data-image-title=\"IMG_20240906_223929\" data-image-description=\"\" data-image-caption=\"\" data-medium-file=\"https:\/\/lesaliteratura.blog\/wp-content\/uploads\/2024\/09\/img_20240906_223929.jpg?w=300\" data-large-file=\"https:\/\/lesaliteratura.blog\/wp-content\/uploads\/2024\/09\/img_20240906_223929.jpg?w=775\" \/><\/figure>\n<\/div>\n<div class=\"wp-block-image\">\n<figure class=\"aligncenter size-large\"><img loading=\"lazy\" decoding=\"async\" class=\"wp-image-1750\" tabindex=\"0\" role=\"button\" src=\"https:\/\/lesaliteratura.blog\/wp-content\/uploads\/2024\/09\/img_20240906_224437.jpg?w=775\" alt=\"\" width=\"775\" height=\"348\" data-attachment-id=\"1750\" data-permalink=\"https:\/\/lesaliteratura.blog\/2024\/09\/07\/cartagena-negra-2024-4\/img_20240906_224437\/\" data-orig-file=\"https:\/\/lesaliteratura.blog\/wp-content\/uploads\/2024\/09\/img_20240906_224437.jpg\" data-orig-size=\"4096,1844\" data-comments-opened=\"1\" data-image-meta=\"{&quot;aperture&quot;:&quot;1.9&quot;,&quot;credit&quot;:&quot;&quot;,&quot;camera&quot;:&quot;2210132G&quot;,&quot;caption&quot;:&quot;&quot;,&quot;created_timestamp&quot;:&quot;1725662677&quot;,&quot;copyright&quot;:&quot;&quot;,&quot;focal_length&quot;:&quot;7.79&quot;,&quot;iso&quot;:&quot;1600&quot;,&quot;shutter_speed&quot;:&quot;0.03&quot;,&quot;title&quot;:&quot;&quot;,&quot;orientation&quot;:&quot;1&quot;}\" data-image-title=\"IMG_20240906_224437\" data-image-description=\"\" data-image-caption=\"\" data-medium-file=\"https:\/\/lesaliteratura.blog\/wp-content\/uploads\/2024\/09\/img_20240906_224437.jpg?w=300\" data-large-file=\"https:\/\/lesaliteratura.blog\/wp-content\/uploads\/2024\/09\/img_20240906_224437.jpg?w=775\" \/><\/figure>\n<\/div>\n<div class=\"wp-block-image\">\n<figure class=\"aligncenter size-large\"><img loading=\"lazy\" decoding=\"async\" class=\"wp-image-1751\" tabindex=\"0\" role=\"button\" src=\"https:\/\/lesaliteratura.blog\/wp-content\/uploads\/2024\/09\/img_20240906_224446.jpg?w=461\" alt=\"\" width=\"461\" height=\"1024\" data-attachment-id=\"1751\" data-permalink=\"https:\/\/lesaliteratura.blog\/2024\/09\/07\/cartagena-negra-2024-4\/img_20240906_224446\/\" data-orig-file=\"https:\/\/lesaliteratura.blog\/wp-content\/uploads\/2024\/09\/img_20240906_224446.jpg\" data-orig-size=\"1836,4080\" data-comments-opened=\"1\" data-image-meta=\"{&quot;aperture&quot;:&quot;2.2&quot;,&quot;credit&quot;:&quot;&quot;,&quot;camera&quot;:&quot;2210132G&quot;,&quot;caption&quot;:&quot;&quot;,&quot;created_timestamp&quot;:&quot;1725662686&quot;,&quot;copyright&quot;:&quot;&quot;,&quot;focal_length&quot;:&quot;2.16&quot;,&quot;iso&quot;:&quot;2500&quot;,&quot;shutter_speed&quot;:&quot;0.06&quot;,&quot;title&quot;:&quot;&quot;,&quot;orientation&quot;:&quot;1&quot;}\" data-image-title=\"IMG_20240906_224446\" data-image-description=\"\" data-image-caption=\"\" data-medium-file=\"https:\/\/lesaliteratura.blog\/wp-content\/uploads\/2024\/09\/img_20240906_224446.jpg?w=135\" data-large-file=\"https:\/\/lesaliteratura.blog\/wp-content\/uploads\/2024\/09\/img_20240906_224446.jpg?w=461\" \/><\/figure>\n<\/div>\n<p>La noche concluy\u00f3 dejando claro que en\u00a0<strong>Mister Witt<\/strong>, cada sombrero \u2014y cada historia\u2014 tiene su lugar. \u00a1Hasta la pr\u00f3xima!<\/p>\n<p><span style=\"font-family: impact, sans-serif;\">\u00a9 Texto e im\u00e1genes Kika Sureda (Lesa Literatura)<\/span><\/p>\n","protected":false},"excerpt":{"rendered":"<p>LA BR\u00daJULA DE LA NOVELA NEGRA La\u00a0librer\u00eda Santos Ochoa\u00a0se convirti\u00f3 en un punto de encuentro literario que atrajo a amantes de la lectura y seguidores de la obra de\u00a0Marto Pariente.\u00a0La presentaci\u00f3n de sus \u00faltimas dos obras: \u00abLas horas crueles\u00bb y \u00abHierro viejo\u00bb, corri\u00f3 a cargo de\u00a0Jes\u00fas Boluda. Los asistentes, se acomodaron entre estanter\u00edas repletas de [&hellip;]<\/p>\n","protected":false},"author":7,"featured_media":13917,"comment_status":"open","ping_status":"closed","sticky":false,"template":"","format":"standard","meta":{"footnotes":""},"categories":[32],"tags":[107,256],"class_list":{"0":"post-13916","1":"post","2":"type-post","3":"status-publish","4":"format-standard","5":"has-post-thumbnail","7":"category-panorama-cultural","8":"tag-kika-sureda","9":"tag-marto-pariente"},"yoast_head":"<!-- This site is optimized with the Yoast SEO plugin v27.5 - https:\/\/yoast.com\/product\/yoast-seo-wordpress\/ -->\n<title>Cartagena Negra 2024 - Viernes 6 de septiembre | HOJAS SUELTAS Peri\u00f3dico Cultural<\/title>\n<meta name=\"description\" content=\"FESTIVALES LITERARIOS - Cartagena Negra 2024. Desarrollo de la jornada del 6 de septiembre\" \/>\n<meta name=\"robots\" content=\"index, follow, max-snippet:-1, max-image-preview:large, max-video-preview:-1\" \/>\n<link rel=\"canonical\" href=\"https:\/\/hojassueltas.es\/?p=13916\" \/>\n<meta property=\"og:locale\" content=\"es_ES\" \/>\n<meta property=\"og:type\" content=\"article\" \/>\n<meta property=\"og:title\" content=\"Cartagena Negra 2024 - Viernes 6 de septiembre | HOJAS SUELTAS Peri\u00f3dico Cultural\" \/>\n<meta property=\"og:description\" content=\"FESTIVALES LITERARIOS - Cartagena Negra 2024. Desarrollo de la jornada del 6 de septiembre\" \/>\n<meta property=\"og:url\" content=\"https:\/\/hojassueltas.es\/?p=13916\" \/>\n<meta property=\"og:site_name\" content=\"HOJAS SUELTAS Peri\u00f3dico Cultural\" \/>\n<meta property=\"article:published_time\" content=\"2024-09-07T13:00:14+00:00\" \/>\n<meta property=\"article:modified_time\" content=\"2025-08-26T08:08:42+00:00\" \/>\n<meta property=\"og:image\" content=\"https:\/\/hojassueltas.es\/wp-content\/uploads\/2024\/09\/CN-0609_HS.png\" \/>\n\t<meta property=\"og:image:width\" content=\"1050\" \/>\n\t<meta property=\"og:image:height\" content=\"610\" \/>\n\t<meta property=\"og:image:type\" content=\"image\/png\" \/>\n<meta name=\"author\" content=\"Kika Sureda\" \/>\n<meta name=\"twitter:card\" content=\"summary_large_image\" \/>\n<meta name=\"twitter:creator\" content=\"@HOJASSUELTAS22\" \/>\n<meta name=\"twitter:site\" content=\"@HOJASSUELTAS22\" \/>\n<meta name=\"twitter:label1\" content=\"Escrito por\" \/>\n\t<meta name=\"twitter:data1\" content=\"Kika Sureda\" \/>\n\t<meta name=\"twitter:label2\" content=\"Tiempo de lectura\" \/>\n\t<meta name=\"twitter:data2\" content=\"13 minutos\" \/>\n<script type=\"application\/ld+json\" class=\"yoast-schema-graph\">{\"@context\":\"https:\\\/\\\/schema.org\",\"@graph\":[{\"@type\":[\"Article\",\"BlogPosting\"],\"@id\":\"https:\\\/\\\/hojassueltas.es\\\/?p=13916#article\",\"isPartOf\":{\"@id\":\"https:\\\/\\\/hojassueltas.es\\\/?p=13916\"},\"author\":{\"name\":\"Kika Sureda\",\"@id\":\"https:\\\/\\\/hojassueltas.es\\\/#\\\/schema\\\/person\\\/9bf52e3cf9edddf4f38daa51450bb756\"},\"headline\":\"Cartagena Negra 2024 &#8211; Viernes 6 de septiembre\",\"datePublished\":\"2024-09-07T13:00:14+00:00\",\"dateModified\":\"2025-08-26T08:08:42+00:00\",\"mainEntityOfPage\":{\"@id\":\"https:\\\/\\\/hojassueltas.es\\\/?p=13916\"},\"wordCount\":1642,\"commentCount\":0,\"publisher\":{\"@id\":\"https:\\\/\\\/hojassueltas.es\\\/#organization\"},\"image\":{\"@id\":\"https:\\\/\\\/hojassueltas.es\\\/?p=13916#primaryimage\"},\"thumbnailUrl\":\"https:\\\/\\\/hojassueltas.es\\\/wp-content\\\/uploads\\\/2024\\\/09\\\/CN-0609_HS.png\",\"keywords\":[\"Kika Sureda\",\"Marto Pariente\"],\"articleSection\":[\"PANORAMA CULTURAL\"],\"inLanguage\":\"es\",\"potentialAction\":[{\"@type\":\"CommentAction\",\"name\":\"Comment\",\"target\":[\"https:\\\/\\\/hojassueltas.es\\\/?p=13916#respond\"]}]},{\"@type\":\"WebPage\",\"@id\":\"https:\\\/\\\/hojassueltas.es\\\/?p=13916\",\"url\":\"https:\\\/\\\/hojassueltas.es\\\/?p=13916\",\"name\":\"Cartagena Negra 2024 - Viernes 6 de septiembre | HOJAS SUELTAS Peri\u00f3dico Cultural\",\"isPartOf\":{\"@id\":\"https:\\\/\\\/hojassueltas.es\\\/#website\"},\"primaryImageOfPage\":{\"@id\":\"https:\\\/\\\/hojassueltas.es\\\/?p=13916#primaryimage\"},\"image\":{\"@id\":\"https:\\\/\\\/hojassueltas.es\\\/?p=13916#primaryimage\"},\"thumbnailUrl\":\"https:\\\/\\\/hojassueltas.es\\\/wp-content\\\/uploads\\\/2024\\\/09\\\/CN-0609_HS.png\",\"datePublished\":\"2024-09-07T13:00:14+00:00\",\"dateModified\":\"2025-08-26T08:08:42+00:00\",\"description\":\"FESTIVALES LITERARIOS - Cartagena Negra 2024. Desarrollo de la jornada del 6 de septiembre\",\"breadcrumb\":{\"@id\":\"https:\\\/\\\/hojassueltas.es\\\/?p=13916#breadcrumb\"},\"inLanguage\":\"es\",\"potentialAction\":[{\"@type\":\"ReadAction\",\"target\":[\"https:\\\/\\\/hojassueltas.es\\\/?p=13916\"]}]},{\"@type\":\"ImageObject\",\"inLanguage\":\"es\",\"@id\":\"https:\\\/\\\/hojassueltas.es\\\/?p=13916#primaryimage\",\"url\":\"https:\\\/\\\/hojassueltas.es\\\/wp-content\\\/uploads\\\/2024\\\/09\\\/CN-0609_HS.png\",\"contentUrl\":\"https:\\\/\\\/hojassueltas.es\\\/wp-content\\\/uploads\\\/2024\\\/09\\\/CN-0609_HS.png\",\"width\":1050,\"height\":610},{\"@type\":\"BreadcrumbList\",\"@id\":\"https:\\\/\\\/hojassueltas.es\\\/?p=13916#breadcrumb\",\"itemListElement\":[{\"@type\":\"ListItem\",\"position\":1,\"name\":\"Portada\",\"item\":\"https:\\\/\\\/hojassueltas.es\\\/\"},{\"@type\":\"ListItem\",\"position\":2,\"name\":\"Cartagena Negra 2024 &#8211; Viernes 6 de septiembre\"}]},{\"@type\":\"WebSite\",\"@id\":\"https:\\\/\\\/hojassueltas.es\\\/#website\",\"url\":\"https:\\\/\\\/hojassueltas.es\\\/\",\"name\":\"HojasSueltas.es\",\"description\":\"GRANADA - Peri\u00f3dico Cultural\",\"publisher\":{\"@id\":\"https:\\\/\\\/hojassueltas.es\\\/#organization\"},\"alternateName\":\"H.S. Periodico Cultural\",\"potentialAction\":[{\"@type\":\"SearchAction\",\"target\":{\"@type\":\"EntryPoint\",\"urlTemplate\":\"https:\\\/\\\/hojassueltas.es\\\/?s={search_term_string}\"},\"query-input\":{\"@type\":\"PropertyValueSpecification\",\"valueRequired\":true,\"valueName\":\"search_term_string\"}}],\"inLanguage\":\"es\"},{\"@type\":\"Organization\",\"@id\":\"https:\\\/\\\/hojassueltas.es\\\/#organization\",\"name\":\"HOJAS SUELTAS - Peri\u00f3dico Cultural\",\"alternateName\":\"HS - HOJAS SUELTAS Peri\u00f3dico Cultural\",\"url\":\"https:\\\/\\\/hojassueltas.es\\\/\",\"logo\":{\"@type\":\"ImageObject\",\"inLanguage\":\"es\",\"@id\":\"https:\\\/\\\/hojassueltas.es\\\/#\\\/schema\\\/logo\\\/image\\\/\",\"url\":\"https:\\\/\\\/hojassueltas.es\\\/wp-content\\\/uploads\\\/2025\\\/08\\\/Icono-HS_2.png\",\"contentUrl\":\"https:\\\/\\\/hojassueltas.es\\\/wp-content\\\/uploads\\\/2025\\\/08\\\/Icono-HS_2.png\",\"width\":500,\"height\":500,\"caption\":\"HOJAS SUELTAS - Peri\u00f3dico Cultural\"},\"image\":{\"@id\":\"https:\\\/\\\/hojassueltas.es\\\/#\\\/schema\\\/logo\\\/image\\\/\"},\"sameAs\":[\"https:\\\/\\\/x.com\\\/HOJASSUELTAS22\"]},{\"@type\":\"Person\",\"@id\":\"https:\\\/\\\/hojassueltas.es\\\/#\\\/schema\\\/person\\\/9bf52e3cf9edddf4f38daa51450bb756\",\"name\":\"Kika Sureda\",\"image\":{\"@type\":\"ImageObject\",\"inLanguage\":\"es\",\"@id\":\"https:\\\/\\\/hojassueltas.es\\\/wp-content\\\/uploads\\\/2022\\\/12\\\/Kika-96x96.jpg\",\"url\":\"https:\\\/\\\/hojassueltas.es\\\/wp-content\\\/uploads\\\/2022\\\/12\\\/Kika-96x96.jpg\",\"contentUrl\":\"https:\\\/\\\/hojassueltas.es\\\/wp-content\\\/uploads\\\/2022\\\/12\\\/Kika-96x96.jpg\",\"caption\":\"Kika Sureda\"},\"description\":\"Nacida en Manacor (Mallorca) y granadina de adopci\u00f3n, es Licenciada en Biblioteconom\u00eda y Documentaci\u00f3n, Licenciada en Comunicaci\u00f3n Audiovisual. Grado en Filolog\u00eda Cl\u00e1sica, Estudios de Literaturas Comparadas. Alma mater de Lesa Literatura. Articulista de Culturamas, colaboradora de Ja\u00e9n Plus Radio. Compagina sus labores de correctora y editora con la docencia como profesional de la comunicaci\u00f3n y sus colaboraciones con actividades culturales y literarias.\",\"url\":\"https:\\\/\\\/hojassueltas.es\\\/?author=7\"}]}<\/script>\n<!-- \/ Yoast SEO plugin. -->","yoast_head_json":{"title":"Cartagena Negra 2024 - Viernes 6 de septiembre | HOJAS SUELTAS Peri\u00f3dico Cultural","description":"FESTIVALES LITERARIOS - Cartagena Negra 2024. Desarrollo de la jornada del 6 de septiembre","robots":{"index":"index","follow":"follow","max-snippet":"max-snippet:-1","max-image-preview":"max-image-preview:large","max-video-preview":"max-video-preview:-1"},"canonical":"https:\/\/hojassueltas.es\/?p=13916","og_locale":"es_ES","og_type":"article","og_title":"Cartagena Negra 2024 - Viernes 6 de septiembre | HOJAS SUELTAS Peri\u00f3dico Cultural","og_description":"FESTIVALES LITERARIOS - Cartagena Negra 2024. Desarrollo de la jornada del 6 de septiembre","og_url":"https:\/\/hojassueltas.es\/?p=13916","og_site_name":"HOJAS SUELTAS Peri\u00f3dico Cultural","article_published_time":"2024-09-07T13:00:14+00:00","article_modified_time":"2025-08-26T08:08:42+00:00","og_image":[{"width":1050,"height":610,"url":"https:\/\/hojassueltas.es\/wp-content\/uploads\/2024\/09\/CN-0609_HS.png","type":"image\/png"}],"author":"Kika Sureda","twitter_card":"summary_large_image","twitter_creator":"@HOJASSUELTAS22","twitter_site":"@HOJASSUELTAS22","twitter_misc":{"Escrito por":"Kika Sureda","Tiempo de lectura":"13 minutos"},"schema":{"@context":"https:\/\/schema.org","@graph":[{"@type":["Article","BlogPosting"],"@id":"https:\/\/hojassueltas.es\/?p=13916#article","isPartOf":{"@id":"https:\/\/hojassueltas.es\/?p=13916"},"author":{"name":"Kika Sureda","@id":"https:\/\/hojassueltas.es\/#\/schema\/person\/9bf52e3cf9edddf4f38daa51450bb756"},"headline":"Cartagena Negra 2024 &#8211; Viernes 6 de septiembre","datePublished":"2024-09-07T13:00:14+00:00","dateModified":"2025-08-26T08:08:42+00:00","mainEntityOfPage":{"@id":"https:\/\/hojassueltas.es\/?p=13916"},"wordCount":1642,"commentCount":0,"publisher":{"@id":"https:\/\/hojassueltas.es\/#organization"},"image":{"@id":"https:\/\/hojassueltas.es\/?p=13916#primaryimage"},"thumbnailUrl":"https:\/\/hojassueltas.es\/wp-content\/uploads\/2024\/09\/CN-0609_HS.png","keywords":["Kika Sureda","Marto Pariente"],"articleSection":["PANORAMA CULTURAL"],"inLanguage":"es","potentialAction":[{"@type":"CommentAction","name":"Comment","target":["https:\/\/hojassueltas.es\/?p=13916#respond"]}]},{"@type":"WebPage","@id":"https:\/\/hojassueltas.es\/?p=13916","url":"https:\/\/hojassueltas.es\/?p=13916","name":"Cartagena Negra 2024 - Viernes 6 de septiembre | HOJAS SUELTAS Peri\u00f3dico Cultural","isPartOf":{"@id":"https:\/\/hojassueltas.es\/#website"},"primaryImageOfPage":{"@id":"https:\/\/hojassueltas.es\/?p=13916#primaryimage"},"image":{"@id":"https:\/\/hojassueltas.es\/?p=13916#primaryimage"},"thumbnailUrl":"https:\/\/hojassueltas.es\/wp-content\/uploads\/2024\/09\/CN-0609_HS.png","datePublished":"2024-09-07T13:00:14+00:00","dateModified":"2025-08-26T08:08:42+00:00","description":"FESTIVALES LITERARIOS - Cartagena Negra 2024. Desarrollo de la jornada del 6 de septiembre","breadcrumb":{"@id":"https:\/\/hojassueltas.es\/?p=13916#breadcrumb"},"inLanguage":"es","potentialAction":[{"@type":"ReadAction","target":["https:\/\/hojassueltas.es\/?p=13916"]}]},{"@type":"ImageObject","inLanguage":"es","@id":"https:\/\/hojassueltas.es\/?p=13916#primaryimage","url":"https:\/\/hojassueltas.es\/wp-content\/uploads\/2024\/09\/CN-0609_HS.png","contentUrl":"https:\/\/hojassueltas.es\/wp-content\/uploads\/2024\/09\/CN-0609_HS.png","width":1050,"height":610},{"@type":"BreadcrumbList","@id":"https:\/\/hojassueltas.es\/?p=13916#breadcrumb","itemListElement":[{"@type":"ListItem","position":1,"name":"Portada","item":"https:\/\/hojassueltas.es\/"},{"@type":"ListItem","position":2,"name":"Cartagena Negra 2024 &#8211; Viernes 6 de septiembre"}]},{"@type":"WebSite","@id":"https:\/\/hojassueltas.es\/#website","url":"https:\/\/hojassueltas.es\/","name":"HojasSueltas.es","description":"GRANADA - Peri\u00f3dico Cultural","publisher":{"@id":"https:\/\/hojassueltas.es\/#organization"},"alternateName":"H.S. Periodico Cultural","potentialAction":[{"@type":"SearchAction","target":{"@type":"EntryPoint","urlTemplate":"https:\/\/hojassueltas.es\/?s={search_term_string}"},"query-input":{"@type":"PropertyValueSpecification","valueRequired":true,"valueName":"search_term_string"}}],"inLanguage":"es"},{"@type":"Organization","@id":"https:\/\/hojassueltas.es\/#organization","name":"HOJAS SUELTAS - Peri\u00f3dico Cultural","alternateName":"HS - HOJAS SUELTAS Peri\u00f3dico Cultural","url":"https:\/\/hojassueltas.es\/","logo":{"@type":"ImageObject","inLanguage":"es","@id":"https:\/\/hojassueltas.es\/#\/schema\/logo\/image\/","url":"https:\/\/hojassueltas.es\/wp-content\/uploads\/2025\/08\/Icono-HS_2.png","contentUrl":"https:\/\/hojassueltas.es\/wp-content\/uploads\/2025\/08\/Icono-HS_2.png","width":500,"height":500,"caption":"HOJAS SUELTAS - Peri\u00f3dico Cultural"},"image":{"@id":"https:\/\/hojassueltas.es\/#\/schema\/logo\/image\/"},"sameAs":["https:\/\/x.com\/HOJASSUELTAS22"]},{"@type":"Person","@id":"https:\/\/hojassueltas.es\/#\/schema\/person\/9bf52e3cf9edddf4f38daa51450bb756","name":"Kika Sureda","image":{"@type":"ImageObject","inLanguage":"es","@id":"https:\/\/hojassueltas.es\/wp-content\/uploads\/2022\/12\/Kika-96x96.jpg","url":"https:\/\/hojassueltas.es\/wp-content\/uploads\/2022\/12\/Kika-96x96.jpg","contentUrl":"https:\/\/hojassueltas.es\/wp-content\/uploads\/2022\/12\/Kika-96x96.jpg","caption":"Kika Sureda"},"description":"Nacida en Manacor (Mallorca) y granadina de adopci\u00f3n, es Licenciada en Biblioteconom\u00eda y Documentaci\u00f3n, Licenciada en Comunicaci\u00f3n Audiovisual. Grado en Filolog\u00eda Cl\u00e1sica, Estudios de Literaturas Comparadas. Alma mater de Lesa Literatura. Articulista de Culturamas, colaboradora de Ja\u00e9n Plus Radio. Compagina sus labores de correctora y editora con la docencia como profesional de la comunicaci\u00f3n y sus colaboraciones con actividades culturales y literarias.","url":"https:\/\/hojassueltas.es\/?author=7"}]}},"_links":{"self":[{"href":"https:\/\/hojassueltas.es\/index.php?rest_route=\/wp\/v2\/posts\/13916","targetHints":{"allow":["GET"]}}],"collection":[{"href":"https:\/\/hojassueltas.es\/index.php?rest_route=\/wp\/v2\/posts"}],"about":[{"href":"https:\/\/hojassueltas.es\/index.php?rest_route=\/wp\/v2\/types\/post"}],"author":[{"embeddable":true,"href":"https:\/\/hojassueltas.es\/index.php?rest_route=\/wp\/v2\/users\/7"}],"replies":[{"embeddable":true,"href":"https:\/\/hojassueltas.es\/index.php?rest_route=%2Fwp%2Fv2%2Fcomments&post=13916"}],"version-history":[{"count":1,"href":"https:\/\/hojassueltas.es\/index.php?rest_route=\/wp\/v2\/posts\/13916\/revisions"}],"predecessor-version":[{"id":13918,"href":"https:\/\/hojassueltas.es\/index.php?rest_route=\/wp\/v2\/posts\/13916\/revisions\/13918"}],"wp:featuredmedia":[{"embeddable":true,"href":"https:\/\/hojassueltas.es\/index.php?rest_route=\/wp\/v2\/media\/13917"}],"wp:attachment":[{"href":"https:\/\/hojassueltas.es\/index.php?rest_route=%2Fwp%2Fv2%2Fmedia&parent=13916"}],"wp:term":[{"taxonomy":"category","embeddable":true,"href":"https:\/\/hojassueltas.es\/index.php?rest_route=%2Fwp%2Fv2%2Fcategories&post=13916"},{"taxonomy":"post_tag","embeddable":true,"href":"https:\/\/hojassueltas.es\/index.php?rest_route=%2Fwp%2Fv2%2Ftags&post=13916"}],"curies":[{"name":"wp","href":"https:\/\/api.w.org\/{rel}","templated":true}]}}