{"id":13664,"date":"2024-09-04T00:00:04","date_gmt":"2024-09-03T22:00:04","guid":{"rendered":"https:\/\/hojassueltas.es\/?p=13664"},"modified":"2025-07-21T10:02:57","modified_gmt":"2025-07-21T09:02:57","slug":"arantza-portabales-en-libreria-ler-zamora-el-27-de-septiembre","status":"publish","type":"post","link":"https:\/\/hojassueltas.es\/?p=13664","title":{"rendered":"Arantza Portabales en Librer\u00eda LER Zamora el 27 de septiembre"},"content":{"rendered":"<div class=\"flex-1 overflow-hidden\">\n<div class=\"h-full\">\n<div class=\"react-scroll-to-bottom--css-kpwtz-79elbk h-full\">\n<div class=\"react-scroll-to-bottom--css-kpwtz-1n7m0yu\">\n<div class=\"flex flex-col text-sm md:pb-9\">\n<article class=\"w-full text-token-text-primary focus-visible:outline-2 focus-visible:outline-offset-[-4px]\" dir=\"auto\" data-testid=\"conversation-turn-3\" data-scroll-anchor=\"true\">\n<div class=\"text-base py-[18px] px-3 md:px-4 m-auto w-full md:px-5 lg:px-1 xl:px-5\">\n<div class=\"mx-auto flex flex-1 gap-4 text-base md:gap-5 lg:gap-6 md:max-w-3xl lg:max-w-[40rem] xl:max-w-[48rem]\">\n<div class=\"group\/conversation-turn relative flex w-full min-w-0 flex-col agent-turn\">\n<div class=\"flex-col gap-1 md:gap-3\">\n<div class=\"flex max-w-full flex-col flex-grow\">\n<div class=\"min-h-[20px] text-message flex w-full flex-col items-end gap-2 break-words [.text-message+&amp;]:mt-5 overflow-x-auto whitespace-normal\" dir=\"auto\" data-message-author-role=\"assistant\" data-message-id=\"daf9da21-3bff-4a24-a5e4-d9797ebb7b2c\">\n<div class=\"flex w-full flex-col gap-1 empty:hidden first:pt-[3px]\">\n<div class=\"markdown prose w-full break-words dark:prose-invert light\">\n<p style=\"text-align: justify;\">La escritora Arantza Portabales, conocida como \u201cla nueva dama de la novela negra\u201d, aunque con una extensa trayectoria que va m\u00e1s all\u00e1 de este g\u00e9nero, estar\u00e1 en la Librer\u00eda LER de Zamora el pr\u00f3ximo 27 de septiembre a las 20:00 horas. Portabales, cuyas obras han sido recomendadas tanto por el expresidente Mariano Rajoy como por el presentador Jorge Javier V\u00e1zquez, escribe en castellano y gallego, lengua que no es su materna pero en la que tambi\u00e9n ha encontrado gran \u00e9xito. Su popular saga de Abad y Barroso cuenta con numerosos seguidores, incluyendo un buen n\u00famero en Zamora, y su obra \u00abDeje su mensaje despu\u00e9s de la se\u00f1al\u00bb fue adaptada al teatro con gran acogida.<\/p>\n<p style=\"text-align: justify;\">La visita, que se produce gracias al programa de Afinidades Electivas del Ministerio de Cultura, marca la segunda vez que Portabales visita la librer\u00eda, tras su \u00e9xito en la inauguraci\u00f3n del establecimiento hace tres a\u00f1os.<\/p>\n<p style=\"text-align: justify;\">Junto a ella estar\u00e1 el escritor y abogado Ulises B\u00e9rtolo, autor de \u201cLa Dama del Norte\u201d, una novela basada en la historia real de Ana Garrido, una mujer que se hizo un nombre en el mundo del narcotr\u00e1fico en Espa\u00f1a. B\u00e9rtolo describe su obra no como la historia de una narcotraficante, sino como la historia de una mujer que aprendi\u00f3 a dominar un entorno controlado por hombres.<\/p>\n<p>El evento ha generado gran expectativa y es de entrada libre, en la Librer\u00eda LER Zamora, ubicada en la calle Riego 34.<\/p>\n<p><span style=\"font-family: impact, sans-serif;\">\u00a9 Redacci\u00f3n<\/span><\/p>\n<\/div>\n<\/div>\n<\/div>\n<\/div>\n<\/div>\n<\/div>\n<\/div>\n<\/div>\n<\/article>\n<\/div>\n<\/div>\n<\/div>\n<\/div>\n<\/div>\n<div class=\"md:pt-0 dark:border-white\/20 md:border-transparent md:dark:border-transparent w-full\">\n<div class=\"\">\n<div class=\"text-base px-3 md:px-4 m-auto w-full md:px-5 lg:px-1 xl:px-5\">\n<div class=\"mx-auto flex flex-1 gap-4 text-base md:gap-5 lg:gap-6 md:max-w-3xl lg:max-w-[40rem] xl:max-w-[48rem]\">\n<form class=\"w-full\" aria-haspopup=\"dialog\" aria-expanded=\"false\" aria-controls=\"radix-:rfj:\" data-state=\"closed\">\n<div class=\"relative flex h-full max-w-full flex-1 flex-col\">\n<div class=\"group relative flex w-full items-center\">\n<div class=\"flex w-full flex-col gap-1.5 rounded-[26px] p-1.5 transition-colors bg-[#f4f4f4] dark:bg-token-main-surface-secondary\">\n<div class=\"flex items-end gap-1.5 md:gap-2\">\n<div class=\"flex min-w-0 flex-1 flex-col\"><\/div>\n<\/div>\n<\/div>\n<\/div>\n<\/div>\n<\/form>\n<\/div>\n<\/div>\n<\/div>\n<\/div>\n","protected":false},"excerpt":{"rendered":"<p>La escritora Arantza Portabales, conocida como \u201cla nueva dama de la novela negra\u201d, aunque con una extensa trayectoria que va m\u00e1s all\u00e1 de este g\u00e9nero, estar\u00e1 en la Librer\u00eda LER de Zamora el pr\u00f3ximo 27 de septiembre a las 20:00 horas. Portabales, cuyas obras han sido recomendadas tanto por el expresidente Mariano Rajoy como por [&hellip;]<\/p>\n","protected":false},"author":1,"featured_media":13665,"comment_status":"open","ping_status":"closed","sticky":false,"template":"","format":"standard","meta":{"footnotes":""},"categories":[32],"tags":[1447],"class_list":{"0":"post-13664","1":"post","2":"type-post","3":"status-publish","4":"format-standard","5":"has-post-thumbnail","7":"category-panorama-cultural","8":"tag-arantza-portabales"},"yoast_head":"<!-- This site is optimized with the Yoast SEO plugin v27.5 - https:\/\/yoast.com\/product\/yoast-seo-wordpress\/ -->\n<title>Arantza Portabales en Librer\u00eda LER Zamora el 27 de septiembre | HOJAS SUELTAS Peri\u00f3dico Cultural<\/title>\n<meta name=\"description\" content=\"LEYENDO ACTUALIDAD: La escritora gallega Arantza Portabales, conocida como \u201cla nueva dama de la novela negra\u201d, aunque con una extensa trayectoria que va m\u00e1s all\u00e1 de este g\u00e9nero, estar\u00e1 en la Librer\u00eda LER de Zamora\" \/>\n<meta name=\"robots\" content=\"index, follow, max-snippet:-1, max-image-preview:large, max-video-preview:-1\" \/>\n<link rel=\"canonical\" href=\"https:\/\/hojassueltas.es\/?p=13664\" \/>\n<meta property=\"og:locale\" content=\"es_ES\" \/>\n<meta property=\"og:type\" content=\"article\" \/>\n<meta property=\"og:title\" content=\"Arantza Portabales en Librer\u00eda LER Zamora el 27 de septiembre | HOJAS SUELTAS Peri\u00f3dico Cultural\" \/>\n<meta property=\"og:description\" content=\"LEYENDO ACTUALIDAD: La escritora gallega Arantza Portabales, conocida como \u201cla nueva dama de la novela negra\u201d, aunque con una extensa trayectoria que va m\u00e1s all\u00e1 de este g\u00e9nero, estar\u00e1 en la Librer\u00eda LER de Zamora\" \/>\n<meta property=\"og:url\" content=\"https:\/\/hojassueltas.es\/?p=13664\" \/>\n<meta property=\"og:site_name\" content=\"HOJAS SUELTAS Peri\u00f3dico Cultural\" \/>\n<meta property=\"article:published_time\" content=\"2024-09-03T22:00:04+00:00\" \/>\n<meta property=\"article:modified_time\" content=\"2025-07-21T09:02:57+00:00\" \/>\n<meta property=\"og:image\" content=\"https:\/\/hojassueltas.es\/wp-content\/uploads\/2024\/09\/Portabales-HS.png\" \/>\n\t<meta property=\"og:image:width\" content=\"1050\" \/>\n\t<meta property=\"og:image:height\" content=\"610\" \/>\n\t<meta property=\"og:image:type\" content=\"image\/png\" \/>\n<meta name=\"author\" content=\"Redacci\u00f3n\" \/>\n<meta name=\"twitter:card\" content=\"summary_large_image\" \/>\n<meta name=\"twitter:creator\" content=\"@HOJASSUELTAS22\" \/>\n<meta name=\"twitter:site\" content=\"@HOJASSUELTAS22\" \/>\n<meta name=\"twitter:label1\" content=\"Escrito por\" \/>\n\t<meta name=\"twitter:data1\" content=\"Redacci\u00f3n\" \/>\n\t<meta name=\"twitter:label2\" content=\"Tiempo de lectura\" \/>\n\t<meta name=\"twitter:data2\" content=\"2 minutos\" \/>\n<script type=\"application\/ld+json\" class=\"yoast-schema-graph\">{\"@context\":\"https:\\\/\\\/schema.org\",\"@graph\":[{\"@type\":[\"Article\",\"BlogPosting\"],\"@id\":\"https:\\\/\\\/hojassueltas.es\\\/?p=13664#article\",\"isPartOf\":{\"@id\":\"https:\\\/\\\/hojassueltas.es\\\/?p=13664\"},\"author\":{\"name\":\"Redacci\u00f3n\",\"@id\":\"https:\\\/\\\/hojassueltas.es\\\/#\\\/schema\\\/person\\\/f232bbdb834c61c90aff2245daa401c0\"},\"headline\":\"Arantza Portabales en Librer\u00eda LER Zamora el 27 de septiembre\",\"datePublished\":\"2024-09-03T22:00:04+00:00\",\"dateModified\":\"2025-07-21T09:02:57+00:00\",\"mainEntityOfPage\":{\"@id\":\"https:\\\/\\\/hojassueltas.es\\\/?p=13664\"},\"wordCount\":264,\"commentCount\":0,\"publisher\":{\"@id\":\"https:\\\/\\\/hojassueltas.es\\\/#organization\"},\"image\":{\"@id\":\"https:\\\/\\\/hojassueltas.es\\\/?p=13664#primaryimage\"},\"thumbnailUrl\":\"https:\\\/\\\/hojassueltas.es\\\/wp-content\\\/uploads\\\/2024\\\/09\\\/Portabales-HS.png\",\"keywords\":[\"Arantza Portabales\"],\"articleSection\":[\"PANORAMA CULTURAL\"],\"inLanguage\":\"es\",\"potentialAction\":[{\"@type\":\"CommentAction\",\"name\":\"Comment\",\"target\":[\"https:\\\/\\\/hojassueltas.es\\\/?p=13664#respond\"]}]},{\"@type\":\"WebPage\",\"@id\":\"https:\\\/\\\/hojassueltas.es\\\/?p=13664\",\"url\":\"https:\\\/\\\/hojassueltas.es\\\/?p=13664\",\"name\":\"Arantza Portabales en Librer\u00eda LER Zamora el 27 de septiembre | HOJAS SUELTAS Peri\u00f3dico Cultural\",\"isPartOf\":{\"@id\":\"https:\\\/\\\/hojassueltas.es\\\/#website\"},\"primaryImageOfPage\":{\"@id\":\"https:\\\/\\\/hojassueltas.es\\\/?p=13664#primaryimage\"},\"image\":{\"@id\":\"https:\\\/\\\/hojassueltas.es\\\/?p=13664#primaryimage\"},\"thumbnailUrl\":\"https:\\\/\\\/hojassueltas.es\\\/wp-content\\\/uploads\\\/2024\\\/09\\\/Portabales-HS.png\",\"datePublished\":\"2024-09-03T22:00:04+00:00\",\"dateModified\":\"2025-07-21T09:02:57+00:00\",\"description\":\"LEYENDO ACTUALIDAD: La escritora gallega Arantza Portabales, conocida como \u201cla nueva dama de la novela negra\u201d, aunque con una extensa trayectoria que va m\u00e1s all\u00e1 de este g\u00e9nero, estar\u00e1 en la Librer\u00eda LER de Zamora\",\"breadcrumb\":{\"@id\":\"https:\\\/\\\/hojassueltas.es\\\/?p=13664#breadcrumb\"},\"inLanguage\":\"es\",\"potentialAction\":[{\"@type\":\"ReadAction\",\"target\":[\"https:\\\/\\\/hojassueltas.es\\\/?p=13664\"]}]},{\"@type\":\"ImageObject\",\"inLanguage\":\"es\",\"@id\":\"https:\\\/\\\/hojassueltas.es\\\/?p=13664#primaryimage\",\"url\":\"https:\\\/\\\/hojassueltas.es\\\/wp-content\\\/uploads\\\/2024\\\/09\\\/Portabales-HS.png\",\"contentUrl\":\"https:\\\/\\\/hojassueltas.es\\\/wp-content\\\/uploads\\\/2024\\\/09\\\/Portabales-HS.png\",\"width\":1050,\"height\":610},{\"@type\":\"BreadcrumbList\",\"@id\":\"https:\\\/\\\/hojassueltas.es\\\/?p=13664#breadcrumb\",\"itemListElement\":[{\"@type\":\"ListItem\",\"position\":1,\"name\":\"Portada\",\"item\":\"https:\\\/\\\/hojassueltas.es\\\/\"},{\"@type\":\"ListItem\",\"position\":2,\"name\":\"Arantza Portabales en Librer\u00eda LER Zamora el 27 de septiembre\"}]},{\"@type\":\"WebSite\",\"@id\":\"https:\\\/\\\/hojassueltas.es\\\/#website\",\"url\":\"https:\\\/\\\/hojassueltas.es\\\/\",\"name\":\"HojasSueltas.es\",\"description\":\"GRANADA - Peri\u00f3dico Cultural\",\"publisher\":{\"@id\":\"https:\\\/\\\/hojassueltas.es\\\/#organization\"},\"alternateName\":\"H.S. Periodico Cultural\",\"potentialAction\":[{\"@type\":\"SearchAction\",\"target\":{\"@type\":\"EntryPoint\",\"urlTemplate\":\"https:\\\/\\\/hojassueltas.es\\\/?s={search_term_string}\"},\"query-input\":{\"@type\":\"PropertyValueSpecification\",\"valueRequired\":true,\"valueName\":\"search_term_string\"}}],\"inLanguage\":\"es\"},{\"@type\":\"Organization\",\"@id\":\"https:\\\/\\\/hojassueltas.es\\\/#organization\",\"name\":\"HOJAS SUELTAS - Peri\u00f3dico Cultural\",\"alternateName\":\"HS - HOJAS SUELTAS Peri\u00f3dico Cultural\",\"url\":\"https:\\\/\\\/hojassueltas.es\\\/\",\"logo\":{\"@type\":\"ImageObject\",\"inLanguage\":\"es\",\"@id\":\"https:\\\/\\\/hojassueltas.es\\\/#\\\/schema\\\/logo\\\/image\\\/\",\"url\":\"https:\\\/\\\/hojassueltas.es\\\/wp-content\\\/uploads\\\/2025\\\/08\\\/Icono-HS_2.png\",\"contentUrl\":\"https:\\\/\\\/hojassueltas.es\\\/wp-content\\\/uploads\\\/2025\\\/08\\\/Icono-HS_2.png\",\"width\":500,\"height\":500,\"caption\":\"HOJAS SUELTAS - Peri\u00f3dico Cultural\"},\"image\":{\"@id\":\"https:\\\/\\\/hojassueltas.es\\\/#\\\/schema\\\/logo\\\/image\\\/\"},\"sameAs\":[\"https:\\\/\\\/x.com\\\/HOJASSUELTAS22\"]},{\"@type\":\"Person\",\"@id\":\"https:\\\/\\\/hojassueltas.es\\\/#\\\/schema\\\/person\\\/f232bbdb834c61c90aff2245daa401c0\",\"name\":\"Redacci\u00f3n\",\"image\":{\"@type\":\"ImageObject\",\"inLanguage\":\"es\",\"@id\":\"https:\\\/\\\/hojassueltas.es\\\/wp-content\\\/uploads\\\/2026\\\/02\\\/Redaccion-2-96x96.png\",\"url\":\"https:\\\/\\\/hojassueltas.es\\\/wp-content\\\/uploads\\\/2026\\\/02\\\/Redaccion-2-96x96.png\",\"contentUrl\":\"https:\\\/\\\/hojassueltas.es\\\/wp-content\\\/uploads\\\/2026\\\/02\\\/Redaccion-2-96x96.png\",\"caption\":\"Redacci\u00f3n\"},\"description\":\"Redacci\u00f3n de HOJAS SUELTAS\",\"url\":\"https:\\\/\\\/hojassueltas.es\\\/?author=1\"}]}<\/script>\n<!-- \/ Yoast SEO plugin. -->","yoast_head_json":{"title":"Arantza Portabales en Librer\u00eda LER Zamora el 27 de septiembre | HOJAS SUELTAS Peri\u00f3dico Cultural","description":"LEYENDO ACTUALIDAD: La escritora gallega Arantza Portabales, conocida como \u201cla nueva dama de la novela negra\u201d, aunque con una extensa trayectoria que va m\u00e1s all\u00e1 de este g\u00e9nero, estar\u00e1 en la Librer\u00eda LER de Zamora","robots":{"index":"index","follow":"follow","max-snippet":"max-snippet:-1","max-image-preview":"max-image-preview:large","max-video-preview":"max-video-preview:-1"},"canonical":"https:\/\/hojassueltas.es\/?p=13664","og_locale":"es_ES","og_type":"article","og_title":"Arantza Portabales en Librer\u00eda LER Zamora el 27 de septiembre | HOJAS SUELTAS Peri\u00f3dico Cultural","og_description":"LEYENDO ACTUALIDAD: La escritora gallega Arantza Portabales, conocida como \u201cla nueva dama de la novela negra\u201d, aunque con una extensa trayectoria que va m\u00e1s all\u00e1 de este g\u00e9nero, estar\u00e1 en la Librer\u00eda LER de Zamora","og_url":"https:\/\/hojassueltas.es\/?p=13664","og_site_name":"HOJAS SUELTAS Peri\u00f3dico Cultural","article_published_time":"2024-09-03T22:00:04+00:00","article_modified_time":"2025-07-21T09:02:57+00:00","og_image":[{"width":1050,"height":610,"url":"https:\/\/hojassueltas.es\/wp-content\/uploads\/2024\/09\/Portabales-HS.png","type":"image\/png"}],"author":"Redacci\u00f3n","twitter_card":"summary_large_image","twitter_creator":"@HOJASSUELTAS22","twitter_site":"@HOJASSUELTAS22","twitter_misc":{"Escrito por":"Redacci\u00f3n","Tiempo de lectura":"2 minutos"},"schema":{"@context":"https:\/\/schema.org","@graph":[{"@type":["Article","BlogPosting"],"@id":"https:\/\/hojassueltas.es\/?p=13664#article","isPartOf":{"@id":"https:\/\/hojassueltas.es\/?p=13664"},"author":{"name":"Redacci\u00f3n","@id":"https:\/\/hojassueltas.es\/#\/schema\/person\/f232bbdb834c61c90aff2245daa401c0"},"headline":"Arantza Portabales en Librer\u00eda LER Zamora el 27 de septiembre","datePublished":"2024-09-03T22:00:04+00:00","dateModified":"2025-07-21T09:02:57+00:00","mainEntityOfPage":{"@id":"https:\/\/hojassueltas.es\/?p=13664"},"wordCount":264,"commentCount":0,"publisher":{"@id":"https:\/\/hojassueltas.es\/#organization"},"image":{"@id":"https:\/\/hojassueltas.es\/?p=13664#primaryimage"},"thumbnailUrl":"https:\/\/hojassueltas.es\/wp-content\/uploads\/2024\/09\/Portabales-HS.png","keywords":["Arantza Portabales"],"articleSection":["PANORAMA CULTURAL"],"inLanguage":"es","potentialAction":[{"@type":"CommentAction","name":"Comment","target":["https:\/\/hojassueltas.es\/?p=13664#respond"]}]},{"@type":"WebPage","@id":"https:\/\/hojassueltas.es\/?p=13664","url":"https:\/\/hojassueltas.es\/?p=13664","name":"Arantza Portabales en Librer\u00eda LER Zamora el 27 de septiembre | HOJAS SUELTAS Peri\u00f3dico Cultural","isPartOf":{"@id":"https:\/\/hojassueltas.es\/#website"},"primaryImageOfPage":{"@id":"https:\/\/hojassueltas.es\/?p=13664#primaryimage"},"image":{"@id":"https:\/\/hojassueltas.es\/?p=13664#primaryimage"},"thumbnailUrl":"https:\/\/hojassueltas.es\/wp-content\/uploads\/2024\/09\/Portabales-HS.png","datePublished":"2024-09-03T22:00:04+00:00","dateModified":"2025-07-21T09:02:57+00:00","description":"LEYENDO ACTUALIDAD: La escritora gallega Arantza Portabales, conocida como \u201cla nueva dama de la novela negra\u201d, aunque con una extensa trayectoria que va m\u00e1s all\u00e1 de este g\u00e9nero, estar\u00e1 en la Librer\u00eda LER de Zamora","breadcrumb":{"@id":"https:\/\/hojassueltas.es\/?p=13664#breadcrumb"},"inLanguage":"es","potentialAction":[{"@type":"ReadAction","target":["https:\/\/hojassueltas.es\/?p=13664"]}]},{"@type":"ImageObject","inLanguage":"es","@id":"https:\/\/hojassueltas.es\/?p=13664#primaryimage","url":"https:\/\/hojassueltas.es\/wp-content\/uploads\/2024\/09\/Portabales-HS.png","contentUrl":"https:\/\/hojassueltas.es\/wp-content\/uploads\/2024\/09\/Portabales-HS.png","width":1050,"height":610},{"@type":"BreadcrumbList","@id":"https:\/\/hojassueltas.es\/?p=13664#breadcrumb","itemListElement":[{"@type":"ListItem","position":1,"name":"Portada","item":"https:\/\/hojassueltas.es\/"},{"@type":"ListItem","position":2,"name":"Arantza Portabales en Librer\u00eda LER Zamora el 27 de septiembre"}]},{"@type":"WebSite","@id":"https:\/\/hojassueltas.es\/#website","url":"https:\/\/hojassueltas.es\/","name":"HojasSueltas.es","description":"GRANADA - Peri\u00f3dico Cultural","publisher":{"@id":"https:\/\/hojassueltas.es\/#organization"},"alternateName":"H.S. Periodico Cultural","potentialAction":[{"@type":"SearchAction","target":{"@type":"EntryPoint","urlTemplate":"https:\/\/hojassueltas.es\/?s={search_term_string}"},"query-input":{"@type":"PropertyValueSpecification","valueRequired":true,"valueName":"search_term_string"}}],"inLanguage":"es"},{"@type":"Organization","@id":"https:\/\/hojassueltas.es\/#organization","name":"HOJAS SUELTAS - Peri\u00f3dico Cultural","alternateName":"HS - HOJAS SUELTAS Peri\u00f3dico Cultural","url":"https:\/\/hojassueltas.es\/","logo":{"@type":"ImageObject","inLanguage":"es","@id":"https:\/\/hojassueltas.es\/#\/schema\/logo\/image\/","url":"https:\/\/hojassueltas.es\/wp-content\/uploads\/2025\/08\/Icono-HS_2.png","contentUrl":"https:\/\/hojassueltas.es\/wp-content\/uploads\/2025\/08\/Icono-HS_2.png","width":500,"height":500,"caption":"HOJAS SUELTAS - Peri\u00f3dico Cultural"},"image":{"@id":"https:\/\/hojassueltas.es\/#\/schema\/logo\/image\/"},"sameAs":["https:\/\/x.com\/HOJASSUELTAS22"]},{"@type":"Person","@id":"https:\/\/hojassueltas.es\/#\/schema\/person\/f232bbdb834c61c90aff2245daa401c0","name":"Redacci\u00f3n","image":{"@type":"ImageObject","inLanguage":"es","@id":"https:\/\/hojassueltas.es\/wp-content\/uploads\/2026\/02\/Redaccion-2-96x96.png","url":"https:\/\/hojassueltas.es\/wp-content\/uploads\/2026\/02\/Redaccion-2-96x96.png","contentUrl":"https:\/\/hojassueltas.es\/wp-content\/uploads\/2026\/02\/Redaccion-2-96x96.png","caption":"Redacci\u00f3n"},"description":"Redacci\u00f3n de HOJAS SUELTAS","url":"https:\/\/hojassueltas.es\/?author=1"}]}},"_links":{"self":[{"href":"https:\/\/hojassueltas.es\/index.php?rest_route=\/wp\/v2\/posts\/13664","targetHints":{"allow":["GET"]}}],"collection":[{"href":"https:\/\/hojassueltas.es\/index.php?rest_route=\/wp\/v2\/posts"}],"about":[{"href":"https:\/\/hojassueltas.es\/index.php?rest_route=\/wp\/v2\/types\/post"}],"author":[{"embeddable":true,"href":"https:\/\/hojassueltas.es\/index.php?rest_route=\/wp\/v2\/users\/1"}],"replies":[{"embeddable":true,"href":"https:\/\/hojassueltas.es\/index.php?rest_route=%2Fwp%2Fv2%2Fcomments&post=13664"}],"version-history":[{"count":1,"href":"https:\/\/hojassueltas.es\/index.php?rest_route=\/wp\/v2\/posts\/13664\/revisions"}],"predecessor-version":[{"id":13666,"href":"https:\/\/hojassueltas.es\/index.php?rest_route=\/wp\/v2\/posts\/13664\/revisions\/13666"}],"wp:featuredmedia":[{"embeddable":true,"href":"https:\/\/hojassueltas.es\/index.php?rest_route=\/wp\/v2\/media\/13665"}],"wp:attachment":[{"href":"https:\/\/hojassueltas.es\/index.php?rest_route=%2Fwp%2Fv2%2Fmedia&parent=13664"}],"wp:term":[{"taxonomy":"category","embeddable":true,"href":"https:\/\/hojassueltas.es\/index.php?rest_route=%2Fwp%2Fv2%2Fcategories&post=13664"},{"taxonomy":"post_tag","embeddable":true,"href":"https:\/\/hojassueltas.es\/index.php?rest_route=%2Fwp%2Fv2%2Ftags&post=13664"}],"curies":[{"name":"wp","href":"https:\/\/api.w.org\/{rel}","templated":true}]}}