{"id":1291,"date":"2023-01-31T10:52:24","date_gmt":"2023-01-31T09:52:24","guid":{"rendered":"https:\/\/hojassueltas.aldoediciones.es\/?p=1291"},"modified":"2025-12-05T17:28:46","modified_gmt":"2025-12-05T15:28:46","slug":"la-vida-breve","status":"publish","type":"post","link":"https:\/\/hojassueltas.es\/?p=1291","title":{"rendered":"La vida breve"},"content":{"rendered":"<p style=\"text-align: justify;\">Conectar con Alexis Ravelo era muy f\u00e1cil, emit\u00eda una vibraci\u00f3n de alta frecuencia, de felicidad, positivismo y buen rollo que te resultaba imposible huir de esa se\u00f1al sat\u00e9lite, te atrapaba inmediatamente. Su amigabilidad y simpat\u00eda te hac\u00edan suyo en un abrir y cerrar de ojos, en un pesta\u00f1eo. Hablar con \u00e9l de literatura era una gozada; Cernuda, Camus, Malraux, Montalb\u00e1n, Pavese, Sontag, Foucault, Gald\u00f3s\u2026 te quedabas con ganas de m\u00e1s.\u00a0 Su novela era una denuncia a las situaciones indignas de la sociedad civilizada. Los personajes creados por una mente le\u00edda, inquieta y tenaz hacen digresiones sin por ello romper con el hilo argumental de la historia. Eran profundos, como \u00e9l. Personajes que tal vez hablaban lo que el autor pensaba, im\u00e1genes de una realidad que no le gustaba.<\/p>\n<figure id=\"attachment_1292\" aria-describedby=\"caption-attachment-1292\" style=\"width: 300px\" class=\"wp-caption alignleft\"><img loading=\"lazy\" decoding=\"async\" class=\"wp-image-1292 size-medium\" src=\"https:\/\/hojassueltas.es\/wp-content\/uploads\/2023\/01\/Alexis-Ravelo-300x200.jpg\" alt=\"\" width=\"300\" height=\"200\" \/><figcaption id=\"caption-attachment-1292\" class=\"wp-caption-text\">Imagen Cartagena Negra 2019 realizada por el fot\u00f3grafo Pedro Villanueva<\/figcaption><\/figure>\n<p style=\"text-align: justify;\">Seguro y firme nos obligaba a meditar sobre las injusticias sociales. En el a\u00f1o 2000 public\u00f3 un libro de cuentos, gust\u00f3, pero no se qued\u00f3 conforme con el resultado y sigui\u00f3 trabajando dej\u00e1ndonos un gran legado. En 2014, despu\u00e9s de recibir el premio Hammett por la novela La estrategia del pequin\u00e9s (Ed. Alrev\u00e9s) recordaba con cari\u00f1o a Josep Forment, fallecido poco antes con tal solo 51 a\u00f1os: \u00abEstas cosas no salen solas, los autores somos responsables de los libros pero no somos los \u00fanicos responsables. Y en este caso, fue muy importante que la Editorial Alrev\u00e9s, una editorial de Barcelona, apostara por un t\u00edo que se llama Alexis Ravelo, que vive en el culo del mundo, frente a Senegal y a qui\u00e9n no conoc\u00eda nadie en la pen\u00ednsula y ha sido una apuesta muy fuerte. Y aparte de hacer esa apuesta muy fuerte Gregori Dolz y Josep Forment fueron de los que echaron un vistazo a la obra. Forment me dio mucha ca\u00f1a, me ayud\u00f3 a que el libro mejorara. Los editores son los que hacen que los borradores, los manuscritos se conviertan en libros de verdad. Y en ese sentido no puedo dejar de acordarme de Josep Forment que nos acaba de dejar, adem\u00e1s lo suyo me parece una absoluta desgracia, ha sido as\u00ed, de repente, cuando ten\u00eda muchos proyectos. Me hab\u00eda hablado el a\u00f1o pasado de un libro de ensayo que estaba escribiendo y est\u00e1bamos todos detr\u00e1s de \u00e9l \u00abescribe, escribe\u00bb, no puedo dejar de acordarme de \u00e9l\u2026\u00bb.<\/p>\n<p style=\"text-align: justify;\">As\u00ed era Alexis de buena gente y humilde. Tu querido Malraux dec\u00eda que \u00abEn un universo bastante absurdo, hay algo que no lo es: lo que podemos hacer por los dem\u00e1s\u00bb. Has hecho mucho. Ahora todos te lloramos, tu familia, amigos, lectores, tu querida tierra, Las Palmas de Gran Canaria, de la que dijiste que prefer\u00edas no progresar antes que abandonar. Queda un hueco que nadie podr\u00e1 ocupar en\u00a0 el Vegueta o la cafeter\u00eda del Campus del Obelisco. Saluda a Monterroso y a Onetti de mi parte. Ahora disfrutar\u00e1s de charlar y re\u00edr con todos aquellos que se marcharon antes que t\u00fa, algunos hace poco, otros hace ya mucho. Mientras, aqu\u00ed, nos conformaremos manteniendo vivo tu esp\u00edritu a trav\u00e9s de toda la obra que nos has dejado. Gracias y hasta siempre querido Alexis Ravelo.<\/p>\n<p><strong><span style=\"font-size: 10px;\">\u00a9 Kika Sureda (Lesa Literatura). Enero 2023 Todos los derechos reservados.\u00a0<\/span><\/strong><\/p>\n","protected":false},"excerpt":{"rendered":"<p>Conectar con Alexis Ravelo era muy f\u00e1cil, emit\u00eda una vibraci\u00f3n de alta frecuencia, de felicidad, positivismo y buen rollo que te resultaba imposible huir de esa se\u00f1al sat\u00e9lite, te atrapaba inmediatamente. Su amigabilidad y simpat\u00eda te hac\u00edan suyo en un abrir y cerrar de ojos, en un pesta\u00f1eo. Hablar con \u00e9l de literatura era una [&hellip;]<\/p>\n","protected":false},"author":7,"featured_media":1293,"comment_status":"open","ping_status":"closed","sticky":false,"template":"","format":"standard","meta":{"footnotes":""},"categories":[2298,40],"tags":[196,107],"class_list":{"0":"post-1291","1":"post","2":"type-post","3":"status-publish","4":"format-standard","5":"has-post-thumbnail","7":"category-colaboradores","8":"category-relatos","9":"tag-alexis-ravelo","10":"tag-kika-sureda"},"yoast_head":"<!-- This site is optimized with the Yoast SEO plugin v27.5 - https:\/\/yoast.com\/product\/yoast-seo-wordpress\/ -->\n<title>La vida breve | HOJAS SUELTAS Peri\u00f3dico Cultural<\/title>\n<meta name=\"description\" content=\"Conectar con Alexis Ravelo era muy f\u00e1cil, emit\u00eda una vibraci\u00f3n de alta frecuencia, de felicidad, positivismo\" \/>\n<meta name=\"robots\" content=\"index, follow, max-snippet:-1, max-image-preview:large, max-video-preview:-1\" \/>\n<link rel=\"canonical\" href=\"https:\/\/hojassueltas.es\/?p=1291\" \/>\n<meta property=\"og:locale\" content=\"es_ES\" \/>\n<meta property=\"og:type\" content=\"article\" \/>\n<meta property=\"og:title\" content=\"La vida breve | HOJAS SUELTAS Peri\u00f3dico Cultural\" \/>\n<meta property=\"og:description\" content=\"Conectar con Alexis Ravelo era muy f\u00e1cil, emit\u00eda una vibraci\u00f3n de alta frecuencia, de felicidad, positivismo\" \/>\n<meta property=\"og:url\" content=\"https:\/\/hojassueltas.es\/?p=1291\" \/>\n<meta property=\"og:site_name\" content=\"HOJAS SUELTAS Peri\u00f3dico Cultural\" \/>\n<meta property=\"article:published_time\" content=\"2023-01-31T09:52:24+00:00\" \/>\n<meta property=\"article:modified_time\" content=\"2025-12-05T15:28:46+00:00\" \/>\n<meta property=\"og:image\" content=\"https:\/\/hojassueltas.es\/wp-content\/uploads\/2023\/01\/Alexis-Ravelo_web.png\" \/>\n\t<meta property=\"og:image:width\" content=\"1050\" \/>\n\t<meta property=\"og:image:height\" content=\"610\" \/>\n\t<meta property=\"og:image:type\" content=\"image\/png\" \/>\n<meta name=\"author\" content=\"Kika Sureda\" \/>\n<meta name=\"twitter:card\" content=\"summary_large_image\" \/>\n<meta name=\"twitter:creator\" content=\"@HOJASSUELTAS22\" \/>\n<meta name=\"twitter:site\" content=\"@HOJASSUELTAS22\" \/>\n<meta name=\"twitter:label1\" content=\"Escrito por\" \/>\n\t<meta name=\"twitter:data1\" content=\"Kika Sureda\" \/>\n\t<meta name=\"twitter:label2\" content=\"Tiempo de lectura\" \/>\n\t<meta name=\"twitter:data2\" content=\"3 minutos\" \/>\n<script type=\"application\/ld+json\" class=\"yoast-schema-graph\">{\"@context\":\"https:\\\/\\\/schema.org\",\"@graph\":[{\"@type\":[\"Article\",\"BlogPosting\"],\"@id\":\"https:\\\/\\\/hojassueltas.es\\\/?p=1291#article\",\"isPartOf\":{\"@id\":\"https:\\\/\\\/hojassueltas.es\\\/?p=1291\"},\"author\":{\"name\":\"Kika Sureda\",\"@id\":\"https:\\\/\\\/hojassueltas.es\\\/#\\\/schema\\\/person\\\/9bf52e3cf9edddf4f38daa51450bb756\"},\"headline\":\"La vida breve\",\"datePublished\":\"2023-01-31T09:52:24+00:00\",\"dateModified\":\"2025-12-05T15:28:46+00:00\",\"mainEntityOfPage\":{\"@id\":\"https:\\\/\\\/hojassueltas.es\\\/?p=1291\"},\"wordCount\":578,\"commentCount\":0,\"publisher\":{\"@id\":\"https:\\\/\\\/hojassueltas.es\\\/#organization\"},\"image\":{\"@id\":\"https:\\\/\\\/hojassueltas.es\\\/?p=1291#primaryimage\"},\"thumbnailUrl\":\"https:\\\/\\\/hojassueltas.es\\\/wp-content\\\/uploads\\\/2023\\\/01\\\/Alexis-Ravelo_web.png\",\"keywords\":[\"Alexis Ravelo\",\"Kika Sureda\"],\"articleSection\":[\"Colaboradores\",\"RELATOS\"],\"inLanguage\":\"es\",\"potentialAction\":[{\"@type\":\"CommentAction\",\"name\":\"Comment\",\"target\":[\"https:\\\/\\\/hojassueltas.es\\\/?p=1291#respond\"]}]},{\"@type\":\"WebPage\",\"@id\":\"https:\\\/\\\/hojassueltas.es\\\/?p=1291\",\"url\":\"https:\\\/\\\/hojassueltas.es\\\/?p=1291\",\"name\":\"La vida breve | HOJAS SUELTAS Peri\u00f3dico Cultural\",\"isPartOf\":{\"@id\":\"https:\\\/\\\/hojassueltas.es\\\/#website\"},\"primaryImageOfPage\":{\"@id\":\"https:\\\/\\\/hojassueltas.es\\\/?p=1291#primaryimage\"},\"image\":{\"@id\":\"https:\\\/\\\/hojassueltas.es\\\/?p=1291#primaryimage\"},\"thumbnailUrl\":\"https:\\\/\\\/hojassueltas.es\\\/wp-content\\\/uploads\\\/2023\\\/01\\\/Alexis-Ravelo_web.png\",\"datePublished\":\"2023-01-31T09:52:24+00:00\",\"dateModified\":\"2025-12-05T15:28:46+00:00\",\"description\":\"Conectar con Alexis Ravelo era muy f\u00e1cil, emit\u00eda una vibraci\u00f3n de alta frecuencia, de felicidad, positivismo\",\"breadcrumb\":{\"@id\":\"https:\\\/\\\/hojassueltas.es\\\/?p=1291#breadcrumb\"},\"inLanguage\":\"es\",\"potentialAction\":[{\"@type\":\"ReadAction\",\"target\":[\"https:\\\/\\\/hojassueltas.es\\\/?p=1291\"]}]},{\"@type\":\"ImageObject\",\"inLanguage\":\"es\",\"@id\":\"https:\\\/\\\/hojassueltas.es\\\/?p=1291#primaryimage\",\"url\":\"https:\\\/\\\/hojassueltas.es\\\/wp-content\\\/uploads\\\/2023\\\/01\\\/Alexis-Ravelo_web.png\",\"contentUrl\":\"https:\\\/\\\/hojassueltas.es\\\/wp-content\\\/uploads\\\/2023\\\/01\\\/Alexis-Ravelo_web.png\",\"width\":1050,\"height\":610},{\"@type\":\"BreadcrumbList\",\"@id\":\"https:\\\/\\\/hojassueltas.es\\\/?p=1291#breadcrumb\",\"itemListElement\":[{\"@type\":\"ListItem\",\"position\":1,\"name\":\"Portada\",\"item\":\"https:\\\/\\\/hojassueltas.es\\\/\"},{\"@type\":\"ListItem\",\"position\":2,\"name\":\"La vida breve\"}]},{\"@type\":\"WebSite\",\"@id\":\"https:\\\/\\\/hojassueltas.es\\\/#website\",\"url\":\"https:\\\/\\\/hojassueltas.es\\\/\",\"name\":\"HojasSueltas.es\",\"description\":\"GRANADA - Peri\u00f3dico Cultural\",\"publisher\":{\"@id\":\"https:\\\/\\\/hojassueltas.es\\\/#organization\"},\"alternateName\":\"H.S. Periodico Cultural\",\"potentialAction\":[{\"@type\":\"SearchAction\",\"target\":{\"@type\":\"EntryPoint\",\"urlTemplate\":\"https:\\\/\\\/hojassueltas.es\\\/?s={search_term_string}\"},\"query-input\":{\"@type\":\"PropertyValueSpecification\",\"valueRequired\":true,\"valueName\":\"search_term_string\"}}],\"inLanguage\":\"es\"},{\"@type\":\"Organization\",\"@id\":\"https:\\\/\\\/hojassueltas.es\\\/#organization\",\"name\":\"HOJAS SUELTAS - Peri\u00f3dico Cultural\",\"alternateName\":\"HS - HOJAS SUELTAS Peri\u00f3dico Cultural\",\"url\":\"https:\\\/\\\/hojassueltas.es\\\/\",\"logo\":{\"@type\":\"ImageObject\",\"inLanguage\":\"es\",\"@id\":\"https:\\\/\\\/hojassueltas.es\\\/#\\\/schema\\\/logo\\\/image\\\/\",\"url\":\"https:\\\/\\\/hojassueltas.es\\\/wp-content\\\/uploads\\\/2025\\\/08\\\/Icono-HS_2.png\",\"contentUrl\":\"https:\\\/\\\/hojassueltas.es\\\/wp-content\\\/uploads\\\/2025\\\/08\\\/Icono-HS_2.png\",\"width\":500,\"height\":500,\"caption\":\"HOJAS SUELTAS - Peri\u00f3dico Cultural\"},\"image\":{\"@id\":\"https:\\\/\\\/hojassueltas.es\\\/#\\\/schema\\\/logo\\\/image\\\/\"},\"sameAs\":[\"https:\\\/\\\/x.com\\\/HOJASSUELTAS22\"]},{\"@type\":\"Person\",\"@id\":\"https:\\\/\\\/hojassueltas.es\\\/#\\\/schema\\\/person\\\/9bf52e3cf9edddf4f38daa51450bb756\",\"name\":\"Kika Sureda\",\"image\":{\"@type\":\"ImageObject\",\"inLanguage\":\"es\",\"@id\":\"https:\\\/\\\/hojassueltas.es\\\/wp-content\\\/uploads\\\/2022\\\/12\\\/Kika-96x96.jpg\",\"url\":\"https:\\\/\\\/hojassueltas.es\\\/wp-content\\\/uploads\\\/2022\\\/12\\\/Kika-96x96.jpg\",\"contentUrl\":\"https:\\\/\\\/hojassueltas.es\\\/wp-content\\\/uploads\\\/2022\\\/12\\\/Kika-96x96.jpg\",\"caption\":\"Kika Sureda\"},\"description\":\"Nacida en Manacor (Mallorca) y granadina de adopci\u00f3n, es Licenciada en Biblioteconom\u00eda y Documentaci\u00f3n, Licenciada en Comunicaci\u00f3n Audiovisual. Grado en Filolog\u00eda Cl\u00e1sica, Estudios de Literaturas Comparadas. Alma mater de Lesa Literatura. Articulista de Culturamas, colaboradora de Ja\u00e9n Plus Radio. Compagina sus labores de correctora y editora con la docencia como profesional de la comunicaci\u00f3n y sus colaboraciones con actividades culturales y literarias.\",\"url\":\"https:\\\/\\\/hojassueltas.es\\\/?author=7\"}]}<\/script>\n<!-- \/ Yoast SEO plugin. -->","yoast_head_json":{"title":"La vida breve | HOJAS SUELTAS Peri\u00f3dico Cultural","description":"Conectar con Alexis Ravelo era muy f\u00e1cil, emit\u00eda una vibraci\u00f3n de alta frecuencia, de felicidad, positivismo","robots":{"index":"index","follow":"follow","max-snippet":"max-snippet:-1","max-image-preview":"max-image-preview:large","max-video-preview":"max-video-preview:-1"},"canonical":"https:\/\/hojassueltas.es\/?p=1291","og_locale":"es_ES","og_type":"article","og_title":"La vida breve | HOJAS SUELTAS Peri\u00f3dico Cultural","og_description":"Conectar con Alexis Ravelo era muy f\u00e1cil, emit\u00eda una vibraci\u00f3n de alta frecuencia, de felicidad, positivismo","og_url":"https:\/\/hojassueltas.es\/?p=1291","og_site_name":"HOJAS SUELTAS Peri\u00f3dico Cultural","article_published_time":"2023-01-31T09:52:24+00:00","article_modified_time":"2025-12-05T15:28:46+00:00","og_image":[{"width":1050,"height":610,"url":"https:\/\/hojassueltas.es\/wp-content\/uploads\/2023\/01\/Alexis-Ravelo_web.png","type":"image\/png"}],"author":"Kika Sureda","twitter_card":"summary_large_image","twitter_creator":"@HOJASSUELTAS22","twitter_site":"@HOJASSUELTAS22","twitter_misc":{"Escrito por":"Kika Sureda","Tiempo de lectura":"3 minutos"},"schema":{"@context":"https:\/\/schema.org","@graph":[{"@type":["Article","BlogPosting"],"@id":"https:\/\/hojassueltas.es\/?p=1291#article","isPartOf":{"@id":"https:\/\/hojassueltas.es\/?p=1291"},"author":{"name":"Kika Sureda","@id":"https:\/\/hojassueltas.es\/#\/schema\/person\/9bf52e3cf9edddf4f38daa51450bb756"},"headline":"La vida breve","datePublished":"2023-01-31T09:52:24+00:00","dateModified":"2025-12-05T15:28:46+00:00","mainEntityOfPage":{"@id":"https:\/\/hojassueltas.es\/?p=1291"},"wordCount":578,"commentCount":0,"publisher":{"@id":"https:\/\/hojassueltas.es\/#organization"},"image":{"@id":"https:\/\/hojassueltas.es\/?p=1291#primaryimage"},"thumbnailUrl":"https:\/\/hojassueltas.es\/wp-content\/uploads\/2023\/01\/Alexis-Ravelo_web.png","keywords":["Alexis Ravelo","Kika Sureda"],"articleSection":["Colaboradores","RELATOS"],"inLanguage":"es","potentialAction":[{"@type":"CommentAction","name":"Comment","target":["https:\/\/hojassueltas.es\/?p=1291#respond"]}]},{"@type":"WebPage","@id":"https:\/\/hojassueltas.es\/?p=1291","url":"https:\/\/hojassueltas.es\/?p=1291","name":"La vida breve | HOJAS SUELTAS Peri\u00f3dico Cultural","isPartOf":{"@id":"https:\/\/hojassueltas.es\/#website"},"primaryImageOfPage":{"@id":"https:\/\/hojassueltas.es\/?p=1291#primaryimage"},"image":{"@id":"https:\/\/hojassueltas.es\/?p=1291#primaryimage"},"thumbnailUrl":"https:\/\/hojassueltas.es\/wp-content\/uploads\/2023\/01\/Alexis-Ravelo_web.png","datePublished":"2023-01-31T09:52:24+00:00","dateModified":"2025-12-05T15:28:46+00:00","description":"Conectar con Alexis Ravelo era muy f\u00e1cil, emit\u00eda una vibraci\u00f3n de alta frecuencia, de felicidad, positivismo","breadcrumb":{"@id":"https:\/\/hojassueltas.es\/?p=1291#breadcrumb"},"inLanguage":"es","potentialAction":[{"@type":"ReadAction","target":["https:\/\/hojassueltas.es\/?p=1291"]}]},{"@type":"ImageObject","inLanguage":"es","@id":"https:\/\/hojassueltas.es\/?p=1291#primaryimage","url":"https:\/\/hojassueltas.es\/wp-content\/uploads\/2023\/01\/Alexis-Ravelo_web.png","contentUrl":"https:\/\/hojassueltas.es\/wp-content\/uploads\/2023\/01\/Alexis-Ravelo_web.png","width":1050,"height":610},{"@type":"BreadcrumbList","@id":"https:\/\/hojassueltas.es\/?p=1291#breadcrumb","itemListElement":[{"@type":"ListItem","position":1,"name":"Portada","item":"https:\/\/hojassueltas.es\/"},{"@type":"ListItem","position":2,"name":"La vida breve"}]},{"@type":"WebSite","@id":"https:\/\/hojassueltas.es\/#website","url":"https:\/\/hojassueltas.es\/","name":"HojasSueltas.es","description":"GRANADA - Peri\u00f3dico Cultural","publisher":{"@id":"https:\/\/hojassueltas.es\/#organization"},"alternateName":"H.S. Periodico Cultural","potentialAction":[{"@type":"SearchAction","target":{"@type":"EntryPoint","urlTemplate":"https:\/\/hojassueltas.es\/?s={search_term_string}"},"query-input":{"@type":"PropertyValueSpecification","valueRequired":true,"valueName":"search_term_string"}}],"inLanguage":"es"},{"@type":"Organization","@id":"https:\/\/hojassueltas.es\/#organization","name":"HOJAS SUELTAS - Peri\u00f3dico Cultural","alternateName":"HS - HOJAS SUELTAS Peri\u00f3dico Cultural","url":"https:\/\/hojassueltas.es\/","logo":{"@type":"ImageObject","inLanguage":"es","@id":"https:\/\/hojassueltas.es\/#\/schema\/logo\/image\/","url":"https:\/\/hojassueltas.es\/wp-content\/uploads\/2025\/08\/Icono-HS_2.png","contentUrl":"https:\/\/hojassueltas.es\/wp-content\/uploads\/2025\/08\/Icono-HS_2.png","width":500,"height":500,"caption":"HOJAS SUELTAS - Peri\u00f3dico Cultural"},"image":{"@id":"https:\/\/hojassueltas.es\/#\/schema\/logo\/image\/"},"sameAs":["https:\/\/x.com\/HOJASSUELTAS22"]},{"@type":"Person","@id":"https:\/\/hojassueltas.es\/#\/schema\/person\/9bf52e3cf9edddf4f38daa51450bb756","name":"Kika Sureda","image":{"@type":"ImageObject","inLanguage":"es","@id":"https:\/\/hojassueltas.es\/wp-content\/uploads\/2022\/12\/Kika-96x96.jpg","url":"https:\/\/hojassueltas.es\/wp-content\/uploads\/2022\/12\/Kika-96x96.jpg","contentUrl":"https:\/\/hojassueltas.es\/wp-content\/uploads\/2022\/12\/Kika-96x96.jpg","caption":"Kika Sureda"},"description":"Nacida en Manacor (Mallorca) y granadina de adopci\u00f3n, es Licenciada en Biblioteconom\u00eda y Documentaci\u00f3n, Licenciada en Comunicaci\u00f3n Audiovisual. Grado en Filolog\u00eda Cl\u00e1sica, Estudios de Literaturas Comparadas. Alma mater de Lesa Literatura. Articulista de Culturamas, colaboradora de Ja\u00e9n Plus Radio. Compagina sus labores de correctora y editora con la docencia como profesional de la comunicaci\u00f3n y sus colaboraciones con actividades culturales y literarias.","url":"https:\/\/hojassueltas.es\/?author=7"}]}},"_links":{"self":[{"href":"https:\/\/hojassueltas.es\/index.php?rest_route=\/wp\/v2\/posts\/1291","targetHints":{"allow":["GET"]}}],"collection":[{"href":"https:\/\/hojassueltas.es\/index.php?rest_route=\/wp\/v2\/posts"}],"about":[{"href":"https:\/\/hojassueltas.es\/index.php?rest_route=\/wp\/v2\/types\/post"}],"author":[{"embeddable":true,"href":"https:\/\/hojassueltas.es\/index.php?rest_route=\/wp\/v2\/users\/7"}],"replies":[{"embeddable":true,"href":"https:\/\/hojassueltas.es\/index.php?rest_route=%2Fwp%2Fv2%2Fcomments&post=1291"}],"version-history":[{"count":1,"href":"https:\/\/hojassueltas.es\/index.php?rest_route=\/wp\/v2\/posts\/1291\/revisions"}],"predecessor-version":[{"id":1294,"href":"https:\/\/hojassueltas.es\/index.php?rest_route=\/wp\/v2\/posts\/1291\/revisions\/1294"}],"wp:featuredmedia":[{"embeddable":true,"href":"https:\/\/hojassueltas.es\/index.php?rest_route=\/wp\/v2\/media\/1293"}],"wp:attachment":[{"href":"https:\/\/hojassueltas.es\/index.php?rest_route=%2Fwp%2Fv2%2Fmedia&parent=1291"}],"wp:term":[{"taxonomy":"category","embeddable":true,"href":"https:\/\/hojassueltas.es\/index.php?rest_route=%2Fwp%2Fv2%2Fcategories&post=1291"},{"taxonomy":"post_tag","embeddable":true,"href":"https:\/\/hojassueltas.es\/index.php?rest_route=%2Fwp%2Fv2%2Ftags&post=1291"}],"curies":[{"name":"wp","href":"https:\/\/api.w.org\/{rel}","templated":true}]}}