{"id":12607,"date":"2024-07-03T00:00:22","date_gmt":"2024-07-02T22:00:22","guid":{"rendered":"https:\/\/hojassueltas.es\/?p=12607"},"modified":"2025-08-26T09:08:42","modified_gmt":"2025-08-26T08:08:42","slug":"festival-artebirgua-literario-una-celebracion-de-historia-poesia-y-musica-en-galdar","status":"publish","type":"post","link":"https:\/\/hojassueltas.es\/?p=12607","title":{"rendered":"Festival Artebirgua Literario: Una Celebraci\u00f3n de Historia, Poes\u00eda y M\u00fasica en G\u00e1ldar"},"content":{"rendered":"<p style=\"text-align: justify;\">La historia de G\u00e1ldar, la poes\u00eda y la m\u00fasica se entrelazaron armoniosamente en la inauguraci\u00f3n de la octava edici\u00f3n del festival <strong>Artebirgua Literario: Letras en la Cumbre<\/strong>, que tuvo lugar el pasado jueves en el Teatro Consistorial de G\u00e1ldar. Este evento ha reunido a una destacada representaci\u00f3n de la creaci\u00f3n literaria y cultural de las Islas Canarias.<\/p>\n<p style=\"text-align: justify;\">El acto inaugural cont\u00f3 con la presencia del concejal de Biblioteca y Median\u00edas, <strong>Carlos Ruiz Moreno<\/strong>, y el presidente de la Asociaci\u00f3n Poes\u00eda Viva de la Atl\u00e1ntida, <strong>Manuel D\u00edaz Garc\u00eda<\/strong>, quienes dieron inicio a uno de los eventos literarios m\u00e1s consolidados de la Gran Canaria rural, que ya cuenta con siete ediciones previas y que se centra en la sostenibilidad del territorio.<\/p>\n<h3 style=\"text-align: justify;\">Importancia del festival en la Comunidad Rural<\/h3>\n<p style=\"text-align: justify;\">Carlos Ruiz Moreno destac\u00f3 la importancia del festival para la comunidad rural de G\u00e1ldar y para la cultura local. Subray\u00f3 las dificultades de organizar un evento literario de esta magnitud en una zona afectada por el despoblamiento, conocida como \u00abla Canarias vaciada\u00bb. Adem\u00e1s, record\u00f3 que el nombre del festival, <strong>Artebirgua Literario<\/strong>, refleja el compromiso con la recuperaci\u00f3n de la toponimia ind\u00edgena, una labor iniciada por el Cabildo de Gran Canaria.<\/p>\n<p style=\"text-align: justify;\">Por su parte, Manuel D\u00edaz Garc\u00eda rememor\u00f3 la necesidad que surgi\u00f3 hace ocho a\u00f1os de crear un espacio donde el contacto humano prevaleciera sobre la superficialidad de la comunicaci\u00f3n actual dominada por las redes sociales.<\/p>\n<h3 style=\"text-align: justify;\">Momentos especiales: Concierto y visita al Museo Ag\u00e1ldar<\/h3>\n<p style=\"text-align: justify;\">Uno de los momentos m\u00e1s emotivos de la jornada fue la actuaci\u00f3n del reconocido cantautor <strong>Heriberto Cruz<\/strong>, quien ofreci\u00f3 un concierto impregnado de letras po\u00e9ticas, incluyendo versos de Cecilia Dom\u00ednguez, Premio Canarias de Literatura y homenajeada con el distintivo Artebirgua de Honor este a\u00f1o.<\/p>\n<p style=\"text-align: justify;\">Posteriormente, los asistentes se trasladaron al <strong>Museo Ag\u00e1ldar de Historia de la Ciudad<\/strong>, donde fueron recibidos por su director, <strong>Miguel Bola\u00f1os Mateos<\/strong>, y el director insular de Patrimonio Hist\u00f3rico, <strong>Juan Sebasti\u00e1n L\u00f3pez Garc\u00eda<\/strong>, quienes realizaron una visita guiada, explorando la rica historia y el patrimonio cultural de G\u00e1ldar.<\/p>\n<h3 style=\"text-align: justify;\">Recital isle\u00f1o y continuaci\u00f3n del Festival<\/h3>\n<p style=\"text-align: justify;\">La jornada culmin\u00f3 con el <strong>\u2018Recital Isle\u00f1o\u2019<\/strong> en el patio del museo, en el que poetas representativos de todas las Islas Canarias compartieron una diversa muestra de la poes\u00eda canaria contempor\u00e1nea.<\/p>\n<p style=\"text-align: justify;\">El <strong>VIII Artebirgua Literario: Letras en la cumbre<\/strong>, que se extender\u00e1 hasta el 30 de junio, ofrece un variado programa que incluye mesas redondas, presentaciones de libros, exposiciones de pintura y escultura, y visitas a lugares emblem\u00e1ticos como Barranco Hondo, parte del Patrimonio Mundial de la Humanidad. El evento es organizado por la Asociaci\u00f3n Sociocultural Poes\u00eda Viva de la Atl\u00e1ntida, con el apoyo de la Consejer\u00eda de Cultura del Cabildo de Gran Canaria y la Concejal\u00eda de Biblioteca del Ayuntamiento de G\u00e1ldar.<\/p>\n<p style=\"text-align: justify;\">Este viernes, el programa contin\u00faa en el pago de Caideros con una visita al <strong>Museo de la Lana<\/strong> y la presentaci\u00f3n de varios libros: <em>\u201cReggaet\u00f3n\u201d<\/em> de Luis Le\u00f3n Barreto, <em>\u201cTraves\u00eda de Voces\u201d<\/em>, una antolog\u00eda de varios autores realizada por F\u00e9lix Hormiga, <em>\u201cEl coraz\u00f3n es una anchura que no se vende\u201d<\/em> de Katya V\u00e1zquez Schr\u00f6der y <em>\u201cEn tu casa o en la m\u00eda\u201d<\/em> de Antonio Arroyo Silva.<\/p>\n<p style=\"text-align: justify;\">El festival Artebirgua Literario no solo celebra la riqueza literaria y cultural de las Islas Canarias, sino que tambi\u00e9n fortalece el sentido de comunidad y pertenencia en una regi\u00f3n que lucha contra el despoblamiento. Es un recordatorio de que, a trav\u00e9s de la literatura y el arte, se pueden construir puentes entre el pasado y el presente, conectando a las personas y sus historias en un espacio de encuentro y reflexi\u00f3n.<\/p>\n<p><span style=\"font-family: impact, sans-serif;\">Redacci\u00f3n Leyendo<\/span><\/p>\n","protected":false},"excerpt":{"rendered":"<p>La historia de G\u00e1ldar, la poes\u00eda y la m\u00fasica se entrelazaron armoniosamente en la inauguraci\u00f3n de la octava edici\u00f3n del festival Artebirgua Literario: Letras en la Cumbre, que tuvo lugar el pasado jueves en el Teatro Consistorial de G\u00e1ldar. Este evento ha reunido a una destacada representaci\u00f3n de la creaci\u00f3n literaria y cultural de las [&hellip;]<\/p>\n","protected":false},"author":1,"featured_media":12608,"comment_status":"open","ping_status":"closed","sticky":false,"template":"","format":"standard","meta":{"footnotes":""},"categories":[32],"tags":[],"class_list":{"0":"post-12607","1":"post","2":"type-post","3":"status-publish","4":"format-standard","5":"has-post-thumbnail","7":"category-panorama-cultural"},"yoast_head":"<!-- This site is optimized with the Yoast SEO plugin v27.4 - https:\/\/yoast.com\/product\/yoast-seo-wordpress\/ -->\n<title>Festival Artebirgua Literario: Una Celebraci\u00f3n de Historia, Poes\u00eda y M\u00fasica en G\u00e1ldar | HOJAS SUELTAS Peri\u00f3dico Cultural<\/title>\n<meta name=\"description\" content=\"LEYENDO. Festivales: La historia de G\u00e1ldar, la poes\u00eda y la m\u00fasica se entrelazaron armoniosamente en la inauguraci\u00f3n de la octava edici\u00f3n del festival Artebirgua Literario: Letras en la Cumbre,\" \/>\n<meta name=\"robots\" content=\"index, follow, max-snippet:-1, max-image-preview:large, max-video-preview:-1\" \/>\n<link rel=\"canonical\" href=\"https:\/\/hojassueltas.es\/?p=12607\" \/>\n<meta property=\"og:locale\" content=\"es_ES\" \/>\n<meta property=\"og:type\" content=\"article\" \/>\n<meta property=\"og:title\" content=\"Festival Artebirgua Literario: Una Celebraci\u00f3n de Historia, Poes\u00eda y M\u00fasica en G\u00e1ldar | HOJAS SUELTAS Peri\u00f3dico Cultural\" \/>\n<meta property=\"og:description\" content=\"LEYENDO. Festivales: La historia de G\u00e1ldar, la poes\u00eda y la m\u00fasica se entrelazaron armoniosamente en la inauguraci\u00f3n de la octava edici\u00f3n del festival Artebirgua Literario: Letras en la Cumbre,\" \/>\n<meta property=\"og:url\" content=\"https:\/\/hojassueltas.es\/?p=12607\" \/>\n<meta property=\"og:site_name\" content=\"HOJAS SUELTAS Peri\u00f3dico Cultural\" \/>\n<meta property=\"article:published_time\" content=\"2024-07-02T22:00:22+00:00\" \/>\n<meta property=\"article:modified_time\" content=\"2025-08-26T08:08:42+00:00\" \/>\n<meta property=\"og:image\" content=\"https:\/\/hojassueltas.es\/wp-content\/uploads\/2024\/07\/fESTIVAL-LE.png\" \/>\n\t<meta property=\"og:image:width\" content=\"1050\" \/>\n\t<meta property=\"og:image:height\" content=\"610\" \/>\n\t<meta property=\"og:image:type\" content=\"image\/png\" \/>\n<meta name=\"author\" content=\"Redacci\u00f3n\" \/>\n<meta name=\"twitter:card\" content=\"summary_large_image\" \/>\n<meta name=\"twitter:creator\" content=\"@HOJASSUELTAS22\" \/>\n<meta name=\"twitter:site\" content=\"@HOJASSUELTAS22\" \/>\n<meta name=\"twitter:label1\" content=\"Escrito por\" \/>\n\t<meta name=\"twitter:data1\" content=\"Redacci\u00f3n\" \/>\n\t<meta name=\"twitter:label2\" content=\"Tiempo de lectura\" \/>\n\t<meta name=\"twitter:data2\" content=\"3 minutos\" \/>\n<script type=\"application\/ld+json\" class=\"yoast-schema-graph\">{\"@context\":\"https:\\\/\\\/schema.org\",\"@graph\":[{\"@type\":[\"Article\",\"BlogPosting\"],\"@id\":\"https:\\\/\\\/hojassueltas.es\\\/?p=12607#article\",\"isPartOf\":{\"@id\":\"https:\\\/\\\/hojassueltas.es\\\/?p=12607\"},\"author\":{\"name\":\"Redacci\u00f3n\",\"@id\":\"https:\\\/\\\/hojassueltas.es\\\/#\\\/schema\\\/person\\\/f232bbdb834c61c90aff2245daa401c0\"},\"headline\":\"Festival Artebirgua Literario: Una Celebraci\u00f3n de Historia, Poes\u00eda y M\u00fasica en G\u00e1ldar\",\"datePublished\":\"2024-07-02T22:00:22+00:00\",\"dateModified\":\"2025-08-26T08:08:42+00:00\",\"mainEntityOfPage\":{\"@id\":\"https:\\\/\\\/hojassueltas.es\\\/?p=12607\"},\"wordCount\":668,\"commentCount\":0,\"publisher\":{\"@id\":\"https:\\\/\\\/hojassueltas.es\\\/#organization\"},\"image\":{\"@id\":\"https:\\\/\\\/hojassueltas.es\\\/?p=12607#primaryimage\"},\"thumbnailUrl\":\"https:\\\/\\\/hojassueltas.es\\\/wp-content\\\/uploads\\\/2024\\\/07\\\/fESTIVAL-LE.png\",\"articleSection\":[\"PANORAMA CULTURAL\"],\"inLanguage\":\"es\",\"potentialAction\":[{\"@type\":\"CommentAction\",\"name\":\"Comment\",\"target\":[\"https:\\\/\\\/hojassueltas.es\\\/?p=12607#respond\"]}]},{\"@type\":\"WebPage\",\"@id\":\"https:\\\/\\\/hojassueltas.es\\\/?p=12607\",\"url\":\"https:\\\/\\\/hojassueltas.es\\\/?p=12607\",\"name\":\"Festival Artebirgua Literario: Una Celebraci\u00f3n de Historia, Poes\u00eda y M\u00fasica en G\u00e1ldar | HOJAS SUELTAS Peri\u00f3dico Cultural\",\"isPartOf\":{\"@id\":\"https:\\\/\\\/hojassueltas.es\\\/#website\"},\"primaryImageOfPage\":{\"@id\":\"https:\\\/\\\/hojassueltas.es\\\/?p=12607#primaryimage\"},\"image\":{\"@id\":\"https:\\\/\\\/hojassueltas.es\\\/?p=12607#primaryimage\"},\"thumbnailUrl\":\"https:\\\/\\\/hojassueltas.es\\\/wp-content\\\/uploads\\\/2024\\\/07\\\/fESTIVAL-LE.png\",\"datePublished\":\"2024-07-02T22:00:22+00:00\",\"dateModified\":\"2025-08-26T08:08:42+00:00\",\"description\":\"LEYENDO. Festivales: La historia de G\u00e1ldar, la poes\u00eda y la m\u00fasica se entrelazaron armoniosamente en la inauguraci\u00f3n de la octava edici\u00f3n del festival Artebirgua Literario: Letras en la Cumbre,\",\"breadcrumb\":{\"@id\":\"https:\\\/\\\/hojassueltas.es\\\/?p=12607#breadcrumb\"},\"inLanguage\":\"es\",\"potentialAction\":[{\"@type\":\"ReadAction\",\"target\":[\"https:\\\/\\\/hojassueltas.es\\\/?p=12607\"]}]},{\"@type\":\"ImageObject\",\"inLanguage\":\"es\",\"@id\":\"https:\\\/\\\/hojassueltas.es\\\/?p=12607#primaryimage\",\"url\":\"https:\\\/\\\/hojassueltas.es\\\/wp-content\\\/uploads\\\/2024\\\/07\\\/fESTIVAL-LE.png\",\"contentUrl\":\"https:\\\/\\\/hojassueltas.es\\\/wp-content\\\/uploads\\\/2024\\\/07\\\/fESTIVAL-LE.png\",\"width\":1050,\"height\":610},{\"@type\":\"BreadcrumbList\",\"@id\":\"https:\\\/\\\/hojassueltas.es\\\/?p=12607#breadcrumb\",\"itemListElement\":[{\"@type\":\"ListItem\",\"position\":1,\"name\":\"Portada\",\"item\":\"https:\\\/\\\/hojassueltas.es\\\/\"},{\"@type\":\"ListItem\",\"position\":2,\"name\":\"Festival Artebirgua Literario: Una Celebraci\u00f3n de Historia, Poes\u00eda y M\u00fasica en G\u00e1ldar\"}]},{\"@type\":\"WebSite\",\"@id\":\"https:\\\/\\\/hojassueltas.es\\\/#website\",\"url\":\"https:\\\/\\\/hojassueltas.es\\\/\",\"name\":\"HojasSueltas.es\",\"description\":\"GRANADA - Peri\u00f3dico Cultural\",\"publisher\":{\"@id\":\"https:\\\/\\\/hojassueltas.es\\\/#organization\"},\"alternateName\":\"H.S. Periodico Cultural\",\"potentialAction\":[{\"@type\":\"SearchAction\",\"target\":{\"@type\":\"EntryPoint\",\"urlTemplate\":\"https:\\\/\\\/hojassueltas.es\\\/?s={search_term_string}\"},\"query-input\":{\"@type\":\"PropertyValueSpecification\",\"valueRequired\":true,\"valueName\":\"search_term_string\"}}],\"inLanguage\":\"es\"},{\"@type\":\"Organization\",\"@id\":\"https:\\\/\\\/hojassueltas.es\\\/#organization\",\"name\":\"HOJAS SUELTAS - Peri\u00f3dico Cultural\",\"alternateName\":\"HS - HOJAS SUELTAS Peri\u00f3dico Cultural\",\"url\":\"https:\\\/\\\/hojassueltas.es\\\/\",\"logo\":{\"@type\":\"ImageObject\",\"inLanguage\":\"es\",\"@id\":\"https:\\\/\\\/hojassueltas.es\\\/#\\\/schema\\\/logo\\\/image\\\/\",\"url\":\"https:\\\/\\\/hojassueltas.es\\\/wp-content\\\/uploads\\\/2025\\\/08\\\/Icono-HS_2.png\",\"contentUrl\":\"https:\\\/\\\/hojassueltas.es\\\/wp-content\\\/uploads\\\/2025\\\/08\\\/Icono-HS_2.png\",\"width\":500,\"height\":500,\"caption\":\"HOJAS SUELTAS - Peri\u00f3dico Cultural\"},\"image\":{\"@id\":\"https:\\\/\\\/hojassueltas.es\\\/#\\\/schema\\\/logo\\\/image\\\/\"},\"sameAs\":[\"https:\\\/\\\/x.com\\\/HOJASSUELTAS22\"]},{\"@type\":\"Person\",\"@id\":\"https:\\\/\\\/hojassueltas.es\\\/#\\\/schema\\\/person\\\/f232bbdb834c61c90aff2245daa401c0\",\"name\":\"Redacci\u00f3n\",\"image\":{\"@type\":\"ImageObject\",\"inLanguage\":\"es\",\"@id\":\"https:\\\/\\\/hojassueltas.es\\\/wp-content\\\/uploads\\\/2026\\\/02\\\/Redaccion-2-96x96.png\",\"url\":\"https:\\\/\\\/hojassueltas.es\\\/wp-content\\\/uploads\\\/2026\\\/02\\\/Redaccion-2-96x96.png\",\"contentUrl\":\"https:\\\/\\\/hojassueltas.es\\\/wp-content\\\/uploads\\\/2026\\\/02\\\/Redaccion-2-96x96.png\",\"caption\":\"Redacci\u00f3n\"},\"description\":\"Redacci\u00f3n de HOJAS SUELTAS\",\"url\":\"https:\\\/\\\/hojassueltas.es\\\/?author=1\"}]}<\/script>\n<!-- \/ Yoast SEO plugin. -->","yoast_head_json":{"title":"Festival Artebirgua Literario: Una Celebraci\u00f3n de Historia, Poes\u00eda y M\u00fasica en G\u00e1ldar | HOJAS SUELTAS Peri\u00f3dico Cultural","description":"LEYENDO. Festivales: La historia de G\u00e1ldar, la poes\u00eda y la m\u00fasica se entrelazaron armoniosamente en la inauguraci\u00f3n de la octava edici\u00f3n del festival Artebirgua Literario: Letras en la Cumbre,","robots":{"index":"index","follow":"follow","max-snippet":"max-snippet:-1","max-image-preview":"max-image-preview:large","max-video-preview":"max-video-preview:-1"},"canonical":"https:\/\/hojassueltas.es\/?p=12607","og_locale":"es_ES","og_type":"article","og_title":"Festival Artebirgua Literario: Una Celebraci\u00f3n de Historia, Poes\u00eda y M\u00fasica en G\u00e1ldar | HOJAS SUELTAS Peri\u00f3dico Cultural","og_description":"LEYENDO. Festivales: La historia de G\u00e1ldar, la poes\u00eda y la m\u00fasica se entrelazaron armoniosamente en la inauguraci\u00f3n de la octava edici\u00f3n del festival Artebirgua Literario: Letras en la Cumbre,","og_url":"https:\/\/hojassueltas.es\/?p=12607","og_site_name":"HOJAS SUELTAS Peri\u00f3dico Cultural","article_published_time":"2024-07-02T22:00:22+00:00","article_modified_time":"2025-08-26T08:08:42+00:00","og_image":[{"width":1050,"height":610,"url":"https:\/\/hojassueltas.es\/wp-content\/uploads\/2024\/07\/fESTIVAL-LE.png","type":"image\/png"}],"author":"Redacci\u00f3n","twitter_card":"summary_large_image","twitter_creator":"@HOJASSUELTAS22","twitter_site":"@HOJASSUELTAS22","twitter_misc":{"Escrito por":"Redacci\u00f3n","Tiempo de lectura":"3 minutos"},"schema":{"@context":"https:\/\/schema.org","@graph":[{"@type":["Article","BlogPosting"],"@id":"https:\/\/hojassueltas.es\/?p=12607#article","isPartOf":{"@id":"https:\/\/hojassueltas.es\/?p=12607"},"author":{"name":"Redacci\u00f3n","@id":"https:\/\/hojassueltas.es\/#\/schema\/person\/f232bbdb834c61c90aff2245daa401c0"},"headline":"Festival Artebirgua Literario: Una Celebraci\u00f3n de Historia, Poes\u00eda y M\u00fasica en G\u00e1ldar","datePublished":"2024-07-02T22:00:22+00:00","dateModified":"2025-08-26T08:08:42+00:00","mainEntityOfPage":{"@id":"https:\/\/hojassueltas.es\/?p=12607"},"wordCount":668,"commentCount":0,"publisher":{"@id":"https:\/\/hojassueltas.es\/#organization"},"image":{"@id":"https:\/\/hojassueltas.es\/?p=12607#primaryimage"},"thumbnailUrl":"https:\/\/hojassueltas.es\/wp-content\/uploads\/2024\/07\/fESTIVAL-LE.png","articleSection":["PANORAMA CULTURAL"],"inLanguage":"es","potentialAction":[{"@type":"CommentAction","name":"Comment","target":["https:\/\/hojassueltas.es\/?p=12607#respond"]}]},{"@type":"WebPage","@id":"https:\/\/hojassueltas.es\/?p=12607","url":"https:\/\/hojassueltas.es\/?p=12607","name":"Festival Artebirgua Literario: Una Celebraci\u00f3n de Historia, Poes\u00eda y M\u00fasica en G\u00e1ldar | HOJAS SUELTAS Peri\u00f3dico Cultural","isPartOf":{"@id":"https:\/\/hojassueltas.es\/#website"},"primaryImageOfPage":{"@id":"https:\/\/hojassueltas.es\/?p=12607#primaryimage"},"image":{"@id":"https:\/\/hojassueltas.es\/?p=12607#primaryimage"},"thumbnailUrl":"https:\/\/hojassueltas.es\/wp-content\/uploads\/2024\/07\/fESTIVAL-LE.png","datePublished":"2024-07-02T22:00:22+00:00","dateModified":"2025-08-26T08:08:42+00:00","description":"LEYENDO. Festivales: La historia de G\u00e1ldar, la poes\u00eda y la m\u00fasica se entrelazaron armoniosamente en la inauguraci\u00f3n de la octava edici\u00f3n del festival Artebirgua Literario: Letras en la Cumbre,","breadcrumb":{"@id":"https:\/\/hojassueltas.es\/?p=12607#breadcrumb"},"inLanguage":"es","potentialAction":[{"@type":"ReadAction","target":["https:\/\/hojassueltas.es\/?p=12607"]}]},{"@type":"ImageObject","inLanguage":"es","@id":"https:\/\/hojassueltas.es\/?p=12607#primaryimage","url":"https:\/\/hojassueltas.es\/wp-content\/uploads\/2024\/07\/fESTIVAL-LE.png","contentUrl":"https:\/\/hojassueltas.es\/wp-content\/uploads\/2024\/07\/fESTIVAL-LE.png","width":1050,"height":610},{"@type":"BreadcrumbList","@id":"https:\/\/hojassueltas.es\/?p=12607#breadcrumb","itemListElement":[{"@type":"ListItem","position":1,"name":"Portada","item":"https:\/\/hojassueltas.es\/"},{"@type":"ListItem","position":2,"name":"Festival Artebirgua Literario: Una Celebraci\u00f3n de Historia, Poes\u00eda y M\u00fasica en G\u00e1ldar"}]},{"@type":"WebSite","@id":"https:\/\/hojassueltas.es\/#website","url":"https:\/\/hojassueltas.es\/","name":"HojasSueltas.es","description":"GRANADA - Peri\u00f3dico Cultural","publisher":{"@id":"https:\/\/hojassueltas.es\/#organization"},"alternateName":"H.S. Periodico Cultural","potentialAction":[{"@type":"SearchAction","target":{"@type":"EntryPoint","urlTemplate":"https:\/\/hojassueltas.es\/?s={search_term_string}"},"query-input":{"@type":"PropertyValueSpecification","valueRequired":true,"valueName":"search_term_string"}}],"inLanguage":"es"},{"@type":"Organization","@id":"https:\/\/hojassueltas.es\/#organization","name":"HOJAS SUELTAS - Peri\u00f3dico Cultural","alternateName":"HS - HOJAS SUELTAS Peri\u00f3dico Cultural","url":"https:\/\/hojassueltas.es\/","logo":{"@type":"ImageObject","inLanguage":"es","@id":"https:\/\/hojassueltas.es\/#\/schema\/logo\/image\/","url":"https:\/\/hojassueltas.es\/wp-content\/uploads\/2025\/08\/Icono-HS_2.png","contentUrl":"https:\/\/hojassueltas.es\/wp-content\/uploads\/2025\/08\/Icono-HS_2.png","width":500,"height":500,"caption":"HOJAS SUELTAS - Peri\u00f3dico Cultural"},"image":{"@id":"https:\/\/hojassueltas.es\/#\/schema\/logo\/image\/"},"sameAs":["https:\/\/x.com\/HOJASSUELTAS22"]},{"@type":"Person","@id":"https:\/\/hojassueltas.es\/#\/schema\/person\/f232bbdb834c61c90aff2245daa401c0","name":"Redacci\u00f3n","image":{"@type":"ImageObject","inLanguage":"es","@id":"https:\/\/hojassueltas.es\/wp-content\/uploads\/2026\/02\/Redaccion-2-96x96.png","url":"https:\/\/hojassueltas.es\/wp-content\/uploads\/2026\/02\/Redaccion-2-96x96.png","contentUrl":"https:\/\/hojassueltas.es\/wp-content\/uploads\/2026\/02\/Redaccion-2-96x96.png","caption":"Redacci\u00f3n"},"description":"Redacci\u00f3n de HOJAS SUELTAS","url":"https:\/\/hojassueltas.es\/?author=1"}]}},"_links":{"self":[{"href":"https:\/\/hojassueltas.es\/index.php?rest_route=\/wp\/v2\/posts\/12607","targetHints":{"allow":["GET"]}}],"collection":[{"href":"https:\/\/hojassueltas.es\/index.php?rest_route=\/wp\/v2\/posts"}],"about":[{"href":"https:\/\/hojassueltas.es\/index.php?rest_route=\/wp\/v2\/types\/post"}],"author":[{"embeddable":true,"href":"https:\/\/hojassueltas.es\/index.php?rest_route=\/wp\/v2\/users\/1"}],"replies":[{"embeddable":true,"href":"https:\/\/hojassueltas.es\/index.php?rest_route=%2Fwp%2Fv2%2Fcomments&post=12607"}],"version-history":[{"count":1,"href":"https:\/\/hojassueltas.es\/index.php?rest_route=\/wp\/v2\/posts\/12607\/revisions"}],"predecessor-version":[{"id":12609,"href":"https:\/\/hojassueltas.es\/index.php?rest_route=\/wp\/v2\/posts\/12607\/revisions\/12609"}],"wp:featuredmedia":[{"embeddable":true,"href":"https:\/\/hojassueltas.es\/index.php?rest_route=\/wp\/v2\/media\/12608"}],"wp:attachment":[{"href":"https:\/\/hojassueltas.es\/index.php?rest_route=%2Fwp%2Fv2%2Fmedia&parent=12607"}],"wp:term":[{"taxonomy":"category","embeddable":true,"href":"https:\/\/hojassueltas.es\/index.php?rest_route=%2Fwp%2Fv2%2Fcategories&post=12607"},{"taxonomy":"post_tag","embeddable":true,"href":"https:\/\/hojassueltas.es\/index.php?rest_route=%2Fwp%2Fv2%2Ftags&post=12607"}],"curies":[{"name":"wp","href":"https:\/\/api.w.org\/{rel}","templated":true}]}}