{"id":12244,"date":"2024-06-26T00:00:07","date_gmt":"2024-06-25T22:00:07","guid":{"rendered":"https:\/\/hojassueltas.es\/?p=12244"},"modified":"2025-10-20T15:02:12","modified_gmt":"2025-10-20T13:02:12","slug":"los-ultimos-dias-de-la-humanidad-karl-kraus","status":"publish","type":"post","link":"https:\/\/hojassueltas.es\/?p=12244","title":{"rendered":"Los \u00faltimos d\u00edas de la humanidad (Karl Kraus)"},"content":{"rendered":"<div align=\"justify\">Sorprende que en su momento no se escribiera una sola obra de teatro acerca de la Primera Guerra Mundial. La \u00fanica explicaci\u00f3n podr\u00eda ser que un montaje teatral, tanto en espacio como en tiempo, limita en exceso las posibilidades dram\u00e1ticas de cualquier situaci\u00f3n desarrollada en un contexto de tal envergadura, que inevitablemente quedar\u00eda empeque\u00f1ecida. En cualquier caso, grandes autores teatrales estaban vivos en la segunda y tercera d\u00e9cada del siglo XX, sin que ninguno de ellos fijara su inspiraci\u00f3n en un hecho a todas luces notorio como fue la Gran Guerra.<\/div>\n<h5 align=\"justify\"><strong>Karl Kraus y su particular visi\u00f3n de la guerra<br \/>\n<\/strong><\/h5>\n<div align=\"justify\">\n<p>El escritor austr\u00edaco, Karl Kraus (1874-1936) fue el \u00fanico que se atrevi\u00f3 a acometer la ingente tarea de presentar al p\u00fablico en vivo su visi\u00f3n particular de la guerra, o mejor dicho, de las circunstancias adyacentes a la guerra, y lo hizo desde la que fuera acaso la \u00fanica perspectiva posible: la s\u00e1tira, el esperpento.\u00a0<em>Los \u00faltimos d\u00edas de la Humanidad<\/em>\u00a0(1922) es el resultado de la lucha que Kraus mantuvo contra la amnesia general que sigui\u00f3 \u2013incluso dentro del mundo art\u00edstico- a la derrota austr\u00edaca y alemana en la Primera Guerra Mundial.<\/p>\n<p>En puridad,\u00a0<em>Los \u00faltimos d\u00edas de la Humanidad\u00a0<\/em>no es una obra teatral, sino que fue pensada como la dramatizaci\u00f3n de una serie de situaciones, todas grotescas, que Kraus expon\u00eda en conferencias con las que recorr\u00eda todo el pa\u00eds, denunciando a aquellos que hab\u00edan provocado la desintegraci\u00f3n del Imperio y la muerte de millones de personas por intereses propios. S\u00f3lo despu\u00e9s de unos a\u00f1os Kraus accedi\u00f3 a componer una versi\u00f3n esc\u00e9nica de todos aquellos textos para que el p\u00fablico en general comprendiera, siquiera en parte, su tarea moral de barrer la porquer\u00eda ante la propia puerta de sus conciudadanos.<\/p>\n<p>La obra ha sido representada en pocas ocasiones (en su tiempo no se lleg\u00f3 a hacer) porque supone un desaf\u00edo dif\u00edcil de superar para cualquier director teatral. Baste decir que la obra (de unas 4 horas de duraci\u00f3n) consta de 5 actos, desarrollados en 86 escenas diferentes entre ellas en cuanto a su longitud, caracter\u00edsticas y desarrollo, protagonizadas por cientos de personajes que se presentan como arquetipos de toda clase de sinverg\u00fcenzas, imb\u00e9ciles y aprovechados que proyectaron, pulularon y se beneficiaron de la guerra.<\/p>\n<p>Kraus mantuvo siempre que \u00e9sta era una obra para ser le\u00edda, porque era la \u00fanica forma de ser comprendida con los mismos sentidos que pone el escritor al concebirla: el que lee, piensa, ve y oye, y recibe la vivencia en la misma trinidad en que el artista dio la obra.<\/p>\n<p>Como lector, pienso que Kraus ten\u00eda raz\u00f3n: las im\u00e1genes interpuestas pueden estorbar a la imaginaci\u00f3n. De hecho, yo he interpretado el texto como un di\u00e1logo inconexo, lleno de ruido de fondo, burlesco y sat\u00edrico, de unos personajes que se asemejan a grotescas marionetas de colores chillones que a su vez sostienen (metaf\u00f3ricamente) gui\u00f1apos en sus manos, las mujeres y los hombres que realmente sufrieron la guerra. Mientras estaba leyendo, ten\u00eda en todo momento presente la serie de cuadros que el alem\u00e1n\u00a0<strong>George Grosz<\/strong>\u00a0pint\u00f3 como resultado de su experiencia en la Gran Guerra. Particularmente, he recordado esa excelente obra radical que es\u00a0<em>Eclipse de sol<\/em>, sus tonos vivos, su deforme composici\u00f3n y las palabras que el propio Grosz escribi\u00f3 para describir el cuadro:\u00a0<em>Como los pol\u00edticos parecen haber perdido la cabeza, el ej\u00e9rcito y los capitalistas dictan lo que se tiene que hacer. El pueblo, representado por un burro ciego, simplemente come lo que le ponen delante<\/em>:<\/p>\n<p><img loading=\"lazy\" decoding=\"async\" class=\"aligncenter wp-image-3983 size-medium tie-appear\" src=\"https:\/\/www.cicutadry.es\/wp-content\/uploads\/2014\/07\/06.grosz_-261x300.jpg\" sizes=\"auto, (max-width: 261px) 100vw, 261px\" srcset=\"https:\/\/cicutadry.es\/wp-content\/uploads\/2014\/07\/06.grosz_-261x300.jpg 261w, https:\/\/cicutadry.es\/wp-content\/uploads\/2014\/07\/06.grosz_.jpg 597w\" alt=\"Karl Kraus 06.grosz\" width=\"261\" height=\"300\" \/><\/p>\n<p>Como es natural, esta interpretaci\u00f3n es radicalmente subjetiva, por lo que animo a la lectura de este libro inclasificable y \u00fanico para tener una visi\u00f3n propia de lo que, con mis palabras, no es m\u00e1s que un acercamiento sucinto a la esencia del texto.<\/p>\n<p>Centr\u00e1ndonos en la obra, diremos que mantiene durante toda su extensi\u00f3n un tono c\u00f3mico rayano en la caricatura (de ah\u00ed mi recuerdo de Grosz). Kraus era un inquieto intelectual preocupado por su tiempo, y no creo que ignorara la importancia que el fil\u00f3sofo ingl\u00e9s Henri Bergson conced\u00eda a la risa.<\/p>\n<p>La obra en muchos instantes, y gracias a unos di\u00e1logos chispeantes y mal\u00e9volos, produce sin dificultad la carcajada. Por ejemplo, cuando un sacerdote protestante desde el p\u00falpito intenta aclarar que Jes\u00fas cuando dijo aquello de \u201c\u00a1Amad a vuestros enemigos!\u201d, s\u00f3lo se refer\u00eda al trato con los individuos, pero no a las relaciones entre los pueblos; o cuando en el Prater de Viena se representa una escena de una trinchera de lo m\u00e1s c\u00f3moda y lujosa, y el empresario encargado del espect\u00e1culo pide al archiduque Carlos Francisco Jos\u00e9 que la inaugure con su excelsa presencia.<\/p>\n<p>As\u00ed, Kraus demuestra que la mejor forma de entender lo ininteligible es corrigiendo la inflexibilidad de los marcos sociales: la rigidez en cualquier proceder humano, como dice Bergson, resulta hilarante porque da testimonio de un intelecto engre\u00eddo del que bien vale la pena mofarse. Los personajes de Kraus, como casi todos los personajes c\u00f3micos, adolecen de una enorme vanidad, de una soberbia que los hace insociables y permiten una distancia con el p\u00fablico que es suficiente como para hacerlo re\u00edr.<\/p>\n<p>De esta manera, podemos digerir al tendero de la esquina que sube continuamente los precios, al patriota que desde la c\u00f3moda retaguardia exige el sacrificio humano por el honor del Estado, el general que toma grandes decisiones mientras se preocupa de salir resaltado en una fotograf\u00eda respecto a los dem\u00e1s oficiales, al estraperlista que abusa de la necesidad de los dem\u00e1s, al bur\u00f3crata militar que saca a relucir normas y m\u00e1s normas, secciones, cap\u00edtulos y art\u00edculos para impedir que un joven pueda quedar exento de la guerra, a la se\u00f1ora de descanso en el balneario que se lamenta que sus dos preciados hijos hayan sido declarados in\u00fatiles para la guerra, entre otras cosas porque uno es una ni\u00f1a\u2026. Y como una letan\u00eda, los personajes vuelven a aparecer de otras maneras y diciendo otras cosas contradictorias respecto a las que dijeron unas escenas antes pero no por ello menos absurdas\u2026<\/p>\n<p>Esos personajes eran personas reconocibles en la Viena de aquel tiempo y sus discursos se refer\u00edan a sucesos que hab\u00edan ocurrido y a\u00fan permanec\u00edan en la memoria de todos. En el modo de describir y pintar las situaciones, Kraus utiliza una sutil forma de crueldad para hacernos ver nuestro propio absurdo: una risotada no ser\u00e1 un remedio para la estupidez pero s\u00ed puede ser una herramienta para moderarla y de vez en cuando burlarla. Citando de nuevo a Bergson, la risa requiere una \u00abanestesia moment\u00e1nea del coraz\u00f3n\u00bb, es decir, una ausencia de sentimientos. Para re\u00edr, es necesario olvidar moment\u00e1neamente el afecto, la compasi\u00f3n, la tristeza, y distanciarnos emocionalmente de la situaci\u00f3n c\u00f3mica. De ah\u00ed que Kraus mantuviera durante muchos a\u00f1os en forma de conferencia sus textos, s\u00f3lo le\u00eddos por \u00e9l y adem\u00e1s de una forma muy especial, poniendo los acentos donde no correspond\u00edan y enfatizando frases que desentonaban con el resto.<\/p>\n<p>Posiblemente,\u00a0<em>Los \u00faltimos d\u00edas de la Humanidad\u00a0<\/em>sea una obra irrepresentable, aunque se haya hecho, pero precisamente por ello merece la pena leerla con la imaginaci\u00f3n suficiente para ponerla en un escenario y adornarlo con la fantas\u00eda de cada uno seg\u00fan su capricho, que es lo que est\u00e1 pidiendo a gritos este texto que abarca con su independencia y su estrafalaria grandeza todos los aspectos que, interior o exteriormente, aparecen y mantienen cualquier guerra.<\/p>\n<\/div>\n<p><span style=\"font-family: impact, sans-serif;\">\u00a9 Jos\u00e9 Luis Alvarado<\/span><\/p>\n","protected":false},"excerpt":{"rendered":"<p>Sorprende que en su momento no se escribiera una sola obra de teatro acerca de la Primera Guerra Mundial. La \u00fanica explicaci\u00f3n podr\u00eda ser que un montaje teatral, tanto en espacio como en tiempo, limita en exceso las posibilidades dram\u00e1ticas de cualquier situaci\u00f3n desarrollada en un contexto de tal envergadura, que inevitablemente quedar\u00eda empeque\u00f1ecida. En [&hellip;]<\/p>\n","protected":false},"author":38,"featured_media":12245,"comment_status":"open","ping_status":"closed","sticky":false,"template":"","format":"standard","meta":{"footnotes":""},"categories":[1124,74],"tags":[1617],"class_list":{"0":"post-12244","1":"post","2":"type-post","3":"status-publish","4":"format-standard","5":"has-post-thumbnail","7":"category-por-que-leer","8":"category-resenas","9":"tag-karl-kraus"},"yoast_head":"<!-- This site is optimized with the Yoast SEO plugin v27.5 - https:\/\/yoast.com\/product\/yoast-seo-wordpress\/ -->\n<title>Los \u00faltimos d\u00edas de la humanidad (Karl Kraus) | HOJAS SUELTAS Peri\u00f3dico Cultural<\/title>\n<meta name=\"description\" content=\"LEYENDO-Teatro: Kraus demuestra que la mejor forma de entender lo ininteligible es corrigiendo la inflexibilidad de los marcos sociales: la rigidez en cualquier proceder humano\" \/>\n<meta name=\"robots\" content=\"index, follow, max-snippet:-1, max-image-preview:large, max-video-preview:-1\" \/>\n<link rel=\"canonical\" href=\"https:\/\/hojassueltas.es\/?p=12244\" \/>\n<meta property=\"og:locale\" content=\"es_ES\" \/>\n<meta property=\"og:type\" content=\"article\" \/>\n<meta property=\"og:title\" content=\"Los \u00faltimos d\u00edas de la humanidad (Karl Kraus) | HOJAS SUELTAS Peri\u00f3dico Cultural\" \/>\n<meta property=\"og:description\" content=\"LEYENDO-Teatro: Kraus demuestra que la mejor forma de entender lo ininteligible es corrigiendo la inflexibilidad de los marcos sociales: la rigidez en cualquier proceder humano\" \/>\n<meta property=\"og:url\" content=\"https:\/\/hojassueltas.es\/?p=12244\" \/>\n<meta property=\"og:site_name\" content=\"HOJAS SUELTAS Peri\u00f3dico Cultural\" \/>\n<meta property=\"article:published_time\" content=\"2024-06-25T22:00:07+00:00\" \/>\n<meta property=\"article:modified_time\" content=\"2025-10-20T13:02:12+00:00\" \/>\n<meta property=\"og:image\" content=\"https:\/\/hojassueltas.es\/wp-content\/uploads\/2024\/06\/los-ultimos_LEY.png\" \/>\n\t<meta property=\"og:image:width\" content=\"1050\" \/>\n\t<meta property=\"og:image:height\" content=\"610\" \/>\n\t<meta property=\"og:image:type\" content=\"image\/png\" \/>\n<meta name=\"author\" content=\"Jos\u00e9 Luis Alvarado\" \/>\n<meta name=\"twitter:card\" content=\"summary_large_image\" \/>\n<meta name=\"twitter:creator\" content=\"@HOJASSUELTAS22\" \/>\n<meta name=\"twitter:site\" content=\"@HOJASSUELTAS22\" \/>\n<meta name=\"twitter:label1\" content=\"Escrito por\" \/>\n\t<meta name=\"twitter:data1\" content=\"Jos\u00e9 Luis Alvarado\" \/>\n\t<meta name=\"twitter:label2\" content=\"Tiempo de lectura\" \/>\n\t<meta name=\"twitter:data2\" content=\"7 minutos\" \/>\n<script type=\"application\/ld+json\" class=\"yoast-schema-graph\">{\"@context\":\"https:\\\/\\\/schema.org\",\"@graph\":[{\"@type\":[\"Article\",\"BlogPosting\"],\"@id\":\"https:\\\/\\\/hojassueltas.es\\\/?p=12244#article\",\"isPartOf\":{\"@id\":\"https:\\\/\\\/hojassueltas.es\\\/?p=12244\"},\"author\":{\"name\":\"Jos\u00e9 Luis Alvarado\",\"@id\":\"https:\\\/\\\/hojassueltas.es\\\/#\\\/schema\\\/person\\\/0fd366c26625fc84c65a74d3da2c6d17\"},\"headline\":\"Los \u00faltimos d\u00edas de la humanidad (Karl Kraus)\",\"datePublished\":\"2024-06-25T22:00:07+00:00\",\"dateModified\":\"2025-10-20T13:02:12+00:00\",\"mainEntityOfPage\":{\"@id\":\"https:\\\/\\\/hojassueltas.es\\\/?p=12244\"},\"wordCount\":1338,\"commentCount\":0,\"publisher\":{\"@id\":\"https:\\\/\\\/hojassueltas.es\\\/#organization\"},\"image\":{\"@id\":\"https:\\\/\\\/hojassueltas.es\\\/?p=12244#primaryimage\"},\"thumbnailUrl\":\"https:\\\/\\\/hojassueltas.es\\\/wp-content\\\/uploads\\\/2024\\\/06\\\/los-ultimos_LEY.png\",\"keywords\":[\"Karl Kraus\"],\"articleSection\":[\"POR QU\u00c9 LEER...\",\"RESE\u00d1AS\"],\"inLanguage\":\"es\",\"potentialAction\":[{\"@type\":\"CommentAction\",\"name\":\"Comment\",\"target\":[\"https:\\\/\\\/hojassueltas.es\\\/?p=12244#respond\"]}]},{\"@type\":\"WebPage\",\"@id\":\"https:\\\/\\\/hojassueltas.es\\\/?p=12244\",\"url\":\"https:\\\/\\\/hojassueltas.es\\\/?p=12244\",\"name\":\"Los \u00faltimos d\u00edas de la humanidad (Karl Kraus) | HOJAS SUELTAS Peri\u00f3dico Cultural\",\"isPartOf\":{\"@id\":\"https:\\\/\\\/hojassueltas.es\\\/#website\"},\"primaryImageOfPage\":{\"@id\":\"https:\\\/\\\/hojassueltas.es\\\/?p=12244#primaryimage\"},\"image\":{\"@id\":\"https:\\\/\\\/hojassueltas.es\\\/?p=12244#primaryimage\"},\"thumbnailUrl\":\"https:\\\/\\\/hojassueltas.es\\\/wp-content\\\/uploads\\\/2024\\\/06\\\/los-ultimos_LEY.png\",\"datePublished\":\"2024-06-25T22:00:07+00:00\",\"dateModified\":\"2025-10-20T13:02:12+00:00\",\"description\":\"LEYENDO-Teatro: Kraus demuestra que la mejor forma de entender lo ininteligible es corrigiendo la inflexibilidad de los marcos sociales: la rigidez en cualquier proceder humano\",\"breadcrumb\":{\"@id\":\"https:\\\/\\\/hojassueltas.es\\\/?p=12244#breadcrumb\"},\"inLanguage\":\"es\",\"potentialAction\":[{\"@type\":\"ReadAction\",\"target\":[\"https:\\\/\\\/hojassueltas.es\\\/?p=12244\"]}]},{\"@type\":\"ImageObject\",\"inLanguage\":\"es\",\"@id\":\"https:\\\/\\\/hojassueltas.es\\\/?p=12244#primaryimage\",\"url\":\"https:\\\/\\\/hojassueltas.es\\\/wp-content\\\/uploads\\\/2024\\\/06\\\/los-ultimos_LEY.png\",\"contentUrl\":\"https:\\\/\\\/hojassueltas.es\\\/wp-content\\\/uploads\\\/2024\\\/06\\\/los-ultimos_LEY.png\",\"width\":1050,\"height\":610},{\"@type\":\"BreadcrumbList\",\"@id\":\"https:\\\/\\\/hojassueltas.es\\\/?p=12244#breadcrumb\",\"itemListElement\":[{\"@type\":\"ListItem\",\"position\":1,\"name\":\"Portada\",\"item\":\"https:\\\/\\\/hojassueltas.es\\\/\"},{\"@type\":\"ListItem\",\"position\":2,\"name\":\"Los \u00faltimos d\u00edas de la humanidad (Karl Kraus)\"}]},{\"@type\":\"WebSite\",\"@id\":\"https:\\\/\\\/hojassueltas.es\\\/#website\",\"url\":\"https:\\\/\\\/hojassueltas.es\\\/\",\"name\":\"HojasSueltas.es\",\"description\":\"GRANADA - Peri\u00f3dico Cultural\",\"publisher\":{\"@id\":\"https:\\\/\\\/hojassueltas.es\\\/#organization\"},\"alternateName\":\"H.S. Periodico Cultural\",\"potentialAction\":[{\"@type\":\"SearchAction\",\"target\":{\"@type\":\"EntryPoint\",\"urlTemplate\":\"https:\\\/\\\/hojassueltas.es\\\/?s={search_term_string}\"},\"query-input\":{\"@type\":\"PropertyValueSpecification\",\"valueRequired\":true,\"valueName\":\"search_term_string\"}}],\"inLanguage\":\"es\"},{\"@type\":\"Organization\",\"@id\":\"https:\\\/\\\/hojassueltas.es\\\/#organization\",\"name\":\"HOJAS SUELTAS - Peri\u00f3dico Cultural\",\"alternateName\":\"HS - HOJAS SUELTAS Peri\u00f3dico Cultural\",\"url\":\"https:\\\/\\\/hojassueltas.es\\\/\",\"logo\":{\"@type\":\"ImageObject\",\"inLanguage\":\"es\",\"@id\":\"https:\\\/\\\/hojassueltas.es\\\/#\\\/schema\\\/logo\\\/image\\\/\",\"url\":\"https:\\\/\\\/hojassueltas.es\\\/wp-content\\\/uploads\\\/2025\\\/08\\\/Icono-HS_2.png\",\"contentUrl\":\"https:\\\/\\\/hojassueltas.es\\\/wp-content\\\/uploads\\\/2025\\\/08\\\/Icono-HS_2.png\",\"width\":500,\"height\":500,\"caption\":\"HOJAS SUELTAS - Peri\u00f3dico Cultural\"},\"image\":{\"@id\":\"https:\\\/\\\/hojassueltas.es\\\/#\\\/schema\\\/logo\\\/image\\\/\"},\"sameAs\":[\"https:\\\/\\\/x.com\\\/HOJASSUELTAS22\"]},{\"@type\":\"Person\",\"@id\":\"https:\\\/\\\/hojassueltas.es\\\/#\\\/schema\\\/person\\\/0fd366c26625fc84c65a74d3da2c6d17\",\"name\":\"Jos\u00e9 Luis Alvarado\",\"image\":{\"@type\":\"ImageObject\",\"inLanguage\":\"es\",\"@id\":\"https:\\\/\\\/hojassueltas.es\\\/wp-content\\\/uploads\\\/2023\\\/04\\\/jefe-96x96.png\",\"url\":\"https:\\\/\\\/hojassueltas.es\\\/wp-content\\\/uploads\\\/2023\\\/04\\\/jefe-96x96.png\",\"contentUrl\":\"https:\\\/\\\/hojassueltas.es\\\/wp-content\\\/uploads\\\/2023\\\/04\\\/jefe-96x96.png\",\"caption\":\"Jos\u00e9 Luis Alvarado\"},\"description\":\"Dijo el sabio griego que nada es comunicable por el arte de la escritura; tras apurar la copa de seca cicuta, su disc\u00edpulo dilecto lo traicion\u00f3 y acaso lo perfeccion\u00f3 transmitiendo por escrito sus ir\u00f3nicos conocimientos. Como antes hiciera Montaigne, pienso que la obra de un autor se prolonga y modifica cada vez que se escribe sobre ella. La memoria, que fue oral y minoritaria, ahora se multiplica con cada palabra que integra y justifica el continuo universo, tambi\u00e9n llamado la Red.\",\"url\":\"https:\\\/\\\/hojassueltas.es\\\/?author=38\"}]}<\/script>\n<!-- \/ Yoast SEO plugin. -->","yoast_head_json":{"title":"Los \u00faltimos d\u00edas de la humanidad (Karl Kraus) | HOJAS SUELTAS Peri\u00f3dico Cultural","description":"LEYENDO-Teatro: Kraus demuestra que la mejor forma de entender lo ininteligible es corrigiendo la inflexibilidad de los marcos sociales: la rigidez en cualquier proceder humano","robots":{"index":"index","follow":"follow","max-snippet":"max-snippet:-1","max-image-preview":"max-image-preview:large","max-video-preview":"max-video-preview:-1"},"canonical":"https:\/\/hojassueltas.es\/?p=12244","og_locale":"es_ES","og_type":"article","og_title":"Los \u00faltimos d\u00edas de la humanidad (Karl Kraus) | HOJAS SUELTAS Peri\u00f3dico Cultural","og_description":"LEYENDO-Teatro: Kraus demuestra que la mejor forma de entender lo ininteligible es corrigiendo la inflexibilidad de los marcos sociales: la rigidez en cualquier proceder humano","og_url":"https:\/\/hojassueltas.es\/?p=12244","og_site_name":"HOJAS SUELTAS Peri\u00f3dico Cultural","article_published_time":"2024-06-25T22:00:07+00:00","article_modified_time":"2025-10-20T13:02:12+00:00","og_image":[{"width":1050,"height":610,"url":"https:\/\/hojassueltas.es\/wp-content\/uploads\/2024\/06\/los-ultimos_LEY.png","type":"image\/png"}],"author":"Jos\u00e9 Luis Alvarado","twitter_card":"summary_large_image","twitter_creator":"@HOJASSUELTAS22","twitter_site":"@HOJASSUELTAS22","twitter_misc":{"Escrito por":"Jos\u00e9 Luis Alvarado","Tiempo de lectura":"7 minutos"},"schema":{"@context":"https:\/\/schema.org","@graph":[{"@type":["Article","BlogPosting"],"@id":"https:\/\/hojassueltas.es\/?p=12244#article","isPartOf":{"@id":"https:\/\/hojassueltas.es\/?p=12244"},"author":{"name":"Jos\u00e9 Luis Alvarado","@id":"https:\/\/hojassueltas.es\/#\/schema\/person\/0fd366c26625fc84c65a74d3da2c6d17"},"headline":"Los \u00faltimos d\u00edas de la humanidad (Karl Kraus)","datePublished":"2024-06-25T22:00:07+00:00","dateModified":"2025-10-20T13:02:12+00:00","mainEntityOfPage":{"@id":"https:\/\/hojassueltas.es\/?p=12244"},"wordCount":1338,"commentCount":0,"publisher":{"@id":"https:\/\/hojassueltas.es\/#organization"},"image":{"@id":"https:\/\/hojassueltas.es\/?p=12244#primaryimage"},"thumbnailUrl":"https:\/\/hojassueltas.es\/wp-content\/uploads\/2024\/06\/los-ultimos_LEY.png","keywords":["Karl Kraus"],"articleSection":["POR QU\u00c9 LEER...","RESE\u00d1AS"],"inLanguage":"es","potentialAction":[{"@type":"CommentAction","name":"Comment","target":["https:\/\/hojassueltas.es\/?p=12244#respond"]}]},{"@type":"WebPage","@id":"https:\/\/hojassueltas.es\/?p=12244","url":"https:\/\/hojassueltas.es\/?p=12244","name":"Los \u00faltimos d\u00edas de la humanidad (Karl Kraus) | HOJAS SUELTAS Peri\u00f3dico Cultural","isPartOf":{"@id":"https:\/\/hojassueltas.es\/#website"},"primaryImageOfPage":{"@id":"https:\/\/hojassueltas.es\/?p=12244#primaryimage"},"image":{"@id":"https:\/\/hojassueltas.es\/?p=12244#primaryimage"},"thumbnailUrl":"https:\/\/hojassueltas.es\/wp-content\/uploads\/2024\/06\/los-ultimos_LEY.png","datePublished":"2024-06-25T22:00:07+00:00","dateModified":"2025-10-20T13:02:12+00:00","description":"LEYENDO-Teatro: Kraus demuestra que la mejor forma de entender lo ininteligible es corrigiendo la inflexibilidad de los marcos sociales: la rigidez en cualquier proceder humano","breadcrumb":{"@id":"https:\/\/hojassueltas.es\/?p=12244#breadcrumb"},"inLanguage":"es","potentialAction":[{"@type":"ReadAction","target":["https:\/\/hojassueltas.es\/?p=12244"]}]},{"@type":"ImageObject","inLanguage":"es","@id":"https:\/\/hojassueltas.es\/?p=12244#primaryimage","url":"https:\/\/hojassueltas.es\/wp-content\/uploads\/2024\/06\/los-ultimos_LEY.png","contentUrl":"https:\/\/hojassueltas.es\/wp-content\/uploads\/2024\/06\/los-ultimos_LEY.png","width":1050,"height":610},{"@type":"BreadcrumbList","@id":"https:\/\/hojassueltas.es\/?p=12244#breadcrumb","itemListElement":[{"@type":"ListItem","position":1,"name":"Portada","item":"https:\/\/hojassueltas.es\/"},{"@type":"ListItem","position":2,"name":"Los \u00faltimos d\u00edas de la humanidad (Karl Kraus)"}]},{"@type":"WebSite","@id":"https:\/\/hojassueltas.es\/#website","url":"https:\/\/hojassueltas.es\/","name":"HojasSueltas.es","description":"GRANADA - Peri\u00f3dico Cultural","publisher":{"@id":"https:\/\/hojassueltas.es\/#organization"},"alternateName":"H.S. Periodico Cultural","potentialAction":[{"@type":"SearchAction","target":{"@type":"EntryPoint","urlTemplate":"https:\/\/hojassueltas.es\/?s={search_term_string}"},"query-input":{"@type":"PropertyValueSpecification","valueRequired":true,"valueName":"search_term_string"}}],"inLanguage":"es"},{"@type":"Organization","@id":"https:\/\/hojassueltas.es\/#organization","name":"HOJAS SUELTAS - Peri\u00f3dico Cultural","alternateName":"HS - HOJAS SUELTAS Peri\u00f3dico Cultural","url":"https:\/\/hojassueltas.es\/","logo":{"@type":"ImageObject","inLanguage":"es","@id":"https:\/\/hojassueltas.es\/#\/schema\/logo\/image\/","url":"https:\/\/hojassueltas.es\/wp-content\/uploads\/2025\/08\/Icono-HS_2.png","contentUrl":"https:\/\/hojassueltas.es\/wp-content\/uploads\/2025\/08\/Icono-HS_2.png","width":500,"height":500,"caption":"HOJAS SUELTAS - Peri\u00f3dico Cultural"},"image":{"@id":"https:\/\/hojassueltas.es\/#\/schema\/logo\/image\/"},"sameAs":["https:\/\/x.com\/HOJASSUELTAS22"]},{"@type":"Person","@id":"https:\/\/hojassueltas.es\/#\/schema\/person\/0fd366c26625fc84c65a74d3da2c6d17","name":"Jos\u00e9 Luis Alvarado","image":{"@type":"ImageObject","inLanguage":"es","@id":"https:\/\/hojassueltas.es\/wp-content\/uploads\/2023\/04\/jefe-96x96.png","url":"https:\/\/hojassueltas.es\/wp-content\/uploads\/2023\/04\/jefe-96x96.png","contentUrl":"https:\/\/hojassueltas.es\/wp-content\/uploads\/2023\/04\/jefe-96x96.png","caption":"Jos\u00e9 Luis Alvarado"},"description":"Dijo el sabio griego que nada es comunicable por el arte de la escritura; tras apurar la copa de seca cicuta, su disc\u00edpulo dilecto lo traicion\u00f3 y acaso lo perfeccion\u00f3 transmitiendo por escrito sus ir\u00f3nicos conocimientos. Como antes hiciera Montaigne, pienso que la obra de un autor se prolonga y modifica cada vez que se escribe sobre ella. La memoria, que fue oral y minoritaria, ahora se multiplica con cada palabra que integra y justifica el continuo universo, tambi\u00e9n llamado la Red.","url":"https:\/\/hojassueltas.es\/?author=38"}]}},"_links":{"self":[{"href":"https:\/\/hojassueltas.es\/index.php?rest_route=\/wp\/v2\/posts\/12244","targetHints":{"allow":["GET"]}}],"collection":[{"href":"https:\/\/hojassueltas.es\/index.php?rest_route=\/wp\/v2\/posts"}],"about":[{"href":"https:\/\/hojassueltas.es\/index.php?rest_route=\/wp\/v2\/types\/post"}],"author":[{"embeddable":true,"href":"https:\/\/hojassueltas.es\/index.php?rest_route=\/wp\/v2\/users\/38"}],"replies":[{"embeddable":true,"href":"https:\/\/hojassueltas.es\/index.php?rest_route=%2Fwp%2Fv2%2Fcomments&post=12244"}],"version-history":[{"count":1,"href":"https:\/\/hojassueltas.es\/index.php?rest_route=\/wp\/v2\/posts\/12244\/revisions"}],"predecessor-version":[{"id":12246,"href":"https:\/\/hojassueltas.es\/index.php?rest_route=\/wp\/v2\/posts\/12244\/revisions\/12246"}],"wp:featuredmedia":[{"embeddable":true,"href":"https:\/\/hojassueltas.es\/index.php?rest_route=\/wp\/v2\/media\/12245"}],"wp:attachment":[{"href":"https:\/\/hojassueltas.es\/index.php?rest_route=%2Fwp%2Fv2%2Fmedia&parent=12244"}],"wp:term":[{"taxonomy":"category","embeddable":true,"href":"https:\/\/hojassueltas.es\/index.php?rest_route=%2Fwp%2Fv2%2Fcategories&post=12244"},{"taxonomy":"post_tag","embeddable":true,"href":"https:\/\/hojassueltas.es\/index.php?rest_route=%2Fwp%2Fv2%2Ftags&post=12244"}],"curies":[{"name":"wp","href":"https:\/\/api.w.org\/{rel}","templated":true}]}}