{"id":12101,"date":"2024-06-19T00:00:14","date_gmt":"2024-06-18T22:00:14","guid":{"rendered":"https:\/\/hojassueltas.es\/?p=12101"},"modified":"2025-07-21T10:03:40","modified_gmt":"2025-07-21T09:03:40","slug":"teresa-sagrera-bassa-gana-el-premio-nestor-lujan","status":"publish","type":"post","link":"https:\/\/hojassueltas.es\/?p=12101","title":{"rendered":"Teresa Sagrera Bassa gana el premio N\u00e8stor Luj\u00e1n"},"content":{"rendered":"<p style=\"text-align: justify;\">La escritora Teresa Sagrera Bassa ha ganado la 28\u00aa edici\u00f3n del premio N\u00e8stor Luj\u00e1n de novela hist\u00f3rica con su obra \u00abEl coraz\u00f3n del balneario\u00bb. Ambientada en 1919 en un balneario de Caldes de Montbui, la historia sigue a Lola, quien llega al balneario para cumplir la \u00faltima voluntad de su madre fallecida: entregar una caja de m\u00fasica al propietario Ignasi Ventura. La novela explora secretos familiares y tensiones sociales en una Catalu\u00f1a marcada por los movimientos sindicales y luchas obreras. Este es el s\u00e9ptimo libro de Sagrera, de los cuales seis son novelas hist\u00f3ricas.<\/p>\n<p style=\"text-align: justify;\">El jurado, compuesto por Gloria Gasch, Tin Luj\u00e1n, Maria Carme Roca, Vicent Sanchis y Jaume Sobrequ\u00e9s, otorg\u00f3 un\u00e1nimemente el premio, dotado con 6.000 euros. Maria Carme Roca destac\u00f3 la completa representaci\u00f3n de la \u00e9poca y el atractivo escenario del balneario, as\u00ed como el desarrollo del personaje de Lola, cuya firmeza y esp\u00edritu luchador son centrales en la narrativa. \u00abEl coraz\u00f3n del balneario\u00bb estar\u00e1 disponible para la venta de inmediato.<\/p>\n<p><span style=\"font-family: impact, sans-serif;\">\u00a9 Redacci\u00f3n<\/span><\/p>\n","protected":false},"excerpt":{"rendered":"<p>La escritora Teresa Sagrera Bassa ha ganado la 28\u00aa edici\u00f3n del premio N\u00e8stor Luj\u00e1n de novela hist\u00f3rica con su obra \u00abEl coraz\u00f3n del balneario\u00bb. Ambientada en 1919 en un balneario de Caldes de Montbui, la historia sigue a Lola, quien llega al balneario para cumplir la \u00faltima voluntad de su madre fallecida: entregar una caja [&hellip;]<\/p>\n","protected":false},"author":62,"featured_media":0,"comment_status":"open","ping_status":"closed","sticky":false,"template":"","format":"standard","meta":{"footnotes":""},"categories":[32],"tags":[],"class_list":{"0":"post-12101","1":"post","2":"type-post","3":"status-publish","4":"format-standard","6":"category-panorama-cultural"},"yoast_head":"<!-- This site is optimized with the Yoast SEO plugin v27.4 - https:\/\/yoast.com\/product\/yoast-seo-wordpress\/ -->\n<title>Teresa Sagrera Bassa gana el premio N\u00e8stor Luj\u00e1n | HOJAS SUELTAS Peri\u00f3dico Cultural<\/title>\n<meta name=\"description\" content=\"ACTUALIDAD: La escritora Teresa Sagrera Bassa ha ganado la 28\u00aa edici\u00f3n del premio N\u00e8stor Luj\u00e1n de novela hist\u00f3rica con su obra &quot;El coraz\u00f3n del balneario&quot;. Ambientada en 1919\" \/>\n<meta name=\"robots\" content=\"index, follow, max-snippet:-1, max-image-preview:large, max-video-preview:-1\" \/>\n<link rel=\"canonical\" href=\"https:\/\/hojassueltas.es\/?p=12101\" \/>\n<meta property=\"og:locale\" content=\"es_ES\" \/>\n<meta property=\"og:type\" content=\"article\" \/>\n<meta property=\"og:title\" content=\"Teresa Sagrera Bassa gana el premio N\u00e8stor Luj\u00e1n | HOJAS SUELTAS Peri\u00f3dico Cultural\" \/>\n<meta property=\"og:description\" content=\"ACTUALIDAD: La escritora Teresa Sagrera Bassa ha ganado la 28\u00aa edici\u00f3n del premio N\u00e8stor Luj\u00e1n de novela hist\u00f3rica con su obra &quot;El coraz\u00f3n del balneario&quot;. Ambientada en 1919\" \/>\n<meta property=\"og:url\" content=\"https:\/\/hojassueltas.es\/?p=12101\" \/>\n<meta property=\"og:site_name\" content=\"HOJAS SUELTAS Peri\u00f3dico Cultural\" \/>\n<meta property=\"article:published_time\" content=\"2024-06-18T22:00:14+00:00\" \/>\n<meta property=\"article:modified_time\" content=\"2025-07-21T09:03:40+00:00\" \/>\n<meta property=\"og:image\" content=\"https:\/\/hojassueltas.es\/wp-content\/uploads\/2025\/09\/Hojas-Sueltas_Logo-III_trans.png\" \/>\n\t<meta property=\"og:image:width\" content=\"485\" \/>\n\t<meta property=\"og:image:height\" content=\"80\" \/>\n\t<meta property=\"og:image:type\" content=\"image\/png\" \/>\n<meta name=\"author\" content=\"Valent\u00edn Castro\" \/>\n<meta name=\"twitter:card\" content=\"summary_large_image\" \/>\n<meta name=\"twitter:creator\" content=\"@HOJASSUELTAS22\" \/>\n<meta name=\"twitter:site\" content=\"@HOJASSUELTAS22\" \/>\n<meta name=\"twitter:label1\" content=\"Escrito por\" \/>\n\t<meta name=\"twitter:data1\" content=\"Valent\u00edn Castro\" \/>\n\t<meta name=\"twitter:label2\" content=\"Tiempo de lectura\" \/>\n\t<meta name=\"twitter:data2\" content=\"1 minuto\" \/>\n<script type=\"application\/ld+json\" class=\"yoast-schema-graph\">{\"@context\":\"https:\\\/\\\/schema.org\",\"@graph\":[{\"@type\":[\"Article\",\"BlogPosting\"],\"@id\":\"https:\\\/\\\/hojassueltas.es\\\/?p=12101#article\",\"isPartOf\":{\"@id\":\"https:\\\/\\\/hojassueltas.es\\\/?p=12101\"},\"author\":{\"name\":\"Valent\u00edn Castro\",\"@id\":\"https:\\\/\\\/hojassueltas.es\\\/#\\\/schema\\\/person\\\/69b100dc9b45a00e61d055b63d4278e9\"},\"headline\":\"Teresa Sagrera Bassa gana el premio N\u00e8stor Luj\u00e1n\",\"datePublished\":\"2024-06-18T22:00:14+00:00\",\"dateModified\":\"2025-07-21T09:03:40+00:00\",\"mainEntityOfPage\":{\"@id\":\"https:\\\/\\\/hojassueltas.es\\\/?p=12101\"},\"wordCount\":187,\"commentCount\":0,\"publisher\":{\"@id\":\"https:\\\/\\\/hojassueltas.es\\\/#organization\"},\"articleSection\":[\"PANORAMA CULTURAL\"],\"inLanguage\":\"es\",\"potentialAction\":[{\"@type\":\"CommentAction\",\"name\":\"Comment\",\"target\":[\"https:\\\/\\\/hojassueltas.es\\\/?p=12101#respond\"]}]},{\"@type\":\"WebPage\",\"@id\":\"https:\\\/\\\/hojassueltas.es\\\/?p=12101\",\"url\":\"https:\\\/\\\/hojassueltas.es\\\/?p=12101\",\"name\":\"Teresa Sagrera Bassa gana el premio N\u00e8stor Luj\u00e1n | HOJAS SUELTAS Peri\u00f3dico Cultural\",\"isPartOf\":{\"@id\":\"https:\\\/\\\/hojassueltas.es\\\/#website\"},\"datePublished\":\"2024-06-18T22:00:14+00:00\",\"dateModified\":\"2025-07-21T09:03:40+00:00\",\"description\":\"ACTUALIDAD: La escritora Teresa Sagrera Bassa ha ganado la 28\u00aa edici\u00f3n del premio N\u00e8stor Luj\u00e1n de novela hist\u00f3rica con su obra \\\"El coraz\u00f3n del balneario\\\". Ambientada en 1919\",\"breadcrumb\":{\"@id\":\"https:\\\/\\\/hojassueltas.es\\\/?p=12101#breadcrumb\"},\"inLanguage\":\"es\",\"potentialAction\":[{\"@type\":\"ReadAction\",\"target\":[\"https:\\\/\\\/hojassueltas.es\\\/?p=12101\"]}]},{\"@type\":\"BreadcrumbList\",\"@id\":\"https:\\\/\\\/hojassueltas.es\\\/?p=12101#breadcrumb\",\"itemListElement\":[{\"@type\":\"ListItem\",\"position\":1,\"name\":\"Portada\",\"item\":\"https:\\\/\\\/hojassueltas.es\\\/\"},{\"@type\":\"ListItem\",\"position\":2,\"name\":\"Teresa Sagrera Bassa gana el premio N\u00e8stor Luj\u00e1n\"}]},{\"@type\":\"WebSite\",\"@id\":\"https:\\\/\\\/hojassueltas.es\\\/#website\",\"url\":\"https:\\\/\\\/hojassueltas.es\\\/\",\"name\":\"HojasSueltas.es\",\"description\":\"GRANADA - Peri\u00f3dico Cultural\",\"publisher\":{\"@id\":\"https:\\\/\\\/hojassueltas.es\\\/#organization\"},\"alternateName\":\"H.S. Periodico Cultural\",\"potentialAction\":[{\"@type\":\"SearchAction\",\"target\":{\"@type\":\"EntryPoint\",\"urlTemplate\":\"https:\\\/\\\/hojassueltas.es\\\/?s={search_term_string}\"},\"query-input\":{\"@type\":\"PropertyValueSpecification\",\"valueRequired\":true,\"valueName\":\"search_term_string\"}}],\"inLanguage\":\"es\"},{\"@type\":\"Organization\",\"@id\":\"https:\\\/\\\/hojassueltas.es\\\/#organization\",\"name\":\"HOJAS SUELTAS - Peri\u00f3dico Cultural\",\"alternateName\":\"HS - HOJAS SUELTAS Peri\u00f3dico Cultural\",\"url\":\"https:\\\/\\\/hojassueltas.es\\\/\",\"logo\":{\"@type\":\"ImageObject\",\"inLanguage\":\"es\",\"@id\":\"https:\\\/\\\/hojassueltas.es\\\/#\\\/schema\\\/logo\\\/image\\\/\",\"url\":\"https:\\\/\\\/hojassueltas.es\\\/wp-content\\\/uploads\\\/2025\\\/08\\\/Icono-HS_2.png\",\"contentUrl\":\"https:\\\/\\\/hojassueltas.es\\\/wp-content\\\/uploads\\\/2025\\\/08\\\/Icono-HS_2.png\",\"width\":500,\"height\":500,\"caption\":\"HOJAS SUELTAS - Peri\u00f3dico Cultural\"},\"image\":{\"@id\":\"https:\\\/\\\/hojassueltas.es\\\/#\\\/schema\\\/logo\\\/image\\\/\"},\"sameAs\":[\"https:\\\/\\\/x.com\\\/HOJASSUELTAS22\"]},{\"@type\":\"Person\",\"@id\":\"https:\\\/\\\/hojassueltas.es\\\/#\\\/schema\\\/person\\\/69b100dc9b45a00e61d055b63d4278e9\",\"name\":\"Valent\u00edn Castro\",\"image\":{\"@type\":\"ImageObject\",\"inLanguage\":\"es\",\"@id\":\"https:\\\/\\\/hojassueltas.es\\\/wp-content\\\/uploads\\\/2025\\\/11\\\/Valentin-Castro-2025-96x96.png\",\"url\":\"https:\\\/\\\/hojassueltas.es\\\/wp-content\\\/uploads\\\/2025\\\/11\\\/Valentin-Castro-2025-96x96.png\",\"contentUrl\":\"https:\\\/\\\/hojassueltas.es\\\/wp-content\\\/uploads\\\/2025\\\/11\\\/Valentin-Castro-2025-96x96.png\",\"caption\":\"Valent\u00edn Castro\"},\"description\":\"Naci\u00f3 en una aldea de A Coru\u00f1a. Emigra con sus padres a M\u00e9jico. Licenciado en Comunicaci\u00f3n y Periodismo por la Universidad Nacional Aut\u00f3noma de M\u00e9xico. Licenciado en Geograf\u00eda e Historia por la Universidad Complutense de Madrid. Vive en Madrid, publica art\u00edculos y ensayos en diversos medios de comunicaci\u00f3n mejicanos y espa\u00f1oles bajo varios seud\u00f3nimos. Actualmente prepara una saga con personajes nacidos durante la ocupaci\u00f3n de M\u00e9xico por Hern\u00e1n Cort\u00e9s. Sus art\u00edculos y ensayos son efectistas, en ocasiones c\u00e1ustico, y muy cr\u00edtico. ES Redactor Jefe de Hojas Sueltas, dedicando su tiempo libre a escribir art\u00edculos con especial dedicaci\u00f3n a la literatura y la historia.\",\"url\":\"https:\\\/\\\/hojassueltas.es\\\/?author=62\"}]}<\/script>\n<!-- \/ Yoast SEO plugin. -->","yoast_head_json":{"title":"Teresa Sagrera Bassa gana el premio N\u00e8stor Luj\u00e1n | HOJAS SUELTAS Peri\u00f3dico Cultural","description":"ACTUALIDAD: La escritora Teresa Sagrera Bassa ha ganado la 28\u00aa edici\u00f3n del premio N\u00e8stor Luj\u00e1n de novela hist\u00f3rica con su obra \"El coraz\u00f3n del balneario\". Ambientada en 1919","robots":{"index":"index","follow":"follow","max-snippet":"max-snippet:-1","max-image-preview":"max-image-preview:large","max-video-preview":"max-video-preview:-1"},"canonical":"https:\/\/hojassueltas.es\/?p=12101","og_locale":"es_ES","og_type":"article","og_title":"Teresa Sagrera Bassa gana el premio N\u00e8stor Luj\u00e1n | HOJAS SUELTAS Peri\u00f3dico Cultural","og_description":"ACTUALIDAD: La escritora Teresa Sagrera Bassa ha ganado la 28\u00aa edici\u00f3n del premio N\u00e8stor Luj\u00e1n de novela hist\u00f3rica con su obra \"El coraz\u00f3n del balneario\". Ambientada en 1919","og_url":"https:\/\/hojassueltas.es\/?p=12101","og_site_name":"HOJAS SUELTAS Peri\u00f3dico Cultural","article_published_time":"2024-06-18T22:00:14+00:00","article_modified_time":"2025-07-21T09:03:40+00:00","og_image":[{"width":485,"height":80,"url":"https:\/\/hojassueltas.es\/wp-content\/uploads\/2025\/09\/Hojas-Sueltas_Logo-III_trans.png","type":"image\/png"}],"author":"Valent\u00edn Castro","twitter_card":"summary_large_image","twitter_creator":"@HOJASSUELTAS22","twitter_site":"@HOJASSUELTAS22","twitter_misc":{"Escrito por":"Valent\u00edn Castro","Tiempo de lectura":"1 minuto"},"schema":{"@context":"https:\/\/schema.org","@graph":[{"@type":["Article","BlogPosting"],"@id":"https:\/\/hojassueltas.es\/?p=12101#article","isPartOf":{"@id":"https:\/\/hojassueltas.es\/?p=12101"},"author":{"name":"Valent\u00edn Castro","@id":"https:\/\/hojassueltas.es\/#\/schema\/person\/69b100dc9b45a00e61d055b63d4278e9"},"headline":"Teresa Sagrera Bassa gana el premio N\u00e8stor Luj\u00e1n","datePublished":"2024-06-18T22:00:14+00:00","dateModified":"2025-07-21T09:03:40+00:00","mainEntityOfPage":{"@id":"https:\/\/hojassueltas.es\/?p=12101"},"wordCount":187,"commentCount":0,"publisher":{"@id":"https:\/\/hojassueltas.es\/#organization"},"articleSection":["PANORAMA CULTURAL"],"inLanguage":"es","potentialAction":[{"@type":"CommentAction","name":"Comment","target":["https:\/\/hojassueltas.es\/?p=12101#respond"]}]},{"@type":"WebPage","@id":"https:\/\/hojassueltas.es\/?p=12101","url":"https:\/\/hojassueltas.es\/?p=12101","name":"Teresa Sagrera Bassa gana el premio N\u00e8stor Luj\u00e1n | HOJAS SUELTAS Peri\u00f3dico Cultural","isPartOf":{"@id":"https:\/\/hojassueltas.es\/#website"},"datePublished":"2024-06-18T22:00:14+00:00","dateModified":"2025-07-21T09:03:40+00:00","description":"ACTUALIDAD: La escritora Teresa Sagrera Bassa ha ganado la 28\u00aa edici\u00f3n del premio N\u00e8stor Luj\u00e1n de novela hist\u00f3rica con su obra \"El coraz\u00f3n del balneario\". Ambientada en 1919","breadcrumb":{"@id":"https:\/\/hojassueltas.es\/?p=12101#breadcrumb"},"inLanguage":"es","potentialAction":[{"@type":"ReadAction","target":["https:\/\/hojassueltas.es\/?p=12101"]}]},{"@type":"BreadcrumbList","@id":"https:\/\/hojassueltas.es\/?p=12101#breadcrumb","itemListElement":[{"@type":"ListItem","position":1,"name":"Portada","item":"https:\/\/hojassueltas.es\/"},{"@type":"ListItem","position":2,"name":"Teresa Sagrera Bassa gana el premio N\u00e8stor Luj\u00e1n"}]},{"@type":"WebSite","@id":"https:\/\/hojassueltas.es\/#website","url":"https:\/\/hojassueltas.es\/","name":"HojasSueltas.es","description":"GRANADA - Peri\u00f3dico Cultural","publisher":{"@id":"https:\/\/hojassueltas.es\/#organization"},"alternateName":"H.S. Periodico Cultural","potentialAction":[{"@type":"SearchAction","target":{"@type":"EntryPoint","urlTemplate":"https:\/\/hojassueltas.es\/?s={search_term_string}"},"query-input":{"@type":"PropertyValueSpecification","valueRequired":true,"valueName":"search_term_string"}}],"inLanguage":"es"},{"@type":"Organization","@id":"https:\/\/hojassueltas.es\/#organization","name":"HOJAS SUELTAS - Peri\u00f3dico Cultural","alternateName":"HS - HOJAS SUELTAS Peri\u00f3dico Cultural","url":"https:\/\/hojassueltas.es\/","logo":{"@type":"ImageObject","inLanguage":"es","@id":"https:\/\/hojassueltas.es\/#\/schema\/logo\/image\/","url":"https:\/\/hojassueltas.es\/wp-content\/uploads\/2025\/08\/Icono-HS_2.png","contentUrl":"https:\/\/hojassueltas.es\/wp-content\/uploads\/2025\/08\/Icono-HS_2.png","width":500,"height":500,"caption":"HOJAS SUELTAS - Peri\u00f3dico Cultural"},"image":{"@id":"https:\/\/hojassueltas.es\/#\/schema\/logo\/image\/"},"sameAs":["https:\/\/x.com\/HOJASSUELTAS22"]},{"@type":"Person","@id":"https:\/\/hojassueltas.es\/#\/schema\/person\/69b100dc9b45a00e61d055b63d4278e9","name":"Valent\u00edn Castro","image":{"@type":"ImageObject","inLanguage":"es","@id":"https:\/\/hojassueltas.es\/wp-content\/uploads\/2025\/11\/Valentin-Castro-2025-96x96.png","url":"https:\/\/hojassueltas.es\/wp-content\/uploads\/2025\/11\/Valentin-Castro-2025-96x96.png","contentUrl":"https:\/\/hojassueltas.es\/wp-content\/uploads\/2025\/11\/Valentin-Castro-2025-96x96.png","caption":"Valent\u00edn Castro"},"description":"Naci\u00f3 en una aldea de A Coru\u00f1a. Emigra con sus padres a M\u00e9jico. Licenciado en Comunicaci\u00f3n y Periodismo por la Universidad Nacional Aut\u00f3noma de M\u00e9xico. Licenciado en Geograf\u00eda e Historia por la Universidad Complutense de Madrid. Vive en Madrid, publica art\u00edculos y ensayos en diversos medios de comunicaci\u00f3n mejicanos y espa\u00f1oles bajo varios seud\u00f3nimos. Actualmente prepara una saga con personajes nacidos durante la ocupaci\u00f3n de M\u00e9xico por Hern\u00e1n Cort\u00e9s. Sus art\u00edculos y ensayos son efectistas, en ocasiones c\u00e1ustico, y muy cr\u00edtico. ES Redactor Jefe de Hojas Sueltas, dedicando su tiempo libre a escribir art\u00edculos con especial dedicaci\u00f3n a la literatura y la historia.","url":"https:\/\/hojassueltas.es\/?author=62"}]}},"_links":{"self":[{"href":"https:\/\/hojassueltas.es\/index.php?rest_route=\/wp\/v2\/posts\/12101","targetHints":{"allow":["GET"]}}],"collection":[{"href":"https:\/\/hojassueltas.es\/index.php?rest_route=\/wp\/v2\/posts"}],"about":[{"href":"https:\/\/hojassueltas.es\/index.php?rest_route=\/wp\/v2\/types\/post"}],"author":[{"embeddable":true,"href":"https:\/\/hojassueltas.es\/index.php?rest_route=\/wp\/v2\/users\/62"}],"replies":[{"embeddable":true,"href":"https:\/\/hojassueltas.es\/index.php?rest_route=%2Fwp%2Fv2%2Fcomments&post=12101"}],"version-history":[{"count":1,"href":"https:\/\/hojassueltas.es\/index.php?rest_route=\/wp\/v2\/posts\/12101\/revisions"}],"predecessor-version":[{"id":12102,"href":"https:\/\/hojassueltas.es\/index.php?rest_route=\/wp\/v2\/posts\/12101\/revisions\/12102"}],"wp:attachment":[{"href":"https:\/\/hojassueltas.es\/index.php?rest_route=%2Fwp%2Fv2%2Fmedia&parent=12101"}],"wp:term":[{"taxonomy":"category","embeddable":true,"href":"https:\/\/hojassueltas.es\/index.php?rest_route=%2Fwp%2Fv2%2Fcategories&post=12101"},{"taxonomy":"post_tag","embeddable":true,"href":"https:\/\/hojassueltas.es\/index.php?rest_route=%2Fwp%2Fv2%2Ftags&post=12101"}],"curies":[{"name":"wp","href":"https:\/\/api.w.org\/{rel}","templated":true}]}}