{"id":11711,"date":"2024-06-14T00:00:12","date_gmt":"2024-06-13T22:00:12","guid":{"rendered":"https:\/\/hojassueltas.es\/?p=11711"},"modified":"2025-10-18T11:06:01","modified_gmt":"2025-10-18T09:06:01","slug":"china-pais-invitado-en-la-xvii-edicion-del-festival-getafe-negro","status":"publish","type":"post","link":"https:\/\/hojassueltas.es\/?p=11711","title":{"rendered":"China, pa\u00eds invitado en la XVII edici\u00f3n del festival Getafe Negro"},"content":{"rendered":"<p style=\"text-align: justify;\"><span style=\"font-size: 16px;\">China ser\u00e1 el pa\u00eds invitado en la XVII edici\u00f3n del festival de novela negra Getafe Negro, que se celebrar\u00e1 del 19 al 27 de octubre. Este a\u00f1o, el evento busca \u00abromper todas las fronteras de China desde fuera\u00bb y \u00abdinamitar las divisiones fronterizas\u00bb, seg\u00fan afirm\u00f3 Maica Rivera, directora del festival, durante su presentaci\u00f3n en la Feria del Libro de Madrid.<\/span><\/p>\n<p style=\"text-align: justify;\"><span style=\"font-size: 16px;\">El festival, que se llevar\u00e1 a cabo en la localidad madrile\u00f1a de Getafe y otras ubicaciones, tendr\u00e1 como protagonista el &#8216;noir chino&#8217;. Rivera destac\u00f3 que Getafe Negro es un festival literario que tiende puentes y explora el entendimiento entre Oriente y Occidente, tomando como referencia la ruta de la seda.<\/span><\/p>\n<p style=\"text-align: justify;\"><span style=\"font-size: 16px;\">Lorenzo Silva, director honor\u00edfico y creador de Getafe Negro, respald\u00f3 las palabras de Rivera, enfatizando que el festival debe ser \u00abambicioso y no ponerse barreras\u00bb. Silva subray\u00f3 la importancia de colaborar con diversas culturas y reconoci\u00f3 la pujanza de Oriente, considerando que volcar la mirada hacia la novela china es una apuesta inteligente y estimulante.<\/span><\/p>\n<p style=\"text-align: justify;\"><span style=\"font-size: 16px;\">Silva expres\u00f3 su deseo de que en Espa\u00f1a se pueda leer la versi\u00f3n china de la novela &#8216;El problema de los tres cuerpos&#8217;, una obra de ciencia ficci\u00f3n de Liu Cixin, adaptada a la peque\u00f1a pantalla por Netflix.<\/span><\/p>\n<p style=\"text-align: justify;\"><span style=\"font-size: 16px;\">Rivera se\u00f1al\u00f3 que uno de los objetivos de esta XVII edici\u00f3n es que el festival sea un \u00abforo de permeabilidad\u00bb entre el g\u00e9nero negro, el polic\u00edaco y la ciencia ficci\u00f3n, adem\u00e1s de un espacio de reflexi\u00f3n dentro del sector literario.<\/span><\/p>\n<p style=\"text-align: justify;\"><span style=\"font-size: 16px;\">Entre las actividades destacadas, Getafe Negro conmemorar\u00e1 el centenario de la muerte de Kafka y recordar\u00e1 a Paul Auster que contar\u00e1 con la presencia de la escritora Victoria Gonz\u00e1lez. Adem\u00e1s, se reforzar\u00e1n las actividades de cine y m\u00fasica para fomentar la lectura entre j\u00f3venes y adolescentes.<\/span><\/p>\n<p style=\"text-align: justify;\"><span style=\"font-size: 16px;\">Con la colaboraci\u00f3n del Instituto Cervantes de China, se espera la participaci\u00f3n de autores chinos invitados, cuyos nombres a\u00fan no han sido confirmados. Rivera y Silva resaltaron la importancia de esta edici\u00f3n para acercar una cultura poco conocida y de la que hay mucho que aprender.<\/span><\/p>\n<p style=\"text-align: justify;\"><span style=\"font-size: 16px;\">El evento cont\u00f3 con la presencia de Almudena Hern\u00e1ndez, subdirectora general adjunta de Promoci\u00f3n del libro, la lectura y las letras espa\u00f1olas; Bartolom\u00e9 Gonz\u00e1lez, director general de Patrimonio Cultural y Oficina del Espa\u00f1ol; y Luis Dom\u00ednguez, concejal de Cultura de Getafe, quien destac\u00f3 que este festival es la \u00abpiedra angular\u00bb de la localidad madrile\u00f1a.<\/span><\/p>\n<p><span style=\"font-family: impact, sans-serif;\">\u00a9 Redacci\u00f3n<\/span><\/p>\n","protected":false},"excerpt":{"rendered":"<p>China ser\u00e1 el pa\u00eds invitado en la XVII edici\u00f3n del festival de novela negra Getafe Negro, que se celebrar\u00e1 del 19 al 27 de octubre. Este a\u00f1o, el evento busca \u00abromper todas las fronteras de China desde fuera\u00bb y \u00abdinamitar las divisiones fronterizas\u00bb, seg\u00fan afirm\u00f3 Maica Rivera, directora del festival, durante su presentaci\u00f3n en la [&hellip;]<\/p>\n","protected":false},"author":1,"featured_media":11712,"comment_status":"open","ping_status":"closed","sticky":false,"template":"","format":"standard","meta":{"footnotes":""},"categories":[32,1124],"tags":[833,271],"class_list":{"0":"post-11711","1":"post","2":"type-post","3":"status-publish","4":"format-standard","5":"has-post-thumbnail","7":"category-panorama-cultural","8":"category-por-que-leer","9":"tag-getafe-negro","10":"tag-lorenzo-silva"},"yoast_head":"<!-- This site is optimized with the Yoast SEO plugin v27.4 - https:\/\/yoast.com\/product\/yoast-seo-wordpress\/ -->\n<title>China, pa\u00eds invitado en la XVII edici\u00f3n del festival Getafe Negro | HOJAS SUELTAS Peri\u00f3dico Cultural<\/title>\n<meta name=\"description\" content=\"FESTIVAL LITERARIO: El festival, que se llevar\u00e1 a cabo en la localidad madrile\u00f1a de Getafe y otras ubicaciones, tendr\u00e1 como protagonista el &#039;noir chino&#039;.\" \/>\n<meta name=\"robots\" content=\"index, follow, max-snippet:-1, max-image-preview:large, max-video-preview:-1\" \/>\n<link rel=\"canonical\" href=\"https:\/\/hojassueltas.es\/?p=11711\" \/>\n<meta property=\"og:locale\" content=\"es_ES\" \/>\n<meta property=\"og:type\" content=\"article\" \/>\n<meta property=\"og:title\" content=\"China, pa\u00eds invitado en la XVII edici\u00f3n del festival Getafe Negro | HOJAS SUELTAS Peri\u00f3dico Cultural\" \/>\n<meta property=\"og:description\" content=\"FESTIVAL LITERARIO: El festival, que se llevar\u00e1 a cabo en la localidad madrile\u00f1a de Getafe y otras ubicaciones, tendr\u00e1 como protagonista el &#039;noir chino&#039;.\" \/>\n<meta property=\"og:url\" content=\"https:\/\/hojassueltas.es\/?p=11711\" \/>\n<meta property=\"og:site_name\" content=\"HOJAS SUELTAS Peri\u00f3dico Cultural\" \/>\n<meta property=\"article:published_time\" content=\"2024-06-13T22:00:12+00:00\" \/>\n<meta property=\"article:modified_time\" content=\"2025-10-18T09:06:01+00:00\" \/>\n<meta property=\"og:image\" content=\"https:\/\/hojassueltas.es\/wp-content\/uploads\/2024\/06\/Getafe-Negro_HS.png\" \/>\n\t<meta property=\"og:image:width\" content=\"1050\" \/>\n\t<meta property=\"og:image:height\" content=\"610\" \/>\n\t<meta property=\"og:image:type\" content=\"image\/png\" \/>\n<meta name=\"author\" content=\"Redacci\u00f3n\" \/>\n<meta name=\"twitter:card\" content=\"summary_large_image\" \/>\n<meta name=\"twitter:creator\" content=\"@HOJASSUELTAS22\" \/>\n<meta name=\"twitter:site\" content=\"@HOJASSUELTAS22\" \/>\n<meta name=\"twitter:label1\" content=\"Escrito por\" \/>\n\t<meta name=\"twitter:data1\" content=\"Redacci\u00f3n\" \/>\n\t<meta name=\"twitter:label2\" content=\"Tiempo de lectura\" \/>\n\t<meta name=\"twitter:data2\" content=\"2 minutos\" \/>\n<script type=\"application\/ld+json\" class=\"yoast-schema-graph\">{\"@context\":\"https:\\\/\\\/schema.org\",\"@graph\":[{\"@type\":[\"Article\",\"BlogPosting\"],\"@id\":\"https:\\\/\\\/hojassueltas.es\\\/?p=11711#article\",\"isPartOf\":{\"@id\":\"https:\\\/\\\/hojassueltas.es\\\/?p=11711\"},\"author\":{\"name\":\"Redacci\u00f3n\",\"@id\":\"https:\\\/\\\/hojassueltas.es\\\/#\\\/schema\\\/person\\\/f232bbdb834c61c90aff2245daa401c0\"},\"headline\":\"China, pa\u00eds invitado en la XVII edici\u00f3n del festival Getafe Negro\",\"datePublished\":\"2024-06-13T22:00:12+00:00\",\"dateModified\":\"2025-10-18T09:06:01+00:00\",\"mainEntityOfPage\":{\"@id\":\"https:\\\/\\\/hojassueltas.es\\\/?p=11711\"},\"wordCount\":436,\"commentCount\":0,\"publisher\":{\"@id\":\"https:\\\/\\\/hojassueltas.es\\\/#organization\"},\"image\":{\"@id\":\"https:\\\/\\\/hojassueltas.es\\\/?p=11711#primaryimage\"},\"thumbnailUrl\":\"https:\\\/\\\/hojassueltas.es\\\/wp-content\\\/uploads\\\/2024\\\/06\\\/Getafe-Negro_HS.png\",\"keywords\":[\"Getafe Negro\",\"Lorenzo Silva\"],\"articleSection\":[\"PANORAMA CULTURAL\",\"POR QU\u00c9 LEER...\"],\"inLanguage\":\"es\",\"potentialAction\":[{\"@type\":\"CommentAction\",\"name\":\"Comment\",\"target\":[\"https:\\\/\\\/hojassueltas.es\\\/?p=11711#respond\"]}]},{\"@type\":\"WebPage\",\"@id\":\"https:\\\/\\\/hojassueltas.es\\\/?p=11711\",\"url\":\"https:\\\/\\\/hojassueltas.es\\\/?p=11711\",\"name\":\"China, pa\u00eds invitado en la XVII edici\u00f3n del festival Getafe Negro | HOJAS SUELTAS Peri\u00f3dico Cultural\",\"isPartOf\":{\"@id\":\"https:\\\/\\\/hojassueltas.es\\\/#website\"},\"primaryImageOfPage\":{\"@id\":\"https:\\\/\\\/hojassueltas.es\\\/?p=11711#primaryimage\"},\"image\":{\"@id\":\"https:\\\/\\\/hojassueltas.es\\\/?p=11711#primaryimage\"},\"thumbnailUrl\":\"https:\\\/\\\/hojassueltas.es\\\/wp-content\\\/uploads\\\/2024\\\/06\\\/Getafe-Negro_HS.png\",\"datePublished\":\"2024-06-13T22:00:12+00:00\",\"dateModified\":\"2025-10-18T09:06:01+00:00\",\"description\":\"FESTIVAL LITERARIO: El festival, que se llevar\u00e1 a cabo en la localidad madrile\u00f1a de Getafe y otras ubicaciones, tendr\u00e1 como protagonista el 'noir chino'.\",\"breadcrumb\":{\"@id\":\"https:\\\/\\\/hojassueltas.es\\\/?p=11711#breadcrumb\"},\"inLanguage\":\"es\",\"potentialAction\":[{\"@type\":\"ReadAction\",\"target\":[\"https:\\\/\\\/hojassueltas.es\\\/?p=11711\"]}]},{\"@type\":\"ImageObject\",\"inLanguage\":\"es\",\"@id\":\"https:\\\/\\\/hojassueltas.es\\\/?p=11711#primaryimage\",\"url\":\"https:\\\/\\\/hojassueltas.es\\\/wp-content\\\/uploads\\\/2024\\\/06\\\/Getafe-Negro_HS.png\",\"contentUrl\":\"https:\\\/\\\/hojassueltas.es\\\/wp-content\\\/uploads\\\/2024\\\/06\\\/Getafe-Negro_HS.png\",\"width\":1050,\"height\":610},{\"@type\":\"BreadcrumbList\",\"@id\":\"https:\\\/\\\/hojassueltas.es\\\/?p=11711#breadcrumb\",\"itemListElement\":[{\"@type\":\"ListItem\",\"position\":1,\"name\":\"Portada\",\"item\":\"https:\\\/\\\/hojassueltas.es\\\/\"},{\"@type\":\"ListItem\",\"position\":2,\"name\":\"China, pa\u00eds invitado en la XVII edici\u00f3n del festival Getafe Negro\"}]},{\"@type\":\"WebSite\",\"@id\":\"https:\\\/\\\/hojassueltas.es\\\/#website\",\"url\":\"https:\\\/\\\/hojassueltas.es\\\/\",\"name\":\"HojasSueltas.es\",\"description\":\"GRANADA - Peri\u00f3dico Cultural\",\"publisher\":{\"@id\":\"https:\\\/\\\/hojassueltas.es\\\/#organization\"},\"alternateName\":\"H.S. Periodico Cultural\",\"potentialAction\":[{\"@type\":\"SearchAction\",\"target\":{\"@type\":\"EntryPoint\",\"urlTemplate\":\"https:\\\/\\\/hojassueltas.es\\\/?s={search_term_string}\"},\"query-input\":{\"@type\":\"PropertyValueSpecification\",\"valueRequired\":true,\"valueName\":\"search_term_string\"}}],\"inLanguage\":\"es\"},{\"@type\":\"Organization\",\"@id\":\"https:\\\/\\\/hojassueltas.es\\\/#organization\",\"name\":\"HOJAS SUELTAS - Peri\u00f3dico Cultural\",\"alternateName\":\"HS - HOJAS SUELTAS Peri\u00f3dico Cultural\",\"url\":\"https:\\\/\\\/hojassueltas.es\\\/\",\"logo\":{\"@type\":\"ImageObject\",\"inLanguage\":\"es\",\"@id\":\"https:\\\/\\\/hojassueltas.es\\\/#\\\/schema\\\/logo\\\/image\\\/\",\"url\":\"https:\\\/\\\/hojassueltas.es\\\/wp-content\\\/uploads\\\/2025\\\/08\\\/Icono-HS_2.png\",\"contentUrl\":\"https:\\\/\\\/hojassueltas.es\\\/wp-content\\\/uploads\\\/2025\\\/08\\\/Icono-HS_2.png\",\"width\":500,\"height\":500,\"caption\":\"HOJAS SUELTAS - Peri\u00f3dico Cultural\"},\"image\":{\"@id\":\"https:\\\/\\\/hojassueltas.es\\\/#\\\/schema\\\/logo\\\/image\\\/\"},\"sameAs\":[\"https:\\\/\\\/x.com\\\/HOJASSUELTAS22\"]},{\"@type\":\"Person\",\"@id\":\"https:\\\/\\\/hojassueltas.es\\\/#\\\/schema\\\/person\\\/f232bbdb834c61c90aff2245daa401c0\",\"name\":\"Redacci\u00f3n\",\"image\":{\"@type\":\"ImageObject\",\"inLanguage\":\"es\",\"@id\":\"https:\\\/\\\/hojassueltas.es\\\/wp-content\\\/uploads\\\/2026\\\/02\\\/Redaccion-2-96x96.png\",\"url\":\"https:\\\/\\\/hojassueltas.es\\\/wp-content\\\/uploads\\\/2026\\\/02\\\/Redaccion-2-96x96.png\",\"contentUrl\":\"https:\\\/\\\/hojassueltas.es\\\/wp-content\\\/uploads\\\/2026\\\/02\\\/Redaccion-2-96x96.png\",\"caption\":\"Redacci\u00f3n\"},\"description\":\"Redacci\u00f3n de HOJAS SUELTAS\",\"url\":\"https:\\\/\\\/hojassueltas.es\\\/?author=1\"}]}<\/script>\n<!-- \/ Yoast SEO plugin. -->","yoast_head_json":{"title":"China, pa\u00eds invitado en la XVII edici\u00f3n del festival Getafe Negro | HOJAS SUELTAS Peri\u00f3dico Cultural","description":"FESTIVAL LITERARIO: El festival, que se llevar\u00e1 a cabo en la localidad madrile\u00f1a de Getafe y otras ubicaciones, tendr\u00e1 como protagonista el 'noir chino'.","robots":{"index":"index","follow":"follow","max-snippet":"max-snippet:-1","max-image-preview":"max-image-preview:large","max-video-preview":"max-video-preview:-1"},"canonical":"https:\/\/hojassueltas.es\/?p=11711","og_locale":"es_ES","og_type":"article","og_title":"China, pa\u00eds invitado en la XVII edici\u00f3n del festival Getafe Negro | HOJAS SUELTAS Peri\u00f3dico Cultural","og_description":"FESTIVAL LITERARIO: El festival, que se llevar\u00e1 a cabo en la localidad madrile\u00f1a de Getafe y otras ubicaciones, tendr\u00e1 como protagonista el 'noir chino'.","og_url":"https:\/\/hojassueltas.es\/?p=11711","og_site_name":"HOJAS SUELTAS Peri\u00f3dico Cultural","article_published_time":"2024-06-13T22:00:12+00:00","article_modified_time":"2025-10-18T09:06:01+00:00","og_image":[{"width":1050,"height":610,"url":"https:\/\/hojassueltas.es\/wp-content\/uploads\/2024\/06\/Getafe-Negro_HS.png","type":"image\/png"}],"author":"Redacci\u00f3n","twitter_card":"summary_large_image","twitter_creator":"@HOJASSUELTAS22","twitter_site":"@HOJASSUELTAS22","twitter_misc":{"Escrito por":"Redacci\u00f3n","Tiempo de lectura":"2 minutos"},"schema":{"@context":"https:\/\/schema.org","@graph":[{"@type":["Article","BlogPosting"],"@id":"https:\/\/hojassueltas.es\/?p=11711#article","isPartOf":{"@id":"https:\/\/hojassueltas.es\/?p=11711"},"author":{"name":"Redacci\u00f3n","@id":"https:\/\/hojassueltas.es\/#\/schema\/person\/f232bbdb834c61c90aff2245daa401c0"},"headline":"China, pa\u00eds invitado en la XVII edici\u00f3n del festival Getafe Negro","datePublished":"2024-06-13T22:00:12+00:00","dateModified":"2025-10-18T09:06:01+00:00","mainEntityOfPage":{"@id":"https:\/\/hojassueltas.es\/?p=11711"},"wordCount":436,"commentCount":0,"publisher":{"@id":"https:\/\/hojassueltas.es\/#organization"},"image":{"@id":"https:\/\/hojassueltas.es\/?p=11711#primaryimage"},"thumbnailUrl":"https:\/\/hojassueltas.es\/wp-content\/uploads\/2024\/06\/Getafe-Negro_HS.png","keywords":["Getafe Negro","Lorenzo Silva"],"articleSection":["PANORAMA CULTURAL","POR QU\u00c9 LEER..."],"inLanguage":"es","potentialAction":[{"@type":"CommentAction","name":"Comment","target":["https:\/\/hojassueltas.es\/?p=11711#respond"]}]},{"@type":"WebPage","@id":"https:\/\/hojassueltas.es\/?p=11711","url":"https:\/\/hojassueltas.es\/?p=11711","name":"China, pa\u00eds invitado en la XVII edici\u00f3n del festival Getafe Negro | HOJAS SUELTAS Peri\u00f3dico Cultural","isPartOf":{"@id":"https:\/\/hojassueltas.es\/#website"},"primaryImageOfPage":{"@id":"https:\/\/hojassueltas.es\/?p=11711#primaryimage"},"image":{"@id":"https:\/\/hojassueltas.es\/?p=11711#primaryimage"},"thumbnailUrl":"https:\/\/hojassueltas.es\/wp-content\/uploads\/2024\/06\/Getafe-Negro_HS.png","datePublished":"2024-06-13T22:00:12+00:00","dateModified":"2025-10-18T09:06:01+00:00","description":"FESTIVAL LITERARIO: El festival, que se llevar\u00e1 a cabo en la localidad madrile\u00f1a de Getafe y otras ubicaciones, tendr\u00e1 como protagonista el 'noir chino'.","breadcrumb":{"@id":"https:\/\/hojassueltas.es\/?p=11711#breadcrumb"},"inLanguage":"es","potentialAction":[{"@type":"ReadAction","target":["https:\/\/hojassueltas.es\/?p=11711"]}]},{"@type":"ImageObject","inLanguage":"es","@id":"https:\/\/hojassueltas.es\/?p=11711#primaryimage","url":"https:\/\/hojassueltas.es\/wp-content\/uploads\/2024\/06\/Getafe-Negro_HS.png","contentUrl":"https:\/\/hojassueltas.es\/wp-content\/uploads\/2024\/06\/Getafe-Negro_HS.png","width":1050,"height":610},{"@type":"BreadcrumbList","@id":"https:\/\/hojassueltas.es\/?p=11711#breadcrumb","itemListElement":[{"@type":"ListItem","position":1,"name":"Portada","item":"https:\/\/hojassueltas.es\/"},{"@type":"ListItem","position":2,"name":"China, pa\u00eds invitado en la XVII edici\u00f3n del festival Getafe Negro"}]},{"@type":"WebSite","@id":"https:\/\/hojassueltas.es\/#website","url":"https:\/\/hojassueltas.es\/","name":"HojasSueltas.es","description":"GRANADA - Peri\u00f3dico Cultural","publisher":{"@id":"https:\/\/hojassueltas.es\/#organization"},"alternateName":"H.S. Periodico Cultural","potentialAction":[{"@type":"SearchAction","target":{"@type":"EntryPoint","urlTemplate":"https:\/\/hojassueltas.es\/?s={search_term_string}"},"query-input":{"@type":"PropertyValueSpecification","valueRequired":true,"valueName":"search_term_string"}}],"inLanguage":"es"},{"@type":"Organization","@id":"https:\/\/hojassueltas.es\/#organization","name":"HOJAS SUELTAS - Peri\u00f3dico Cultural","alternateName":"HS - HOJAS SUELTAS Peri\u00f3dico Cultural","url":"https:\/\/hojassueltas.es\/","logo":{"@type":"ImageObject","inLanguage":"es","@id":"https:\/\/hojassueltas.es\/#\/schema\/logo\/image\/","url":"https:\/\/hojassueltas.es\/wp-content\/uploads\/2025\/08\/Icono-HS_2.png","contentUrl":"https:\/\/hojassueltas.es\/wp-content\/uploads\/2025\/08\/Icono-HS_2.png","width":500,"height":500,"caption":"HOJAS SUELTAS - Peri\u00f3dico Cultural"},"image":{"@id":"https:\/\/hojassueltas.es\/#\/schema\/logo\/image\/"},"sameAs":["https:\/\/x.com\/HOJASSUELTAS22"]},{"@type":"Person","@id":"https:\/\/hojassueltas.es\/#\/schema\/person\/f232bbdb834c61c90aff2245daa401c0","name":"Redacci\u00f3n","image":{"@type":"ImageObject","inLanguage":"es","@id":"https:\/\/hojassueltas.es\/wp-content\/uploads\/2026\/02\/Redaccion-2-96x96.png","url":"https:\/\/hojassueltas.es\/wp-content\/uploads\/2026\/02\/Redaccion-2-96x96.png","contentUrl":"https:\/\/hojassueltas.es\/wp-content\/uploads\/2026\/02\/Redaccion-2-96x96.png","caption":"Redacci\u00f3n"},"description":"Redacci\u00f3n de HOJAS SUELTAS","url":"https:\/\/hojassueltas.es\/?author=1"}]}},"_links":{"self":[{"href":"https:\/\/hojassueltas.es\/index.php?rest_route=\/wp\/v2\/posts\/11711","targetHints":{"allow":["GET"]}}],"collection":[{"href":"https:\/\/hojassueltas.es\/index.php?rest_route=\/wp\/v2\/posts"}],"about":[{"href":"https:\/\/hojassueltas.es\/index.php?rest_route=\/wp\/v2\/types\/post"}],"author":[{"embeddable":true,"href":"https:\/\/hojassueltas.es\/index.php?rest_route=\/wp\/v2\/users\/1"}],"replies":[{"embeddable":true,"href":"https:\/\/hojassueltas.es\/index.php?rest_route=%2Fwp%2Fv2%2Fcomments&post=11711"}],"version-history":[{"count":2,"href":"https:\/\/hojassueltas.es\/index.php?rest_route=\/wp\/v2\/posts\/11711\/revisions"}],"predecessor-version":[{"id":11714,"href":"https:\/\/hojassueltas.es\/index.php?rest_route=\/wp\/v2\/posts\/11711\/revisions\/11714"}],"wp:featuredmedia":[{"embeddable":true,"href":"https:\/\/hojassueltas.es\/index.php?rest_route=\/wp\/v2\/media\/11712"}],"wp:attachment":[{"href":"https:\/\/hojassueltas.es\/index.php?rest_route=%2Fwp%2Fv2%2Fmedia&parent=11711"}],"wp:term":[{"taxonomy":"category","embeddable":true,"href":"https:\/\/hojassueltas.es\/index.php?rest_route=%2Fwp%2Fv2%2Fcategories&post=11711"},{"taxonomy":"post_tag","embeddable":true,"href":"https:\/\/hojassueltas.es\/index.php?rest_route=%2Fwp%2Fv2%2Ftags&post=11711"}],"curies":[{"name":"wp","href":"https:\/\/api.w.org\/{rel}","templated":true}]}}