{"id":11307,"date":"2024-05-28T00:00:43","date_gmt":"2024-05-27T22:00:43","guid":{"rendered":"https:\/\/hojassueltas.es\/?p=11307"},"modified":"2025-10-20T15:02:13","modified_gmt":"2025-10-20T13:02:13","slug":"los-domingos-de-jean-dezert-jean-de-la-ville-de-mirmont","status":"publish","type":"post","link":"https:\/\/hojassueltas.es\/?p=11307","title":{"rendered":"Los domingos de Jean D\u00e9zert. (Jean de La Ville de Mirmont)"},"content":{"rendered":"<p style=\"text-align: justify;\"><span style=\"color: #000000; font-size: 12pt; font-family: georgia, palatino, serif;\">La rutina se convierte en gris monoton\u00eda cuando falta la imaginaci\u00f3n. Jean de La Ville de Mirmont (1886-1914) fue un escritor en ciernes que apenas tuvo tiempo de disfrutar de la vida, cercenada tempranamente por la Gran Guerra. Leyendo su escasa biograf\u00eda cuesta trabajo creer que su corta experiencia como funcionario en Par\u00eds diera de s\u00ed para una novela tan genial y din\u00e1mica como\u00a0<em>Los domingos de Jean D\u00e9zert<\/em>\u00a0(1914), una novela no sobre la rutina, sino sobre la monoton\u00eda.<\/span><\/p>\n<p style=\"text-align: justify;\"><span style=\"color: #000000; font-size: 12pt; font-family: georgia, palatino, serif;\">Si se piensa despacio, escribir o leer una novela sobre la monoton\u00eda puede resultar de lo m\u00e1s aburrido, aunque sea por simpat\u00eda con la trama. Si adem\u00e1s se da el caso de que es el escritor el que cuenta su propia experiencia, y que esa experiencia es una de las pocas que vivi\u00f3, no parece que se faciliten las cosas. Sin embargo, el autor franc\u00e9s supo sacarle a su tediosa realidad una de sus aristas m\u00e1s agudas: la iron\u00eda.<\/span><\/p>\n<div class=\"google-auto-placed ap_container\" style=\"text-align: justify;\">\n<div id=\"aswift_7_host\"><span style=\"color: #000000; font-size: 12pt; font-family: georgia, palatino, serif;\">Con la iron\u00eda no hace falta la imaginaci\u00f3n, sino que es suficiente el distanciamiento, y ya sabemos que la tragedia m\u00e1s tiempo da como consecuencia la comedia. A eso se aplic\u00f3 Jean de La Ville: a mirarse a vista de p\u00e1jaro, con la suficiente desconsideraci\u00f3n como para re\u00edrse de s\u00ed mismo y, por extensi\u00f3n, de todos los Jean D\u00e9zert que inundan el planeta. La primera frase del libro es ilustrativa de su intenci\u00f3n: <em>\u201cVamos a llamar a ese joven Jean D\u00e9zert\u201d<\/em>.<\/span><\/div>\n<\/div>\n<p style=\"text-align: justify;\"><span style=\"color: #000000; font-size: 12pt; font-family: georgia, palatino, serif;\">\u00bfY qui\u00e9n es Jean D\u00e9zert? Un hombre que no se distingue de cualquier otro en la multitud; si se quiere una buena persona, honrada, fiable, sana: apenas nadie. Y por encima de todo, un hombre sin imaginaci\u00f3n. Cumplidor y honesto, trabaja como funcionario en un ministerio con el celo conveniente a su puesto. No sabemos muy bien lo que hace, pero sabemos que lo hace correctamente. Es tan recto en su trabajo que si se le ocurriera la idea de suicidarse (aunque hasta para esto hace falta imaginaci\u00f3n) lo har\u00eda en un d\u00eda festivo.<\/span><\/p>\n<p style=\"text-align: justify;\"><span style=\"color: #000000; font-size: 12pt; font-family: georgia, palatino, serif;\">Jean D\u00e9zert no es ambicioso, no tiene envidia, es un ser resignado, un hombre que sabe esperar. Durante la semana, Jean D\u00e9zert espera el domingo; en su ministerio espera el ascenso mientras espera la jubilaci\u00f3n; una vez jubilado, espera la muerte. Comprende que el brillo de una estrella se pierde entre las innumerables estrellas del firmamento. Piensa como Robinson Crusoe que en este mundo las cosas solo son buenas, en relaci\u00f3n a nosotros, seg\u00fan el uso que hacemos de ellas.<\/span><\/p>\n<p style=\"text-align: justify;\"><span style=\"color: #000000; font-size: 12pt; font-family: georgia, palatino, serif;\">Jean D\u00e9zert tiene un amigo, L\u00e9on, por el simple motivo de que cena todos los d\u00edas laborables con \u00e9l en la misma mantequer\u00eda desde hace tres a\u00f1os. S\u00f3lo se les puede ver juntos en la mesa. Uno habla y otro escucha. No hace falta decir qui\u00e9n es cada uno de ellos.<\/span><\/p>\n<p style=\"text-align: justify;\"><span style=\"color: #000000; font-size: 12pt; font-family: georgia, palatino, serif;\">Aunque pueda parecer extra\u00f1o, la filosof\u00eda de Jean D\u00e9zert tiene un profundo arraigo en la realidad humana, pero no porque lo haya pensado \u00e9l, sino porque un d\u00eda compr\u00f3 un libro sobre Confucionismo y lee de vez en cuando sus m\u00e1ximas. Una de ellas: \u201cUn magistrado debe honrar a su padre y a su madre\u201d; otra: \u201cCuando no se puede aportar ning\u00fan remedio a un mal, es in\u00fatil buscarlo\u201d. El libro reposa en su mesita de noche, entre la palmatoria y el frasco de agua de azahar.<\/span><\/p>\n<p style=\"text-align: justify;\"><span style=\"color: #000000; font-size: 12pt; font-family: georgia, palatino, serif;\">No obstante, hay algo dentro de Jean D\u00e9zert que lo distingue de la mayor\u00eda: \u00e9l s\u00ed sabe disfrutar los domingos. Lo cierto es que para eso tampoco hace falta imaginaci\u00f3n: \u00e9l es de esas personas que no rechaza jam\u00e1s los prospectos que le ofrecen en las aceras ancianos mal vestidos. Comprende que para emplear la jornada del domingo de una forma a la vez ingeniosa e instructiva basta con seguir los consejos prodigados en algunas de aquellas hojas gratuitas.<\/span><\/p>\n<p style=\"text-align: justify;\"><span style=\"color: #000000; font-size: 12pt; font-family: georgia, palatino, serif;\">C\u00f3mo no empezar el d\u00eda de forma relajada en las Piscinas Oriente, ba\u00f1os para ambos sexos, confort moderno, masaje dado por ciegos. Una vez vestido y reconfortado, ser\u00eda agradable dirigirse a la peluquer\u00eda, corte 50 c\u00e9ntimos, barba 25 c\u00e9ntimos, cuidado antis\u00e9ptico. Y aunque salga de all\u00ed con la impresi\u00f3n de que el corte de pelo al rape no es lo m\u00e1s conveniente para su alargada cara, nada le va a privar de un almuerzo en un restaurante vegetariano, antialcoh\u00f3lico, con especialidades higi\u00e9nicas, platos cuyas calor\u00edas vienen reflejadas a la derecha de la carta. La tarde puede empezar en el consultorio de Madame Theresa de Haarlem, de donde saldr\u00e1 con el aviso de que no debe enamorarse de una mujer de pelo negro, para dirigirse a un cine donde se quedar\u00e1 dormido, sea por el caluroso d\u00eda, sea por la digesti\u00f3n. Para cerrar tan divertida jornada, nada m\u00e1s interesante que dirigirse a la Farmacia del Norte, donde recibir\u00e1 una conferencia gratuita sobre higiene sexual, amenizada con audiciones musicales. Nadie puede decir que Jean D\u00e9zert no sabe aprovechar concienzudamente los domingos.<\/span><\/p>\n<p style=\"text-align: justify;\"><span style=\"color: #000000; font-size: 12pt; font-family: georgia, palatino, serif;\">As\u00ed pasa la vida hasta que nuestro h\u00e9roe conoce a Elvire Barrochet. Por fin comienza lo que el propio escritor anuncia en may\u00fasculas como \u201cLa aventura\u201d. Elvire es una muchacha de apenas 18 a\u00f1os cuyo padre es funerario. Es cierto que \u00e9ste hubiera querido casar a su hija con un marmolista, pero piensa que el joven Jean es un hombre correcto y agradable, digno yerno.<\/span><\/p>\n<p style=\"text-align: justify;\"><span style=\"color: #000000; font-size: 12pt; font-family: georgia, palatino, serif;\">\u00bfC\u00f3mo es Elvire? Pues una chica digna de enamorarse de Jean D\u00e9zert. \u00bfSo\u00f1adora, aventurera, pragm\u00e1tica, aburrida, fantasiosa? Qu\u00e9 m\u00e1s da. Es la chica con la que se encuentra Jean en el zool\u00f3gico del Jardin des Plantes, junto al estanque de los otarios. Su idilio hasta la pedida de mano es una historia digna de las mejores p\u00e1ginas sobre relaciones sentimentales que recuerdo.<\/span><\/p>\n<p style=\"text-align: justify;\"><span style=\"color: #000000; font-size: 12pt; font-family: georgia, palatino, serif;\">\u00bfQu\u00e9 queda, al final, de Jean D\u00e9zert? \u00bfUn hombre enamorado, aburrido, ilusionado, melanc\u00f3lico, cautivador, interesante, conformista\u2026? Pues un poco de todo y un poco de nada, como cualquier hijo de vecino, porque esta deliciosa novela est\u00e1 hecha con la maestr\u00eda de quien sabe poner por escrito parte del alma de cada cual, que no significa que nadie se identifique con el personaje, pero que por lo menos s\u00ed lo conoce de o\u00eddas. Al fin y al cabo, todos pasamos cada siete d\u00edas por un domingo, que puede ser tan ameno y excitante como los domingos de Jean D\u00e9zert.<\/span><\/p>\n<p><span style=\"font-family: impact, sans-serif; font-size: 10pt;\">\u00a9 Jos\u00e9 Luis Alvarado. Todos los derechos reservados (Cicutadry)<\/span><\/p>\n","protected":false},"excerpt":{"rendered":"<p>La rutina se convierte en gris monoton\u00eda cuando falta la imaginaci\u00f3n. Jean de La Ville de Mirmont (1886-1914) fue un escritor en ciernes que apenas tuvo tiempo de disfrutar de la vida, cercenada tempranamente por la Gran Guerra. Leyendo su escasa biograf\u00eda cuesta trabajo creer que su corta experiencia como funcionario en Par\u00eds diera de [&hellip;]<\/p>\n","protected":false},"author":38,"featured_media":11308,"comment_status":"open","ping_status":"closed","sticky":false,"template":"","format":"standard","meta":{"footnotes":""},"categories":[1124,74],"tags":[162],"class_list":{"0":"post-11307","1":"post","2":"type-post","3":"status-publish","4":"format-standard","5":"has-post-thumbnail","7":"category-por-que-leer","8":"category-resenas","9":"tag-jose-luis-alvarado"},"yoast_head":"<!-- This site is optimized with the Yoast SEO plugin v27.5 - https:\/\/yoast.com\/product\/yoast-seo-wordpress\/ -->\n<title>Los domingos de Jean D\u00e9zert. (Jean de La Ville de Mirmont) | HOJAS SUELTAS Peri\u00f3dico Cultural<\/title>\n<meta name=\"description\" content=\"Rese\u00f1a\" \/>\n<meta name=\"robots\" content=\"index, follow, max-snippet:-1, max-image-preview:large, max-video-preview:-1\" \/>\n<link rel=\"canonical\" href=\"https:\/\/hojassueltas.es\/?p=11307\" \/>\n<meta property=\"og:locale\" content=\"es_ES\" \/>\n<meta property=\"og:type\" content=\"article\" \/>\n<meta property=\"og:title\" content=\"Los domingos de Jean D\u00e9zert. (Jean de La Ville de Mirmont) | HOJAS SUELTAS Peri\u00f3dico Cultural\" \/>\n<meta property=\"og:description\" content=\"Rese\u00f1a\" \/>\n<meta property=\"og:url\" content=\"https:\/\/hojassueltas.es\/?p=11307\" \/>\n<meta property=\"og:site_name\" content=\"HOJAS SUELTAS Peri\u00f3dico Cultural\" \/>\n<meta property=\"article:published_time\" content=\"2024-05-27T22:00:43+00:00\" \/>\n<meta property=\"article:modified_time\" content=\"2025-10-20T13:02:13+00:00\" \/>\n<meta property=\"og:image\" content=\"https:\/\/hojassueltas.es\/wp-content\/uploads\/2024\/05\/Los-domingos-LE.png\" \/>\n\t<meta property=\"og:image:width\" content=\"550\" \/>\n\t<meta property=\"og:image:height\" content=\"550\" \/>\n\t<meta property=\"og:image:type\" content=\"image\/png\" \/>\n<meta name=\"author\" content=\"Jos\u00e9 Luis Alvarado\" \/>\n<meta name=\"twitter:card\" content=\"summary_large_image\" \/>\n<meta name=\"twitter:creator\" content=\"@HOJASSUELTAS22\" \/>\n<meta name=\"twitter:site\" content=\"@HOJASSUELTAS22\" \/>\n<meta name=\"twitter:label1\" content=\"Escrito por\" \/>\n\t<meta name=\"twitter:data1\" content=\"Jos\u00e9 Luis Alvarado\" \/>\n\t<meta name=\"twitter:label2\" content=\"Tiempo de lectura\" \/>\n\t<meta name=\"twitter:data2\" content=\"5 minutos\" \/>\n<script type=\"application\/ld+json\" class=\"yoast-schema-graph\">{\"@context\":\"https:\\\/\\\/schema.org\",\"@graph\":[{\"@type\":[\"Article\",\"BlogPosting\"],\"@id\":\"https:\\\/\\\/hojassueltas.es\\\/?p=11307#article\",\"isPartOf\":{\"@id\":\"https:\\\/\\\/hojassueltas.es\\\/?p=11307\"},\"author\":{\"name\":\"Jos\u00e9 Luis Alvarado\",\"@id\":\"https:\\\/\\\/hojassueltas.es\\\/#\\\/schema\\\/person\\\/0fd366c26625fc84c65a74d3da2c6d17\"},\"headline\":\"Los domingos de Jean D\u00e9zert. (Jean de La Ville de Mirmont)\",\"datePublished\":\"2024-05-27T22:00:43+00:00\",\"dateModified\":\"2025-10-20T13:02:13+00:00\",\"mainEntityOfPage\":{\"@id\":\"https:\\\/\\\/hojassueltas.es\\\/?p=11307\"},\"wordCount\":1137,\"commentCount\":0,\"publisher\":{\"@id\":\"https:\\\/\\\/hojassueltas.es\\\/#organization\"},\"image\":{\"@id\":\"https:\\\/\\\/hojassueltas.es\\\/?p=11307#primaryimage\"},\"thumbnailUrl\":\"https:\\\/\\\/hojassueltas.es\\\/wp-content\\\/uploads\\\/2024\\\/05\\\/Los-domingos-LE.png\",\"keywords\":[\"Jos\u00e9 Luis Alvarado\"],\"articleSection\":[\"POR QU\u00c9 LEER...\",\"RESE\u00d1AS\"],\"inLanguage\":\"es\",\"potentialAction\":[{\"@type\":\"CommentAction\",\"name\":\"Comment\",\"target\":[\"https:\\\/\\\/hojassueltas.es\\\/?p=11307#respond\"]}]},{\"@type\":\"WebPage\",\"@id\":\"https:\\\/\\\/hojassueltas.es\\\/?p=11307\",\"url\":\"https:\\\/\\\/hojassueltas.es\\\/?p=11307\",\"name\":\"Los domingos de Jean D\u00e9zert. (Jean de La Ville de Mirmont) | HOJAS SUELTAS Peri\u00f3dico Cultural\",\"isPartOf\":{\"@id\":\"https:\\\/\\\/hojassueltas.es\\\/#website\"},\"primaryImageOfPage\":{\"@id\":\"https:\\\/\\\/hojassueltas.es\\\/?p=11307#primaryimage\"},\"image\":{\"@id\":\"https:\\\/\\\/hojassueltas.es\\\/?p=11307#primaryimage\"},\"thumbnailUrl\":\"https:\\\/\\\/hojassueltas.es\\\/wp-content\\\/uploads\\\/2024\\\/05\\\/Los-domingos-LE.png\",\"datePublished\":\"2024-05-27T22:00:43+00:00\",\"dateModified\":\"2025-10-20T13:02:13+00:00\",\"description\":\"Rese\u00f1a\",\"breadcrumb\":{\"@id\":\"https:\\\/\\\/hojassueltas.es\\\/?p=11307#breadcrumb\"},\"inLanguage\":\"es\",\"potentialAction\":[{\"@type\":\"ReadAction\",\"target\":[\"https:\\\/\\\/hojassueltas.es\\\/?p=11307\"]}]},{\"@type\":\"ImageObject\",\"inLanguage\":\"es\",\"@id\":\"https:\\\/\\\/hojassueltas.es\\\/?p=11307#primaryimage\",\"url\":\"https:\\\/\\\/hojassueltas.es\\\/wp-content\\\/uploads\\\/2024\\\/05\\\/Los-domingos-LE.png\",\"contentUrl\":\"https:\\\/\\\/hojassueltas.es\\\/wp-content\\\/uploads\\\/2024\\\/05\\\/Los-domingos-LE.png\",\"width\":550,\"height\":550},{\"@type\":\"BreadcrumbList\",\"@id\":\"https:\\\/\\\/hojassueltas.es\\\/?p=11307#breadcrumb\",\"itemListElement\":[{\"@type\":\"ListItem\",\"position\":1,\"name\":\"Portada\",\"item\":\"https:\\\/\\\/hojassueltas.es\\\/\"},{\"@type\":\"ListItem\",\"position\":2,\"name\":\"Los domingos de Jean D\u00e9zert. (Jean de La Ville de Mirmont)\"}]},{\"@type\":\"WebSite\",\"@id\":\"https:\\\/\\\/hojassueltas.es\\\/#website\",\"url\":\"https:\\\/\\\/hojassueltas.es\\\/\",\"name\":\"HojasSueltas.es\",\"description\":\"GRANADA - Peri\u00f3dico Cultural\",\"publisher\":{\"@id\":\"https:\\\/\\\/hojassueltas.es\\\/#organization\"},\"alternateName\":\"H.S. Periodico Cultural\",\"potentialAction\":[{\"@type\":\"SearchAction\",\"target\":{\"@type\":\"EntryPoint\",\"urlTemplate\":\"https:\\\/\\\/hojassueltas.es\\\/?s={search_term_string}\"},\"query-input\":{\"@type\":\"PropertyValueSpecification\",\"valueRequired\":true,\"valueName\":\"search_term_string\"}}],\"inLanguage\":\"es\"},{\"@type\":\"Organization\",\"@id\":\"https:\\\/\\\/hojassueltas.es\\\/#organization\",\"name\":\"HOJAS SUELTAS - Peri\u00f3dico Cultural\",\"alternateName\":\"HS - HOJAS SUELTAS Peri\u00f3dico Cultural\",\"url\":\"https:\\\/\\\/hojassueltas.es\\\/\",\"logo\":{\"@type\":\"ImageObject\",\"inLanguage\":\"es\",\"@id\":\"https:\\\/\\\/hojassueltas.es\\\/#\\\/schema\\\/logo\\\/image\\\/\",\"url\":\"https:\\\/\\\/hojassueltas.es\\\/wp-content\\\/uploads\\\/2025\\\/08\\\/Icono-HS_2.png\",\"contentUrl\":\"https:\\\/\\\/hojassueltas.es\\\/wp-content\\\/uploads\\\/2025\\\/08\\\/Icono-HS_2.png\",\"width\":500,\"height\":500,\"caption\":\"HOJAS SUELTAS - Peri\u00f3dico Cultural\"},\"image\":{\"@id\":\"https:\\\/\\\/hojassueltas.es\\\/#\\\/schema\\\/logo\\\/image\\\/\"},\"sameAs\":[\"https:\\\/\\\/x.com\\\/HOJASSUELTAS22\"]},{\"@type\":\"Person\",\"@id\":\"https:\\\/\\\/hojassueltas.es\\\/#\\\/schema\\\/person\\\/0fd366c26625fc84c65a74d3da2c6d17\",\"name\":\"Jos\u00e9 Luis Alvarado\",\"image\":{\"@type\":\"ImageObject\",\"inLanguage\":\"es\",\"@id\":\"https:\\\/\\\/hojassueltas.es\\\/wp-content\\\/uploads\\\/2023\\\/04\\\/jefe-96x96.png\",\"url\":\"https:\\\/\\\/hojassueltas.es\\\/wp-content\\\/uploads\\\/2023\\\/04\\\/jefe-96x96.png\",\"contentUrl\":\"https:\\\/\\\/hojassueltas.es\\\/wp-content\\\/uploads\\\/2023\\\/04\\\/jefe-96x96.png\",\"caption\":\"Jos\u00e9 Luis Alvarado\"},\"description\":\"Dijo el sabio griego que nada es comunicable por el arte de la escritura; tras apurar la copa de seca cicuta, su disc\u00edpulo dilecto lo traicion\u00f3 y acaso lo perfeccion\u00f3 transmitiendo por escrito sus ir\u00f3nicos conocimientos. Como antes hiciera Montaigne, pienso que la obra de un autor se prolonga y modifica cada vez que se escribe sobre ella. La memoria, que fue oral y minoritaria, ahora se multiplica con cada palabra que integra y justifica el continuo universo, tambi\u00e9n llamado la Red.\",\"url\":\"https:\\\/\\\/hojassueltas.es\\\/?author=38\"}]}<\/script>\n<!-- \/ Yoast SEO plugin. -->","yoast_head_json":{"title":"Los domingos de Jean D\u00e9zert. (Jean de La Ville de Mirmont) | HOJAS SUELTAS Peri\u00f3dico Cultural","description":"Rese\u00f1a","robots":{"index":"index","follow":"follow","max-snippet":"max-snippet:-1","max-image-preview":"max-image-preview:large","max-video-preview":"max-video-preview:-1"},"canonical":"https:\/\/hojassueltas.es\/?p=11307","og_locale":"es_ES","og_type":"article","og_title":"Los domingos de Jean D\u00e9zert. (Jean de La Ville de Mirmont) | HOJAS SUELTAS Peri\u00f3dico Cultural","og_description":"Rese\u00f1a","og_url":"https:\/\/hojassueltas.es\/?p=11307","og_site_name":"HOJAS SUELTAS Peri\u00f3dico Cultural","article_published_time":"2024-05-27T22:00:43+00:00","article_modified_time":"2025-10-20T13:02:13+00:00","og_image":[{"width":550,"height":550,"url":"https:\/\/hojassueltas.es\/wp-content\/uploads\/2024\/05\/Los-domingos-LE.png","type":"image\/png"}],"author":"Jos\u00e9 Luis Alvarado","twitter_card":"summary_large_image","twitter_creator":"@HOJASSUELTAS22","twitter_site":"@HOJASSUELTAS22","twitter_misc":{"Escrito por":"Jos\u00e9 Luis Alvarado","Tiempo de lectura":"5 minutos"},"schema":{"@context":"https:\/\/schema.org","@graph":[{"@type":["Article","BlogPosting"],"@id":"https:\/\/hojassueltas.es\/?p=11307#article","isPartOf":{"@id":"https:\/\/hojassueltas.es\/?p=11307"},"author":{"name":"Jos\u00e9 Luis Alvarado","@id":"https:\/\/hojassueltas.es\/#\/schema\/person\/0fd366c26625fc84c65a74d3da2c6d17"},"headline":"Los domingos de Jean D\u00e9zert. (Jean de La Ville de Mirmont)","datePublished":"2024-05-27T22:00:43+00:00","dateModified":"2025-10-20T13:02:13+00:00","mainEntityOfPage":{"@id":"https:\/\/hojassueltas.es\/?p=11307"},"wordCount":1137,"commentCount":0,"publisher":{"@id":"https:\/\/hojassueltas.es\/#organization"},"image":{"@id":"https:\/\/hojassueltas.es\/?p=11307#primaryimage"},"thumbnailUrl":"https:\/\/hojassueltas.es\/wp-content\/uploads\/2024\/05\/Los-domingos-LE.png","keywords":["Jos\u00e9 Luis Alvarado"],"articleSection":["POR QU\u00c9 LEER...","RESE\u00d1AS"],"inLanguage":"es","potentialAction":[{"@type":"CommentAction","name":"Comment","target":["https:\/\/hojassueltas.es\/?p=11307#respond"]}]},{"@type":"WebPage","@id":"https:\/\/hojassueltas.es\/?p=11307","url":"https:\/\/hojassueltas.es\/?p=11307","name":"Los domingos de Jean D\u00e9zert. (Jean de La Ville de Mirmont) | HOJAS SUELTAS Peri\u00f3dico Cultural","isPartOf":{"@id":"https:\/\/hojassueltas.es\/#website"},"primaryImageOfPage":{"@id":"https:\/\/hojassueltas.es\/?p=11307#primaryimage"},"image":{"@id":"https:\/\/hojassueltas.es\/?p=11307#primaryimage"},"thumbnailUrl":"https:\/\/hojassueltas.es\/wp-content\/uploads\/2024\/05\/Los-domingos-LE.png","datePublished":"2024-05-27T22:00:43+00:00","dateModified":"2025-10-20T13:02:13+00:00","description":"Rese\u00f1a","breadcrumb":{"@id":"https:\/\/hojassueltas.es\/?p=11307#breadcrumb"},"inLanguage":"es","potentialAction":[{"@type":"ReadAction","target":["https:\/\/hojassueltas.es\/?p=11307"]}]},{"@type":"ImageObject","inLanguage":"es","@id":"https:\/\/hojassueltas.es\/?p=11307#primaryimage","url":"https:\/\/hojassueltas.es\/wp-content\/uploads\/2024\/05\/Los-domingos-LE.png","contentUrl":"https:\/\/hojassueltas.es\/wp-content\/uploads\/2024\/05\/Los-domingos-LE.png","width":550,"height":550},{"@type":"BreadcrumbList","@id":"https:\/\/hojassueltas.es\/?p=11307#breadcrumb","itemListElement":[{"@type":"ListItem","position":1,"name":"Portada","item":"https:\/\/hojassueltas.es\/"},{"@type":"ListItem","position":2,"name":"Los domingos de Jean D\u00e9zert. (Jean de La Ville de Mirmont)"}]},{"@type":"WebSite","@id":"https:\/\/hojassueltas.es\/#website","url":"https:\/\/hojassueltas.es\/","name":"HojasSueltas.es","description":"GRANADA - Peri\u00f3dico Cultural","publisher":{"@id":"https:\/\/hojassueltas.es\/#organization"},"alternateName":"H.S. Periodico Cultural","potentialAction":[{"@type":"SearchAction","target":{"@type":"EntryPoint","urlTemplate":"https:\/\/hojassueltas.es\/?s={search_term_string}"},"query-input":{"@type":"PropertyValueSpecification","valueRequired":true,"valueName":"search_term_string"}}],"inLanguage":"es"},{"@type":"Organization","@id":"https:\/\/hojassueltas.es\/#organization","name":"HOJAS SUELTAS - Peri\u00f3dico Cultural","alternateName":"HS - HOJAS SUELTAS Peri\u00f3dico Cultural","url":"https:\/\/hojassueltas.es\/","logo":{"@type":"ImageObject","inLanguage":"es","@id":"https:\/\/hojassueltas.es\/#\/schema\/logo\/image\/","url":"https:\/\/hojassueltas.es\/wp-content\/uploads\/2025\/08\/Icono-HS_2.png","contentUrl":"https:\/\/hojassueltas.es\/wp-content\/uploads\/2025\/08\/Icono-HS_2.png","width":500,"height":500,"caption":"HOJAS SUELTAS - Peri\u00f3dico Cultural"},"image":{"@id":"https:\/\/hojassueltas.es\/#\/schema\/logo\/image\/"},"sameAs":["https:\/\/x.com\/HOJASSUELTAS22"]},{"@type":"Person","@id":"https:\/\/hojassueltas.es\/#\/schema\/person\/0fd366c26625fc84c65a74d3da2c6d17","name":"Jos\u00e9 Luis Alvarado","image":{"@type":"ImageObject","inLanguage":"es","@id":"https:\/\/hojassueltas.es\/wp-content\/uploads\/2023\/04\/jefe-96x96.png","url":"https:\/\/hojassueltas.es\/wp-content\/uploads\/2023\/04\/jefe-96x96.png","contentUrl":"https:\/\/hojassueltas.es\/wp-content\/uploads\/2023\/04\/jefe-96x96.png","caption":"Jos\u00e9 Luis Alvarado"},"description":"Dijo el sabio griego que nada es comunicable por el arte de la escritura; tras apurar la copa de seca cicuta, su disc\u00edpulo dilecto lo traicion\u00f3 y acaso lo perfeccion\u00f3 transmitiendo por escrito sus ir\u00f3nicos conocimientos. Como antes hiciera Montaigne, pienso que la obra de un autor se prolonga y modifica cada vez que se escribe sobre ella. La memoria, que fue oral y minoritaria, ahora se multiplica con cada palabra que integra y justifica el continuo universo, tambi\u00e9n llamado la Red.","url":"https:\/\/hojassueltas.es\/?author=38"}]}},"_links":{"self":[{"href":"https:\/\/hojassueltas.es\/index.php?rest_route=\/wp\/v2\/posts\/11307","targetHints":{"allow":["GET"]}}],"collection":[{"href":"https:\/\/hojassueltas.es\/index.php?rest_route=\/wp\/v2\/posts"}],"about":[{"href":"https:\/\/hojassueltas.es\/index.php?rest_route=\/wp\/v2\/types\/post"}],"author":[{"embeddable":true,"href":"https:\/\/hojassueltas.es\/index.php?rest_route=\/wp\/v2\/users\/38"}],"replies":[{"embeddable":true,"href":"https:\/\/hojassueltas.es\/index.php?rest_route=%2Fwp%2Fv2%2Fcomments&post=11307"}],"version-history":[{"count":7,"href":"https:\/\/hojassueltas.es\/index.php?rest_route=\/wp\/v2\/posts\/11307\/revisions"}],"predecessor-version":[{"id":12743,"href":"https:\/\/hojassueltas.es\/index.php?rest_route=\/wp\/v2\/posts\/11307\/revisions\/12743"}],"wp:featuredmedia":[{"embeddable":true,"href":"https:\/\/hojassueltas.es\/index.php?rest_route=\/wp\/v2\/media\/11308"}],"wp:attachment":[{"href":"https:\/\/hojassueltas.es\/index.php?rest_route=%2Fwp%2Fv2%2Fmedia&parent=11307"}],"wp:term":[{"taxonomy":"category","embeddable":true,"href":"https:\/\/hojassueltas.es\/index.php?rest_route=%2Fwp%2Fv2%2Fcategories&post=11307"},{"taxonomy":"post_tag","embeddable":true,"href":"https:\/\/hojassueltas.es\/index.php?rest_route=%2Fwp%2Fv2%2Ftags&post=11307"}],"curies":[{"name":"wp","href":"https:\/\/api.w.org\/{rel}","templated":true}]}}