{"id":10903,"date":"2024-05-07T00:00:09","date_gmt":"2024-05-06T22:00:09","guid":{"rendered":"https:\/\/hojassueltas.es\/?p=10903"},"modified":"2025-08-26T09:08:42","modified_gmt":"2025-08-26T08:08:42","slug":"festival-de-novela-negra-las-casas-ahorcadas-xi-edicion","status":"publish","type":"post","link":"https:\/\/hojassueltas.es\/?p=10903","title":{"rendered":"Festival de Novela Negra \u2018Las Casas Ahorcadas\u2019 XI edici\u00f3n"},"content":{"rendered":"<p><strong>El Festival Internacional de Novela Negra \u201cLas Casas Ahorcadas\u201d de Cuenca promete misterio y cultura en su XI Rdici\u00f3n.<\/strong><\/p>\n<p style=\"text-align: justify;\">Este mes de mayo, la hist\u00f3rica ciudad de Cuenca se viste de suspense y misterio para acoger la und\u00e9cima edici\u00f3n del Festival Internacional de Novela Negra \u201cLas Casas Ahorcadas\u201d. <strong>Desde el 8 hasta el 11 de mayo<\/strong>, aficionados al g\u00e9nero negro podr\u00e1n disfrutar de una agenda repleta de actividades que combinan la literatura, la historia y la aventura en un entorno inigualable.<\/p>\n<p style=\"text-align: justify;\">Una de las grandes novedades de este a\u00f1o es el juego de pistas \u00abSe ha escondido un crimen\u00bb, una propuesta interactiva que permite a los participantes convertirse en detectives por un d\u00eda. Los interesados pueden inscribirse a trav\u00e9s de la p\u00e1gina web del festival o escaneando el c\u00f3digo QR que se encuentra en tr\u00edpticos distribuidos por toda la ciudad. Esta actividad, que tendr\u00e1 lugar la ma\u00f1ana del s\u00e1bado 11, ha sido cuidadosamente dise\u00f1ada por el experto local Luis Enrique D\u00edaz. El afortunado ganador ser\u00e1 premiado con un lote de libros, incentivando as\u00ed la lectura y el an\u00e1lisis deductivo.<\/p>\n<p style=\"text-align: justify;\">La jornada continuar\u00e1 con una visita guiada a cargo del cronista oficial de Cuenca, Miguel Romero, quien desvelar\u00e1 los secretos m\u00e1s oscuros y las leyendas que pueblan las calles de la ciudad. A continuaci\u00f3n, a las 13:00, se celebrar\u00e1 un encuentro internacional con el aclamado escritor J.K. Franko, de ascendencia cubana, que ofrecer\u00e1 su visi\u00f3n sobre la creaci\u00f3n literaria y compartir\u00e1 experiencias sobre su proceso creativo.<\/p>\n<p style=\"text-align: justify;\">La tarde del s\u00e1bado promete ser igualmente emocionante. En el emblem\u00e1tico Parador de Cuenca, los novelistas Jer\u00f3nimo Tristante y Rosa Ribas discutir\u00e1n sobre sus series de novelas hist\u00f3ricas y contempor\u00e1neas, proporcionando una visi\u00f3n del vasto universo que abarca el g\u00e9nero negro. Posteriormente, Lorenzo Silva y J.K. Franko revelar\u00e1n t\u00e9cnicas y secretos para mantener el ritmo en sus thrillers, un aspecto clave para la captaci\u00f3n y mantenimiento del inter\u00e9s del lector.<\/p>\n<p style=\"text-align: justify;\">El festival concluir\u00e1 con la entrega de premios del juego de pistas y el reconocimiento a Arantza Portabales, quien recibir\u00e1 el prestigioso Tormo Negro Masfarn\u00e9 2023. Para poner el broche final a este encuentro literario, el dueto conquense de m\u00fasica medieval Sine Remedium deleitar\u00e1 al p\u00fablico con una actuaci\u00f3n que promete transportar a los asistentes a otra \u00e9poca.<\/p>\n<p style=\"text-align: justify;\">\u201cLas Casas Ahorcadas\u201d no solo celebra el g\u00e9nero negro; tambi\u00e9n refuerza el v\u00ednculo entre la literatura y el patrimonio cultural de Cuenca, atrayendo a visitantes de todas partes que buscan sumergirse en una experiencia donde cada rinc\u00f3n cuenta una historia. Sin duda, la und\u00e9cima edici\u00f3n del festival est\u00e1 destinada a ser un hito en el calendario cultural de la ciudad.<\/p>\n<p><span style=\"font-family: impact, sans-serif;\">\u00a9 Redacci\u00f3n<\/span><\/p>\n","protected":false},"excerpt":{"rendered":"<p>El Festival Internacional de Novela Negra \u201cLas Casas Ahorcadas\u201d de Cuenca promete misterio y cultura en su XI Rdici\u00f3n. Este mes de mayo, la hist\u00f3rica ciudad de Cuenca se viste de suspense y misterio para acoger la und\u00e9cima edici\u00f3n del Festival Internacional de Novela Negra \u201cLas Casas Ahorcadas\u201d. Desde el 8 hasta el 11 de [&hellip;]<\/p>\n","protected":false},"author":1,"featured_media":10904,"comment_status":"open","ping_status":"closed","sticky":false,"template":"","format":"standard","meta":{"footnotes":""},"categories":[32],"tags":[1447,1446,271,520],"class_list":{"0":"post-10903","1":"post","2":"type-post","3":"status-publish","4":"format-standard","5":"has-post-thumbnail","7":"category-panorama-cultural","8":"tag-arantza-portabales","9":"tag-j-k-franko","10":"tag-lorenzo-silva","11":"tag-rosa-ribas"},"yoast_head":"<!-- This site is optimized with the Yoast SEO plugin v27.5 - https:\/\/yoast.com\/product\/yoast-seo-wordpress\/ -->\n<title>Festival de Novela Negra \u2018Las Casas Ahorcadas\u2019 XI edici\u00f3n | HOJAS SUELTAS Peri\u00f3dico Cultural<\/title>\n<meta name=\"description\" content=\"Und\u00e9cima edici\u00f3n del Festival Internacional de Novela Negra \u201cLas Casas Ahorcadas\u201d. Desde el 8 hasta el 11 de mayo, aficionados al g\u00e9nero negro\" \/>\n<meta name=\"robots\" content=\"index, follow, max-snippet:-1, max-image-preview:large, max-video-preview:-1\" \/>\n<link rel=\"canonical\" href=\"https:\/\/hojassueltas.es\/?p=10903\" \/>\n<meta property=\"og:locale\" content=\"es_ES\" \/>\n<meta property=\"og:type\" content=\"article\" \/>\n<meta property=\"og:title\" content=\"Festival de Novela Negra \u2018Las Casas Ahorcadas\u2019 XI edici\u00f3n | HOJAS SUELTAS Peri\u00f3dico Cultural\" \/>\n<meta property=\"og:description\" content=\"Und\u00e9cima edici\u00f3n del Festival Internacional de Novela Negra \u201cLas Casas Ahorcadas\u201d. Desde el 8 hasta el 11 de mayo, aficionados al g\u00e9nero negro\" \/>\n<meta property=\"og:url\" content=\"https:\/\/hojassueltas.es\/?p=10903\" \/>\n<meta property=\"og:site_name\" content=\"HOJAS SUELTAS Peri\u00f3dico Cultural\" \/>\n<meta property=\"article:published_time\" content=\"2024-05-06T22:00:09+00:00\" \/>\n<meta property=\"article:modified_time\" content=\"2025-08-26T08:08:42+00:00\" \/>\n<meta property=\"og:image\" content=\"https:\/\/hojassueltas.es\/wp-content\/uploads\/2024\/05\/LCA_HS.png\" \/>\n\t<meta property=\"og:image:width\" content=\"550\" \/>\n\t<meta property=\"og:image:height\" content=\"550\" \/>\n\t<meta property=\"og:image:type\" content=\"image\/png\" \/>\n<meta name=\"author\" content=\"Redacci\u00f3n\" \/>\n<meta name=\"twitter:card\" content=\"summary_large_image\" \/>\n<meta name=\"twitter:creator\" content=\"@HOJASSUELTAS22\" \/>\n<meta name=\"twitter:site\" content=\"@HOJASSUELTAS22\" \/>\n<meta name=\"twitter:label1\" content=\"Escrito por\" \/>\n\t<meta name=\"twitter:data1\" content=\"Redacci\u00f3n\" \/>\n\t<meta name=\"twitter:label2\" content=\"Tiempo de lectura\" \/>\n\t<meta name=\"twitter:data2\" content=\"3 minutos\" \/>\n<script type=\"application\/ld+json\" class=\"yoast-schema-graph\">{\"@context\":\"https:\\\/\\\/schema.org\",\"@graph\":[{\"@type\":[\"Article\",\"BlogPosting\"],\"@id\":\"https:\\\/\\\/hojassueltas.es\\\/?p=10903#article\",\"isPartOf\":{\"@id\":\"https:\\\/\\\/hojassueltas.es\\\/?p=10903\"},\"author\":{\"name\":\"Redacci\u00f3n\",\"@id\":\"https:\\\/\\\/hojassueltas.es\\\/#\\\/schema\\\/person\\\/f232bbdb834c61c90aff2245daa401c0\"},\"headline\":\"Festival de Novela Negra \u2018Las Casas Ahorcadas\u2019 XI edici\u00f3n\",\"datePublished\":\"2024-05-06T22:00:09+00:00\",\"dateModified\":\"2025-08-26T08:08:42+00:00\",\"mainEntityOfPage\":{\"@id\":\"https:\\\/\\\/hojassueltas.es\\\/?p=10903\"},\"wordCount\":484,\"commentCount\":0,\"publisher\":{\"@id\":\"https:\\\/\\\/hojassueltas.es\\\/#organization\"},\"image\":{\"@id\":\"https:\\\/\\\/hojassueltas.es\\\/?p=10903#primaryimage\"},\"thumbnailUrl\":\"https:\\\/\\\/hojassueltas.es\\\/wp-content\\\/uploads\\\/2024\\\/05\\\/LCA_HS.png\",\"keywords\":[\"Arantza Portabales\",\"J.K. Franko\",\"Lorenzo Silva\",\"Rosa Ribas\"],\"articleSection\":[\"PANORAMA CULTURAL\"],\"inLanguage\":\"es\",\"potentialAction\":[{\"@type\":\"CommentAction\",\"name\":\"Comment\",\"target\":[\"https:\\\/\\\/hojassueltas.es\\\/?p=10903#respond\"]}]},{\"@type\":\"WebPage\",\"@id\":\"https:\\\/\\\/hojassueltas.es\\\/?p=10903\",\"url\":\"https:\\\/\\\/hojassueltas.es\\\/?p=10903\",\"name\":\"Festival de Novela Negra \u2018Las Casas Ahorcadas\u2019 XI edici\u00f3n | HOJAS SUELTAS Peri\u00f3dico Cultural\",\"isPartOf\":{\"@id\":\"https:\\\/\\\/hojassueltas.es\\\/#website\"},\"primaryImageOfPage\":{\"@id\":\"https:\\\/\\\/hojassueltas.es\\\/?p=10903#primaryimage\"},\"image\":{\"@id\":\"https:\\\/\\\/hojassueltas.es\\\/?p=10903#primaryimage\"},\"thumbnailUrl\":\"https:\\\/\\\/hojassueltas.es\\\/wp-content\\\/uploads\\\/2024\\\/05\\\/LCA_HS.png\",\"datePublished\":\"2024-05-06T22:00:09+00:00\",\"dateModified\":\"2025-08-26T08:08:42+00:00\",\"description\":\"Und\u00e9cima edici\u00f3n del Festival Internacional de Novela Negra \u201cLas Casas Ahorcadas\u201d. Desde el 8 hasta el 11 de mayo, aficionados al g\u00e9nero negro\",\"breadcrumb\":{\"@id\":\"https:\\\/\\\/hojassueltas.es\\\/?p=10903#breadcrumb\"},\"inLanguage\":\"es\",\"potentialAction\":[{\"@type\":\"ReadAction\",\"target\":[\"https:\\\/\\\/hojassueltas.es\\\/?p=10903\"]}]},{\"@type\":\"ImageObject\",\"inLanguage\":\"es\",\"@id\":\"https:\\\/\\\/hojassueltas.es\\\/?p=10903#primaryimage\",\"url\":\"https:\\\/\\\/hojassueltas.es\\\/wp-content\\\/uploads\\\/2024\\\/05\\\/LCA_HS.png\",\"contentUrl\":\"https:\\\/\\\/hojassueltas.es\\\/wp-content\\\/uploads\\\/2024\\\/05\\\/LCA_HS.png\",\"width\":550,\"height\":550},{\"@type\":\"BreadcrumbList\",\"@id\":\"https:\\\/\\\/hojassueltas.es\\\/?p=10903#breadcrumb\",\"itemListElement\":[{\"@type\":\"ListItem\",\"position\":1,\"name\":\"Portada\",\"item\":\"https:\\\/\\\/hojassueltas.es\\\/\"},{\"@type\":\"ListItem\",\"position\":2,\"name\":\"Festival de Novela Negra \u2018Las Casas Ahorcadas\u2019 XI edici\u00f3n\"}]},{\"@type\":\"WebSite\",\"@id\":\"https:\\\/\\\/hojassueltas.es\\\/#website\",\"url\":\"https:\\\/\\\/hojassueltas.es\\\/\",\"name\":\"HojasSueltas.es\",\"description\":\"GRANADA - Peri\u00f3dico Cultural\",\"publisher\":{\"@id\":\"https:\\\/\\\/hojassueltas.es\\\/#organization\"},\"alternateName\":\"H.S. Periodico Cultural\",\"potentialAction\":[{\"@type\":\"SearchAction\",\"target\":{\"@type\":\"EntryPoint\",\"urlTemplate\":\"https:\\\/\\\/hojassueltas.es\\\/?s={search_term_string}\"},\"query-input\":{\"@type\":\"PropertyValueSpecification\",\"valueRequired\":true,\"valueName\":\"search_term_string\"}}],\"inLanguage\":\"es\"},{\"@type\":\"Organization\",\"@id\":\"https:\\\/\\\/hojassueltas.es\\\/#organization\",\"name\":\"HOJAS SUELTAS - Peri\u00f3dico Cultural\",\"alternateName\":\"HS - HOJAS SUELTAS Peri\u00f3dico Cultural\",\"url\":\"https:\\\/\\\/hojassueltas.es\\\/\",\"logo\":{\"@type\":\"ImageObject\",\"inLanguage\":\"es\",\"@id\":\"https:\\\/\\\/hojassueltas.es\\\/#\\\/schema\\\/logo\\\/image\\\/\",\"url\":\"https:\\\/\\\/hojassueltas.es\\\/wp-content\\\/uploads\\\/2025\\\/08\\\/Icono-HS_2.png\",\"contentUrl\":\"https:\\\/\\\/hojassueltas.es\\\/wp-content\\\/uploads\\\/2025\\\/08\\\/Icono-HS_2.png\",\"width\":500,\"height\":500,\"caption\":\"HOJAS SUELTAS - Peri\u00f3dico Cultural\"},\"image\":{\"@id\":\"https:\\\/\\\/hojassueltas.es\\\/#\\\/schema\\\/logo\\\/image\\\/\"},\"sameAs\":[\"https:\\\/\\\/x.com\\\/HOJASSUELTAS22\"]},{\"@type\":\"Person\",\"@id\":\"https:\\\/\\\/hojassueltas.es\\\/#\\\/schema\\\/person\\\/f232bbdb834c61c90aff2245daa401c0\",\"name\":\"Redacci\u00f3n\",\"image\":{\"@type\":\"ImageObject\",\"inLanguage\":\"es\",\"@id\":\"https:\\\/\\\/hojassueltas.es\\\/wp-content\\\/uploads\\\/2026\\\/02\\\/Redaccion-2-96x96.png\",\"url\":\"https:\\\/\\\/hojassueltas.es\\\/wp-content\\\/uploads\\\/2026\\\/02\\\/Redaccion-2-96x96.png\",\"contentUrl\":\"https:\\\/\\\/hojassueltas.es\\\/wp-content\\\/uploads\\\/2026\\\/02\\\/Redaccion-2-96x96.png\",\"caption\":\"Redacci\u00f3n\"},\"description\":\"Redacci\u00f3n de HOJAS SUELTAS\",\"url\":\"https:\\\/\\\/hojassueltas.es\\\/?author=1\"}]}<\/script>\n<!-- \/ Yoast SEO plugin. -->","yoast_head_json":{"title":"Festival de Novela Negra \u2018Las Casas Ahorcadas\u2019 XI edici\u00f3n | HOJAS SUELTAS Peri\u00f3dico Cultural","description":"Und\u00e9cima edici\u00f3n del Festival Internacional de Novela Negra \u201cLas Casas Ahorcadas\u201d. Desde el 8 hasta el 11 de mayo, aficionados al g\u00e9nero negro","robots":{"index":"index","follow":"follow","max-snippet":"max-snippet:-1","max-image-preview":"max-image-preview:large","max-video-preview":"max-video-preview:-1"},"canonical":"https:\/\/hojassueltas.es\/?p=10903","og_locale":"es_ES","og_type":"article","og_title":"Festival de Novela Negra \u2018Las Casas Ahorcadas\u2019 XI edici\u00f3n | HOJAS SUELTAS Peri\u00f3dico Cultural","og_description":"Und\u00e9cima edici\u00f3n del Festival Internacional de Novela Negra \u201cLas Casas Ahorcadas\u201d. Desde el 8 hasta el 11 de mayo, aficionados al g\u00e9nero negro","og_url":"https:\/\/hojassueltas.es\/?p=10903","og_site_name":"HOJAS SUELTAS Peri\u00f3dico Cultural","article_published_time":"2024-05-06T22:00:09+00:00","article_modified_time":"2025-08-26T08:08:42+00:00","og_image":[{"width":550,"height":550,"url":"https:\/\/hojassueltas.es\/wp-content\/uploads\/2024\/05\/LCA_HS.png","type":"image\/png"}],"author":"Redacci\u00f3n","twitter_card":"summary_large_image","twitter_creator":"@HOJASSUELTAS22","twitter_site":"@HOJASSUELTAS22","twitter_misc":{"Escrito por":"Redacci\u00f3n","Tiempo de lectura":"3 minutos"},"schema":{"@context":"https:\/\/schema.org","@graph":[{"@type":["Article","BlogPosting"],"@id":"https:\/\/hojassueltas.es\/?p=10903#article","isPartOf":{"@id":"https:\/\/hojassueltas.es\/?p=10903"},"author":{"name":"Redacci\u00f3n","@id":"https:\/\/hojassueltas.es\/#\/schema\/person\/f232bbdb834c61c90aff2245daa401c0"},"headline":"Festival de Novela Negra \u2018Las Casas Ahorcadas\u2019 XI edici\u00f3n","datePublished":"2024-05-06T22:00:09+00:00","dateModified":"2025-08-26T08:08:42+00:00","mainEntityOfPage":{"@id":"https:\/\/hojassueltas.es\/?p=10903"},"wordCount":484,"commentCount":0,"publisher":{"@id":"https:\/\/hojassueltas.es\/#organization"},"image":{"@id":"https:\/\/hojassueltas.es\/?p=10903#primaryimage"},"thumbnailUrl":"https:\/\/hojassueltas.es\/wp-content\/uploads\/2024\/05\/LCA_HS.png","keywords":["Arantza Portabales","J.K. Franko","Lorenzo Silva","Rosa Ribas"],"articleSection":["PANORAMA CULTURAL"],"inLanguage":"es","potentialAction":[{"@type":"CommentAction","name":"Comment","target":["https:\/\/hojassueltas.es\/?p=10903#respond"]}]},{"@type":"WebPage","@id":"https:\/\/hojassueltas.es\/?p=10903","url":"https:\/\/hojassueltas.es\/?p=10903","name":"Festival de Novela Negra \u2018Las Casas Ahorcadas\u2019 XI edici\u00f3n | HOJAS SUELTAS Peri\u00f3dico Cultural","isPartOf":{"@id":"https:\/\/hojassueltas.es\/#website"},"primaryImageOfPage":{"@id":"https:\/\/hojassueltas.es\/?p=10903#primaryimage"},"image":{"@id":"https:\/\/hojassueltas.es\/?p=10903#primaryimage"},"thumbnailUrl":"https:\/\/hojassueltas.es\/wp-content\/uploads\/2024\/05\/LCA_HS.png","datePublished":"2024-05-06T22:00:09+00:00","dateModified":"2025-08-26T08:08:42+00:00","description":"Und\u00e9cima edici\u00f3n del Festival Internacional de Novela Negra \u201cLas Casas Ahorcadas\u201d. Desde el 8 hasta el 11 de mayo, aficionados al g\u00e9nero negro","breadcrumb":{"@id":"https:\/\/hojassueltas.es\/?p=10903#breadcrumb"},"inLanguage":"es","potentialAction":[{"@type":"ReadAction","target":["https:\/\/hojassueltas.es\/?p=10903"]}]},{"@type":"ImageObject","inLanguage":"es","@id":"https:\/\/hojassueltas.es\/?p=10903#primaryimage","url":"https:\/\/hojassueltas.es\/wp-content\/uploads\/2024\/05\/LCA_HS.png","contentUrl":"https:\/\/hojassueltas.es\/wp-content\/uploads\/2024\/05\/LCA_HS.png","width":550,"height":550},{"@type":"BreadcrumbList","@id":"https:\/\/hojassueltas.es\/?p=10903#breadcrumb","itemListElement":[{"@type":"ListItem","position":1,"name":"Portada","item":"https:\/\/hojassueltas.es\/"},{"@type":"ListItem","position":2,"name":"Festival de Novela Negra \u2018Las Casas Ahorcadas\u2019 XI edici\u00f3n"}]},{"@type":"WebSite","@id":"https:\/\/hojassueltas.es\/#website","url":"https:\/\/hojassueltas.es\/","name":"HojasSueltas.es","description":"GRANADA - Peri\u00f3dico Cultural","publisher":{"@id":"https:\/\/hojassueltas.es\/#organization"},"alternateName":"H.S. Periodico Cultural","potentialAction":[{"@type":"SearchAction","target":{"@type":"EntryPoint","urlTemplate":"https:\/\/hojassueltas.es\/?s={search_term_string}"},"query-input":{"@type":"PropertyValueSpecification","valueRequired":true,"valueName":"search_term_string"}}],"inLanguage":"es"},{"@type":"Organization","@id":"https:\/\/hojassueltas.es\/#organization","name":"HOJAS SUELTAS - Peri\u00f3dico Cultural","alternateName":"HS - HOJAS SUELTAS Peri\u00f3dico Cultural","url":"https:\/\/hojassueltas.es\/","logo":{"@type":"ImageObject","inLanguage":"es","@id":"https:\/\/hojassueltas.es\/#\/schema\/logo\/image\/","url":"https:\/\/hojassueltas.es\/wp-content\/uploads\/2025\/08\/Icono-HS_2.png","contentUrl":"https:\/\/hojassueltas.es\/wp-content\/uploads\/2025\/08\/Icono-HS_2.png","width":500,"height":500,"caption":"HOJAS SUELTAS - Peri\u00f3dico Cultural"},"image":{"@id":"https:\/\/hojassueltas.es\/#\/schema\/logo\/image\/"},"sameAs":["https:\/\/x.com\/HOJASSUELTAS22"]},{"@type":"Person","@id":"https:\/\/hojassueltas.es\/#\/schema\/person\/f232bbdb834c61c90aff2245daa401c0","name":"Redacci\u00f3n","image":{"@type":"ImageObject","inLanguage":"es","@id":"https:\/\/hojassueltas.es\/wp-content\/uploads\/2026\/02\/Redaccion-2-96x96.png","url":"https:\/\/hojassueltas.es\/wp-content\/uploads\/2026\/02\/Redaccion-2-96x96.png","contentUrl":"https:\/\/hojassueltas.es\/wp-content\/uploads\/2026\/02\/Redaccion-2-96x96.png","caption":"Redacci\u00f3n"},"description":"Redacci\u00f3n de HOJAS SUELTAS","url":"https:\/\/hojassueltas.es\/?author=1"}]}},"_links":{"self":[{"href":"https:\/\/hojassueltas.es\/index.php?rest_route=\/wp\/v2\/posts\/10903","targetHints":{"allow":["GET"]}}],"collection":[{"href":"https:\/\/hojassueltas.es\/index.php?rest_route=\/wp\/v2\/posts"}],"about":[{"href":"https:\/\/hojassueltas.es\/index.php?rest_route=\/wp\/v2\/types\/post"}],"author":[{"embeddable":true,"href":"https:\/\/hojassueltas.es\/index.php?rest_route=\/wp\/v2\/users\/1"}],"replies":[{"embeddable":true,"href":"https:\/\/hojassueltas.es\/index.php?rest_route=%2Fwp%2Fv2%2Fcomments&post=10903"}],"version-history":[{"count":1,"href":"https:\/\/hojassueltas.es\/index.php?rest_route=\/wp\/v2\/posts\/10903\/revisions"}],"predecessor-version":[{"id":10905,"href":"https:\/\/hojassueltas.es\/index.php?rest_route=\/wp\/v2\/posts\/10903\/revisions\/10905"}],"wp:featuredmedia":[{"embeddable":true,"href":"https:\/\/hojassueltas.es\/index.php?rest_route=\/wp\/v2\/media\/10904"}],"wp:attachment":[{"href":"https:\/\/hojassueltas.es\/index.php?rest_route=%2Fwp%2Fv2%2Fmedia&parent=10903"}],"wp:term":[{"taxonomy":"category","embeddable":true,"href":"https:\/\/hojassueltas.es\/index.php?rest_route=%2Fwp%2Fv2%2Fcategories&post=10903"},{"taxonomy":"post_tag","embeddable":true,"href":"https:\/\/hojassueltas.es\/index.php?rest_route=%2Fwp%2Fv2%2Ftags&post=10903"}],"curies":[{"name":"wp","href":"https:\/\/api.w.org\/{rel}","templated":true}]}}