{"id":10888,"date":"2024-05-09T00:00:18","date_gmt":"2024-05-08T22:00:18","guid":{"rendered":"https:\/\/hojassueltas.es\/?p=10888"},"modified":"2024-12-17T09:45:46","modified_gmt":"2024-12-17T08:45:46","slug":"dialogos-sonados-encuentro-con-francisco-de-quevedo","status":"publish","type":"post","link":"https:\/\/hojassueltas.es\/?p=10888","title":{"rendered":"Di\u00e1logos so\u00f1ados: Encuentro con Francisco de Quevedo"},"content":{"rendered":"<p><strong>Breve biograf\u00eda real<\/strong><\/p>\n<p style=\"text-align: justify;\">Francisco de Quevedo, uno de los ingenios m\u00e1s brillantes del Siglo de Oro espa\u00f1ol, naci\u00f3 en Madrid en 1580 y muri\u00f3 en Villanueva de los Infantes en 1645. Quevedo fue un hombre de letras y de estado, conocido tanto por su poes\u00eda ingeniosa y mordaz como por su prosa sat\u00edrica y cr\u00edtica. Como escritor, Quevedo se adentr\u00f3 en los terrenos del amor, la moralidad, la pol\u00edtica y los asuntos humanos con un estilo que a\u00fan resuena en la literatura contempor\u00e1nea.<\/p>\n<p style=\"text-align: justify;\">Adem\u00e1s de ser un prominente poeta barroco, Quevedo fue una figura pol\u00edtica activa durante el reinado de Felipe III y Felipe IV de Espa\u00f1a, lo que le otorg\u00f3 una posici\u00f3n privilegiada para comentar sobre los entresijos del poder y la sociedad de su tiempo. Sin embargo, su cr\u00edtica mordaz y su s\u00e1tira a menudo le causaron problemas, llev\u00e1ndolo en ocasiones a la prisi\u00f3n.<\/p>\n<hr \/>\n<p><strong><img loading=\"lazy\" decoding=\"async\" class=\"size-full wp-image-10890 alignleft\" src=\"https:\/\/hojassueltas.es\/wp-content\/uploads\/2024\/05\/Logo-Voces.png\" alt=\"\" width=\"209\" height=\"220\" srcset=\"https:\/\/hojassueltas.es\/wp-content\/uploads\/2024\/05\/Logo-Voces.png 209w, https:\/\/hojassueltas.es\/wp-content\/uploads\/2024\/05\/Logo-Voces-150x158.png 150w, https:\/\/hojassueltas.es\/wp-content\/uploads\/2024\/05\/Logo-Voces-24x24.png 24w\" sizes=\"auto, (max-width: 209px) 100vw, 209px\" \/>FICCI\u00d3N<\/strong><\/p>\n<p style=\"text-align: justify;\">En esta \u00abentrevista\u00bb imaginada, traemos a Quevedo al presente para preguntarle sobre su obra, sus pensamientos sobre la sociedad contempor\u00e1nea y c\u00f3mo ve el papel de la literatura en nuestro mundo actual. \u00bfQu\u00e9 dir\u00eda Quevedo si pudiera comentar sobre los temas que dominan nuestras discusiones hoy d\u00eda?<\/p>\n<p style=\"text-align: justify;\"><strong>Hojas Sueltas<\/strong>: Maestro Quevedo, es un verdadero privilegio tenerlo aqu\u00ed, cruzando los siglos para conversar con nosotros. Su obra ha trascendido el tiempo y sigue siendo un referente de la literatura en lengua espa\u00f1ola. D\u00edganos, \u00bfc\u00f3mo ve usted la evoluci\u00f3n de la lengua que tanto domin\u00f3 en su \u00e9poca?<\/p>\n<p style=\"text-align: justify;\"><strong>Francisco de Quevedo<\/strong>: Aunque mi cuerpo yace y el tiempo ha barrido las huellas de mi paso, mi esp\u00edritu se regocija al ver que mis palabras a\u00fan conversan con los vivos. La lengua, ese r\u00edo caudaloso que nunca cesa de fluir, se ha vestido de nuevos ropajes y aunque a veces me resulta extra\u00f1a, reconozco en ella el alma persistente del espa\u00f1ol. Es un gusto ver que, pese a los embates del tiempo, no ha perdido su filo ni su fuego.<\/p>\n<p style=\"text-align: justify;\"><strong>Hojas Sueltas:<\/strong> Usted fue un maestro del ingenio y la s\u00e1tira, herramientas que emple\u00f3 magistralmente para criticar los vicios de su sociedad. Hoy d\u00eda, los medios y las redes sociales cumplen un papel similar. \u00bfQu\u00e9 papel cree que juega la s\u00e1tira en nuestro tiempo?<\/p>\n<p style=\"text-align: justify;\"><strong>Francisco de Quevedo<\/strong>: La s\u00e1tira es la sal de la tierra, y como tal, debe usarse para conservar y no para corromper. Veo que en vuestro tiempo, al igual que en el m\u00edo, la humanidad sigue tropezando con las mismas piedras: la avaricia, la hipocres\u00eda, la soberbia&#8230; La s\u00e1tira que yo ejerc\u00ed buscaba azotar esos vicios, despertar el juicio dormido. Si vuestros bufones electr\u00f3nicos logran eso, benditos sean; pero si solo sirven para llenar el aire con risas vac\u00edas, poco hacen por el alma de los pueblos.<\/p>\n<p style=\"text-align: justify;\"><strong>Hojas Sueltas:<\/strong> En sus d\u00edas, usted fue un cr\u00edtico agudo de la pol\u00edtica y la corte. \u00bfC\u00f3mo ver\u00eda la pol\u00edtica de nuestro mundo globalizado, con sus complejas interrelaciones internacionales?<\/p>\n<p style=\"text-align: justify;\"><strong>Francisco de Quevedo:<\/strong> La pol\u00edtica, ese arte de gobernar a los pueblos, siempre ha sido un teatro de m\u00e1scaras y sombras. En mi tiempo, las cortes eran nidos de intrigas y los reyes jugaban a la ajedrez sobre mapas de territorios y alianzas. Hoy, vuestra pol\u00edtica se ha extendido como un gran tapiz que abarca todo el orbe. Los reyes han cambiado de nombre: ahora se llaman presidentes o primeros ministros, pero la esencia de gobernar, me temo, sigue siendo la misma: una mezcla de astucia y ambici\u00f3n. Si me permit\u00eds la osad\u00eda de un consejo, nunca dej\u00e9is de cuestionar a quienes ostentan el poder, pues el poder sin control es el peor de los tiranos.<\/p>\n<p style=\"text-align: justify;\"><strong>Hojas Sueltas<\/strong>: Maestro Quevedo, observando la evoluci\u00f3n pol\u00edtica de Espa\u00f1a, desde la proclamaci\u00f3n de la Segunda Rep\u00fablica hasta el fin de la dictadura en el siglo XX, \u00bfc\u00f3mo interpreta usted estos ciclos de cambio y conflicto en la tierra que tanto am\u00f3?<\/p>\n<p style=\"text-align: justify;\"><strong>Francisco de Quevedo<\/strong>: Vuestras historias son como r\u00edos que me llegan turbios y revueltos, y en ellos veo reflejados los eternos ciclos de aspiraci\u00f3n y ca\u00edda que han caracterizado a la humanidad desde el alba de los tiempos. La Segunda Rep\u00fablica, con su breve fulgor de esperanza y democracia, fue un espejo de aquellos d\u00edas dorados de mi propio siglo, cuando pens\u00e1bamos que el ingenio y la raz\u00f3n guiar\u00edan a los reinos. Sin embargo, los fantasmas de la divisi\u00f3n y la guerra no tardaron en ensombrecer ese espejo.<br \/>\nLa dictadura que sigui\u00f3, oscura y prolongada, ser\u00eda el luto de esa esperanza desvanecida, un recordatorio sombr\u00edo de que los viejos vicios del autoritarismo y la represi\u00f3n a\u00fan acechan en el coraz\u00f3n de los hombres. Me duele pensar que el suelo que pis\u00e9, sembrado de versos y sue\u00f1os, se viera ensangrentado por la discordia y la tiran\u00eda. Pero tambi\u00e9n me alienta saber que, como siempre, el esp\u00edritu de Espa\u00f1a se renueva, que tras la noche m\u00e1s oscura, el alba retorna con promesas de restauraci\u00f3n y rejuvenecimiento.<\/p>\n<p style=\"text-align: justify;\"><strong>Hojas Sueltas<\/strong>: Y en ese contexto de renovaci\u00f3n, \u00bfqu\u00e9 consejo creer\u00eda usted oportuno para las generaciones actuales que viven en una Espa\u00f1a democr\u00e1tica, pero que enfrentan desaf\u00edos globales y locales complejos?<\/p>\n<p style=\"text-align: justify;\"><strong>Francisco de Quevedo<\/strong>: Aconsejar\u00eda a los hombres y mujeres de vuestra era que no olviden las lecciones del pasado, que atesoren la libertad como el m\u00e1s preciado de los bienes y que se esfuercen por cultivar la raz\u00f3n y el di\u00e1logo por encima de la discordia. La democracia es un jard\u00edn que debe ser cuidado con la sabidur\u00eda de los ancianos y el vigor de los j\u00f3venes. No permit\u00e1is que las sombras del desinter\u00e9s o el desencanto nublen vuestra era de posibilidades. Enfrentad vuestros desaf\u00edos globales con un esp\u00edritu unido y con la certeza de que la justicia y la paz son los \u00fanicos caminos hacia un futuro pr\u00f3spero.<\/p>\n<p style=\"text-align: justify;\"><strong>Hojas Sueltas<\/strong>: Don Francisco, su rivalidad con Don Luis de G\u00f3ngora es legendaria en los anales de la literatura espa\u00f1ola. En un mundo donde ahora prevalecen la comunicaci\u00f3n y la resoluci\u00f3n de conflictos, \u00bfc\u00f3mo abordar\u00eda hoy esa enemistad?<\/p>\n<p style=\"text-align: justify;\"><strong>Francisco de Quevedo<\/strong>: Ah, esa vieja querella que llen\u00f3 tantas p\u00e1ginas con versos afilados como dagas. G\u00f3ngora, aquel culterano cuyo ingenio, aunque oscurecido por el artificio, no dejaba de ser un digno adversario. En estos tiempos vuestros, donde la palabra se transmite tan r\u00e1pido como el pensamiento y las disputas se airean en plazas que no son plazas, sino redes que envuelven al mundo, quiz\u00e1 habr\u00edamos tenido que afinar nuestra estrategia.<br \/>\nSi he de ser sincero, y siempre lo soy, aun en la ficci\u00f3n de esta nuestra conversaci\u00f3n, dir\u00eda que la soluci\u00f3n a tal enemistad requerir\u00eda algo m\u00e1s que simples disculpas o desagravios. Hoy, con vuestros medios para debatir p\u00fablicamente y vuestras plataformas para el intercambio de ideas, tal vez habr\u00edamos optado por un duelo de ingenios transmitido en vivo. Un debate po\u00e9tico, donde cada uno defendiera su estilo ante una audiencia de miles.<br \/>\nNo con espadas ni con rencor, sino con el arma m\u00e1s poderosa que poseemos los hombres de letras: la palabra. Y tras ese encuentro, sin duda alguna, dejar\u00edamos que el p\u00fablico decidiera cu\u00e1l de los dos merece la corona de laurel. As\u00ed, en un acto de democracia literaria, tal vez encontrar\u00edamos la paz en el respeto mutuo ganado ante los ojos del mundo, o continuar\u00edamos nuestra contienda, siempre en el \u00e1mbito del arte, sin llegar nunca a la sangre.<\/p>\n<p style=\"text-align: justify;\"><strong>Hojas Sueltas<\/strong>: \u00bfCree entonces que el respeto mutuo y la admiraci\u00f3n pueden ser el fundamento para resolver incluso las m\u00e1s profundas rivalidades?<\/p>\n<p style=\"text-align: justify;\"><strong>Francisco de Quevedo<\/strong>: As\u00ed es, aunque la competencia en la corte de la musa es feroz, no es menos cierto que el respeto a la habilidad del otro puede y debe templar la vehemencia de nuestro desd\u00e9n. En la batalla literaria, como en todas las artes de la vida, reconocer la val\u00eda del adversario no disminuye la nuestra, sino que eleva el juego mismo. La admiraci\u00f3n mutua, aunque sea desde trincheras opuestas, es el b\u00e1lsamo que suaviza las heridas del orgullo.<\/p>\n<p style=\"text-align: justify;\"><strong>Hojas Sueltas<\/strong>: Don Francisco, en nuestros d\u00edas, los escritores a menudo aspiran a ganar premios literarios que no solo reconocen su talento, sino que tambi\u00e9n les reportan considerables beneficios econ\u00f3micos. Si pudiera presentar alguna de sus obras a un importante certamen literario de hoy, \u00bfcu\u00e1l elegir\u00eda y por qu\u00e9?<\/p>\n<p style=\"text-align: justify;\"><strong>Francisco de Quevedo<\/strong>: \u00a1Ah, los premios y el oro que por ellos fluye! En mi tiempo, el aplauso del rey o un mecenazgo generoso eran nuestros premios, y bien sab\u00e9is que ni el oro ni la fama me fueron ajenos, aunque muchas veces vinieran mezclados con la vituperaci\u00f3n y el destierro. Si he de escoger una obra que a\u00fan hoy pudiera competir en vuestros cert\u00e1menes, sin duda alguna ser\u00eda mi \u00ab<strong>Pol\u00edtica de Dios y gobierno de Cristo<\/strong>\u00ab, una obra donde plasmo mi visi\u00f3n del mundo y del deber del hombre, te\u00f1ida con la tinta de mi fervor religioso y mi agudeza cr\u00edtica hacia los gobernantes.<br \/>\nEsta obra, que es tanto un espejo para pr\u00edncipes como un manual de \u00e9tica, podr\u00eda resonar en vuestros tiempos donde tanto se discute sobre la moralidad en la pol\u00edtica y la justicia social. Ser\u00eda, sin duda, un fuerte contendiente en cualquier certamen que valore la profundidad del pensamiento y la elegancia del lenguaje, demostrando que las preocupaciones de ayer no son tan distintas de las de hoy.<\/p>\n<p><strong>Hojas Sueltas<\/strong>: \u00bfCree que el mensaje de esa obra tendr\u00eda eco en nuestra sociedad actual?<\/p>\n<p style=\"text-align: justify;\"><strong>Francisco de Quevedo<\/strong>: As\u00ed lo espero, pues aunque los trajes y los tronos cambien, las pasiones y las ambiciones humanas permanecen. La \u00abPol\u00edtica de Dios\u00bb no solo es un llamado a la virtud, sino tambi\u00e9n un recordatorio de que todo poder terrenal es ef\u00edmero y debe estar al servicio del bien com\u00fan. En una era como la vuestra, saturada de informaci\u00f3n pero hambrienta de sabidur\u00eda, el mensaje de que la verdadera grandeza se mide por la justicia y la piedad podr\u00eda ser m\u00e1s relevante que nunca.<\/p>\n<p style=\"text-align: justify;\"><strong>Hojas Sueltas<\/strong>: Maestro Quevedo, entre sus escritos, hemos encontrado joyas de ingenio y s\u00e1tira, y una que ha causado particular deleite en nuestro equipo es el \u00abPoema al Pedo\u00bb. Nos intriga saber, \u00bfqu\u00e9 motivaciones tuvo para escribir y publicar una obra dedicada a un tema tan&#8230; poco convencional?<\/p>\n<p style=\"text-align: justify;\"><strong>Francisco de Quevedo<\/strong>: \u00a1Ah, el famoso poema ese ventoso compa\u00f1ero de la vida! Mi pluma, como bien sab\u00e9is, nunca ha temido adentrarse en los senderos menos transitados de la experiencia humana. El \u00abPoema al Pedo\u00bb no es m\u00e1s que una muestra de que la literatura debe ocuparse de todo aquello que es humano; nada debe ser ajeno a ella, ni siquiera los m\u00e1s humildes y naturales de los actos.<br \/>\nEn aquellos tiempos de cortesanos engolados y poes\u00edas empalagosas, me placi\u00f3 traer un soplo de aire fresco \u2014nunca mejor dicho\u2014 a la poes\u00eda. \u00bfAcaso no es la risa una de las m\u00e1s nobles reacciones que un poeta puede esperar provocar? Con este poema, quise recordar a mis contempor\u00e1neos que la grandeza tambi\u00e9n reside en la capacidad de re\u00edrse de uno mismo y de las pretensiones de nuestra condici\u00f3n.<\/p>\n<p style=\"text-align: justify;\"><strong>Hojas Sueltas<\/strong>: \u00bfY cree que el humor es una herramienta eficaz en la literatura, especialmente cuando trata temas serios o controvertidos?<\/p>\n<p style=\"text-align: justify;\"><strong>Francisco de Quevedo<\/strong>: Sin duda alguna, el humor es un bistur\u00ed tan eficaz como la espada o la pluma en la batalla contra la ignorancia y la hipocres\u00eda. A trav\u00e9s de la risa, podemos desarmar prejuicios, revelar verdades y abrir las mentes cerradas. El humor, cuando es bien empleado, no solo entretiene, sino que ilumina, critica y reforma. En una sociedad que se toma a s\u00ed misma demasiado en serio, un poco de humor puede ser el ant\u00eddoto m\u00e1s necesario contra el veneno del orgullo y la vanidad.<\/p>\n<p style=\"text-align: justify;\"><strong>Hojas Sueltas<\/strong>: Don Francisco, no deseamos inquietarle m\u00e1s con nuestras preguntas, pero antes de concluir, nos gustar\u00eda saber, \u00bfqu\u00e9 mensaje le gustar\u00eda transmitir a los lectores de <em>Hojas Sueltas<\/em>? Adem\u00e1s, \u00bfestar\u00eda dispuesto a responder a las preguntas que, inspirados por esta entrevista, pudieran formular nuestros lectores?<\/p>\n<p style=\"text-align: justify;\"><strong>Francisco de Quevedo<\/strong>: A los lectores de <em>Hojas Sueltas<\/em>, esos esp\u00edritus inquietos y curiosos que buscan en las p\u00e1ginas del saber y el arte un refugio y un espejo, les dir\u00eda: no cej\u00e9is en vuestra b\u00fasqueda de conocimiento, ni tem\u00e1is adentraros en las profundidades de la literatura y la historia. En ellas encontrar\u00e9is no solo entretenimiento, sino tambi\u00e9n las claves para entender vuestro propio tiempo y quiz\u00e1 mejorar el mundo en el que viv\u00eds. Recordad que cada libro que abr\u00eds os abre a su vez una puerta a otros mundos posibles.<br \/>\nEn cuanto a vuestras preguntas, \u00bfc\u00f3mo podr\u00eda yo, un hombre de letras, negarme al dulce ejercicio del di\u00e1logo y el debate? Aunque mi carne ya no pise la tierra, mi esp\u00edritu est\u00e1 siempre dispuesto a entablar conversaci\u00f3n. As\u00ed que os animo, preguntad sin miedo y buscad en mis respuestas la chispa que encienda vuestros propios fuegos de ingenio y reflexi\u00f3n.<\/p>\n<p style=\"text-align: justify;\"><strong>Hojas Sueltas<\/strong>: Le agradecemos profundamente, Maestro Quevedo, por concedernos esta oportunidad de cruzar los siglos y dialogar con usted. Sus palabras, seguramente, resonar\u00e1n entre nuestros lectores e inspirar\u00e1n muchas mentes y corazones.<\/p>\n<hr \/>\n<p>Realidad.<\/p>\n<p>Esta ficci\u00f3n ha sido posible y realizada por el equipo de Redacci\u00f3n de Hojas Sueltas.<\/p>\n<p>Cualquier comentario o preguntas al entrevistado, puede dirigirse a traves del correo: <a href=\"mailto:redaccion@hojassueltas.es\u00a0\" target=\"_blank\" rel=\"noopener\">redaccion@hojassueltas.es\u00a0<\/a> con referencia: Entrevista ficticia a Francisco de Quevedo.<\/p>\n<p>Gracias por leernos.<\/p>\n<p><span style=\"font-family: impact, sans-serif;\">\u00a9 Redacci\u00f3n. Todos los derechos reservados.<\/span><\/p>\n","protected":false},"excerpt":{"rendered":"<p>Breve biograf\u00eda real Francisco de Quevedo, uno de los ingenios m\u00e1s brillantes del Siglo de Oro espa\u00f1ol, naci\u00f3 en Madrid en 1580 y muri\u00f3 en Villanueva de los Infantes en 1645. Quevedo fue un hombre de letras y de estado, conocido tanto por su poes\u00eda ingeniosa y mordaz como por su prosa sat\u00edrica y cr\u00edtica. [&hellip;]<\/p>\n","protected":false},"author":1,"featured_media":10892,"comment_status":"open","ping_status":"closed","sticky":false,"template":"","format":"standard","meta":{"footnotes":""},"categories":[1445],"tags":[1220,1219],"class_list":{"0":"post-10888","1":"post","2":"type-post","3":"status-publish","4":"format-standard","5":"has-post-thumbnail","7":"category-voces-de-ayer","8":"tag-francisco-de-quevedo","9":"tag-redaccion"},"yoast_head":"<!-- This site is optimized with the Yoast SEO plugin v27.5 - https:\/\/yoast.com\/product\/yoast-seo-wordpress\/ -->\n<title>Di\u00e1logos so\u00f1ados: Encuentro con Francisco de Quevedo | Voces de ayer | HOJAS SUELTAS Peri\u00f3dico Cultural<\/title>\n<meta name=\"robots\" content=\"index, follow, max-snippet:-1, max-image-preview:large, max-video-preview:-1\" \/>\n<link rel=\"canonical\" href=\"https:\/\/hojassueltas.es\/?p=10888\" \/>\n<meta property=\"og:locale\" content=\"es_ES\" \/>\n<meta property=\"og:type\" content=\"article\" \/>\n<meta property=\"og:title\" content=\"Di\u00e1logos so\u00f1ados: Encuentro con Francisco de Quevedo | Voces de ayer | HOJAS SUELTAS Peri\u00f3dico Cultural\" \/>\n<meta property=\"og:description\" content=\"Breve biograf\u00eda real Francisco de Quevedo, uno de los ingenios m\u00e1s brillantes del Siglo de Oro espa\u00f1ol, naci\u00f3 en Madrid en 1580 y muri\u00f3 en Villanueva de los Infantes en 1645. Quevedo fue un hombre de letras y de estado, conocido tanto por su poes\u00eda ingeniosa y mordaz como por su prosa sat\u00edrica y cr\u00edtica. [&hellip;]\" \/>\n<meta property=\"og:url\" content=\"https:\/\/hojassueltas.es\/?p=10888\" \/>\n<meta property=\"og:site_name\" content=\"HOJAS SUELTAS Peri\u00f3dico Cultural\" \/>\n<meta property=\"article:published_time\" content=\"2024-05-08T22:00:18+00:00\" \/>\n<meta property=\"article:modified_time\" content=\"2024-12-17T08:45:46+00:00\" \/>\n<meta property=\"og:image\" content=\"https:\/\/hojassueltas.es\/wp-content\/uploads\/2024\/05\/Fracisco-de-Quevedo-HS.png\" \/>\n\t<meta property=\"og:image:width\" content=\"750\" \/>\n\t<meta property=\"og:image:height\" content=\"750\" \/>\n\t<meta property=\"og:image:type\" content=\"image\/png\" \/>\n<meta name=\"author\" content=\"Redacci\u00f3n\" \/>\n<meta name=\"twitter:card\" content=\"summary_large_image\" \/>\n<meta name=\"twitter:creator\" content=\"@HOJASSUELTAS22\" \/>\n<meta name=\"twitter:site\" content=\"@HOJASSUELTAS22\" \/>\n<meta name=\"twitter:label1\" content=\"Escrito por\" \/>\n\t<meta name=\"twitter:data1\" content=\"Redacci\u00f3n\" \/>\n\t<meta name=\"twitter:label2\" content=\"Tiempo de lectura\" \/>\n\t<meta name=\"twitter:data2\" content=\"11 minutos\" \/>\n<script type=\"application\/ld+json\" class=\"yoast-schema-graph\">{\"@context\":\"https:\\\/\\\/schema.org\",\"@graph\":[{\"@type\":[\"Article\",\"BlogPosting\"],\"@id\":\"https:\\\/\\\/hojassueltas.es\\\/?p=10888#article\",\"isPartOf\":{\"@id\":\"https:\\\/\\\/hojassueltas.es\\\/?p=10888\"},\"author\":{\"name\":\"Redacci\u00f3n\",\"@id\":\"https:\\\/\\\/hojassueltas.es\\\/#\\\/schema\\\/person\\\/f232bbdb834c61c90aff2245daa401c0\"},\"headline\":\"Di\u00e1logos so\u00f1ados: Encuentro con Francisco de Quevedo\",\"datePublished\":\"2024-05-08T22:00:18+00:00\",\"dateModified\":\"2024-12-17T08:45:46+00:00\",\"mainEntityOfPage\":{\"@id\":\"https:\\\/\\\/hojassueltas.es\\\/?p=10888\"},\"wordCount\":2416,\"commentCount\":0,\"publisher\":{\"@id\":\"https:\\\/\\\/hojassueltas.es\\\/#organization\"},\"image\":{\"@id\":\"https:\\\/\\\/hojassueltas.es\\\/?p=10888#primaryimage\"},\"thumbnailUrl\":\"https:\\\/\\\/hojassueltas.es\\\/wp-content\\\/uploads\\\/2024\\\/05\\\/Fracisco-de-Quevedo-HS.png\",\"keywords\":[\"Francisco de Quevedo\",\"Redacci\u00f3n\"],\"articleSection\":[\"Voces de ayer\"],\"inLanguage\":\"es\",\"potentialAction\":[{\"@type\":\"CommentAction\",\"name\":\"Comment\",\"target\":[\"https:\\\/\\\/hojassueltas.es\\\/?p=10888#respond\"]}]},{\"@type\":\"WebPage\",\"@id\":\"https:\\\/\\\/hojassueltas.es\\\/?p=10888\",\"url\":\"https:\\\/\\\/hojassueltas.es\\\/?p=10888\",\"name\":\"Di\u00e1logos so\u00f1ados: Encuentro con Francisco de Quevedo | Voces de ayer | HOJAS SUELTAS Peri\u00f3dico Cultural\",\"isPartOf\":{\"@id\":\"https:\\\/\\\/hojassueltas.es\\\/#website\"},\"primaryImageOfPage\":{\"@id\":\"https:\\\/\\\/hojassueltas.es\\\/?p=10888#primaryimage\"},\"image\":{\"@id\":\"https:\\\/\\\/hojassueltas.es\\\/?p=10888#primaryimage\"},\"thumbnailUrl\":\"https:\\\/\\\/hojassueltas.es\\\/wp-content\\\/uploads\\\/2024\\\/05\\\/Fracisco-de-Quevedo-HS.png\",\"datePublished\":\"2024-05-08T22:00:18+00:00\",\"dateModified\":\"2024-12-17T08:45:46+00:00\",\"breadcrumb\":{\"@id\":\"https:\\\/\\\/hojassueltas.es\\\/?p=10888#breadcrumb\"},\"inLanguage\":\"es\",\"potentialAction\":[{\"@type\":\"ReadAction\",\"target\":[\"https:\\\/\\\/hojassueltas.es\\\/?p=10888\"]}]},{\"@type\":\"ImageObject\",\"inLanguage\":\"es\",\"@id\":\"https:\\\/\\\/hojassueltas.es\\\/?p=10888#primaryimage\",\"url\":\"https:\\\/\\\/hojassueltas.es\\\/wp-content\\\/uploads\\\/2024\\\/05\\\/Fracisco-de-Quevedo-HS.png\",\"contentUrl\":\"https:\\\/\\\/hojassueltas.es\\\/wp-content\\\/uploads\\\/2024\\\/05\\\/Fracisco-de-Quevedo-HS.png\",\"width\":750,\"height\":750},{\"@type\":\"BreadcrumbList\",\"@id\":\"https:\\\/\\\/hojassueltas.es\\\/?p=10888#breadcrumb\",\"itemListElement\":[{\"@type\":\"ListItem\",\"position\":1,\"name\":\"Portada\",\"item\":\"https:\\\/\\\/hojassueltas.es\\\/\"},{\"@type\":\"ListItem\",\"position\":2,\"name\":\"Di\u00e1logos so\u00f1ados: Encuentro con Francisco de Quevedo\"}]},{\"@type\":\"WebSite\",\"@id\":\"https:\\\/\\\/hojassueltas.es\\\/#website\",\"url\":\"https:\\\/\\\/hojassueltas.es\\\/\",\"name\":\"HojasSueltas.es\",\"description\":\"GRANADA - Peri\u00f3dico Cultural\",\"publisher\":{\"@id\":\"https:\\\/\\\/hojassueltas.es\\\/#organization\"},\"alternateName\":\"H.S. Periodico Cultural\",\"potentialAction\":[{\"@type\":\"SearchAction\",\"target\":{\"@type\":\"EntryPoint\",\"urlTemplate\":\"https:\\\/\\\/hojassueltas.es\\\/?s={search_term_string}\"},\"query-input\":{\"@type\":\"PropertyValueSpecification\",\"valueRequired\":true,\"valueName\":\"search_term_string\"}}],\"inLanguage\":\"es\"},{\"@type\":\"Organization\",\"@id\":\"https:\\\/\\\/hojassueltas.es\\\/#organization\",\"name\":\"HOJAS SUELTAS - Peri\u00f3dico Cultural\",\"alternateName\":\"HS - HOJAS SUELTAS Peri\u00f3dico Cultural\",\"url\":\"https:\\\/\\\/hojassueltas.es\\\/\",\"logo\":{\"@type\":\"ImageObject\",\"inLanguage\":\"es\",\"@id\":\"https:\\\/\\\/hojassueltas.es\\\/#\\\/schema\\\/logo\\\/image\\\/\",\"url\":\"https:\\\/\\\/hojassueltas.es\\\/wp-content\\\/uploads\\\/2025\\\/08\\\/Icono-HS_2.png\",\"contentUrl\":\"https:\\\/\\\/hojassueltas.es\\\/wp-content\\\/uploads\\\/2025\\\/08\\\/Icono-HS_2.png\",\"width\":500,\"height\":500,\"caption\":\"HOJAS SUELTAS - Peri\u00f3dico Cultural\"},\"image\":{\"@id\":\"https:\\\/\\\/hojassueltas.es\\\/#\\\/schema\\\/logo\\\/image\\\/\"},\"sameAs\":[\"https:\\\/\\\/x.com\\\/HOJASSUELTAS22\"]},{\"@type\":\"Person\",\"@id\":\"https:\\\/\\\/hojassueltas.es\\\/#\\\/schema\\\/person\\\/f232bbdb834c61c90aff2245daa401c0\",\"name\":\"Redacci\u00f3n\",\"image\":{\"@type\":\"ImageObject\",\"inLanguage\":\"es\",\"@id\":\"https:\\\/\\\/hojassueltas.es\\\/wp-content\\\/uploads\\\/2026\\\/02\\\/Redaccion-2-96x96.png\",\"url\":\"https:\\\/\\\/hojassueltas.es\\\/wp-content\\\/uploads\\\/2026\\\/02\\\/Redaccion-2-96x96.png\",\"contentUrl\":\"https:\\\/\\\/hojassueltas.es\\\/wp-content\\\/uploads\\\/2026\\\/02\\\/Redaccion-2-96x96.png\",\"caption\":\"Redacci\u00f3n\"},\"description\":\"Redacci\u00f3n de HOJAS SUELTAS\",\"url\":\"https:\\\/\\\/hojassueltas.es\\\/?author=1\"}]}<\/script>\n<!-- \/ Yoast SEO plugin. -->","yoast_head_json":{"title":"Di\u00e1logos so\u00f1ados: Encuentro con Francisco de Quevedo | Voces de ayer | HOJAS SUELTAS Peri\u00f3dico Cultural","robots":{"index":"index","follow":"follow","max-snippet":"max-snippet:-1","max-image-preview":"max-image-preview:large","max-video-preview":"max-video-preview:-1"},"canonical":"https:\/\/hojassueltas.es\/?p=10888","og_locale":"es_ES","og_type":"article","og_title":"Di\u00e1logos so\u00f1ados: Encuentro con Francisco de Quevedo | Voces de ayer | HOJAS SUELTAS Peri\u00f3dico Cultural","og_description":"Breve biograf\u00eda real Francisco de Quevedo, uno de los ingenios m\u00e1s brillantes del Siglo de Oro espa\u00f1ol, naci\u00f3 en Madrid en 1580 y muri\u00f3 en Villanueva de los Infantes en 1645. Quevedo fue un hombre de letras y de estado, conocido tanto por su poes\u00eda ingeniosa y mordaz como por su prosa sat\u00edrica y cr\u00edtica. [&hellip;]","og_url":"https:\/\/hojassueltas.es\/?p=10888","og_site_name":"HOJAS SUELTAS Peri\u00f3dico Cultural","article_published_time":"2024-05-08T22:00:18+00:00","article_modified_time":"2024-12-17T08:45:46+00:00","og_image":[{"width":750,"height":750,"url":"https:\/\/hojassueltas.es\/wp-content\/uploads\/2024\/05\/Fracisco-de-Quevedo-HS.png","type":"image\/png"}],"author":"Redacci\u00f3n","twitter_card":"summary_large_image","twitter_creator":"@HOJASSUELTAS22","twitter_site":"@HOJASSUELTAS22","twitter_misc":{"Escrito por":"Redacci\u00f3n","Tiempo de lectura":"11 minutos"},"schema":{"@context":"https:\/\/schema.org","@graph":[{"@type":["Article","BlogPosting"],"@id":"https:\/\/hojassueltas.es\/?p=10888#article","isPartOf":{"@id":"https:\/\/hojassueltas.es\/?p=10888"},"author":{"name":"Redacci\u00f3n","@id":"https:\/\/hojassueltas.es\/#\/schema\/person\/f232bbdb834c61c90aff2245daa401c0"},"headline":"Di\u00e1logos so\u00f1ados: Encuentro con Francisco de Quevedo","datePublished":"2024-05-08T22:00:18+00:00","dateModified":"2024-12-17T08:45:46+00:00","mainEntityOfPage":{"@id":"https:\/\/hojassueltas.es\/?p=10888"},"wordCount":2416,"commentCount":0,"publisher":{"@id":"https:\/\/hojassueltas.es\/#organization"},"image":{"@id":"https:\/\/hojassueltas.es\/?p=10888#primaryimage"},"thumbnailUrl":"https:\/\/hojassueltas.es\/wp-content\/uploads\/2024\/05\/Fracisco-de-Quevedo-HS.png","keywords":["Francisco de Quevedo","Redacci\u00f3n"],"articleSection":["Voces de ayer"],"inLanguage":"es","potentialAction":[{"@type":"CommentAction","name":"Comment","target":["https:\/\/hojassueltas.es\/?p=10888#respond"]}]},{"@type":"WebPage","@id":"https:\/\/hojassueltas.es\/?p=10888","url":"https:\/\/hojassueltas.es\/?p=10888","name":"Di\u00e1logos so\u00f1ados: Encuentro con Francisco de Quevedo | Voces de ayer | HOJAS SUELTAS Peri\u00f3dico Cultural","isPartOf":{"@id":"https:\/\/hojassueltas.es\/#website"},"primaryImageOfPage":{"@id":"https:\/\/hojassueltas.es\/?p=10888#primaryimage"},"image":{"@id":"https:\/\/hojassueltas.es\/?p=10888#primaryimage"},"thumbnailUrl":"https:\/\/hojassueltas.es\/wp-content\/uploads\/2024\/05\/Fracisco-de-Quevedo-HS.png","datePublished":"2024-05-08T22:00:18+00:00","dateModified":"2024-12-17T08:45:46+00:00","breadcrumb":{"@id":"https:\/\/hojassueltas.es\/?p=10888#breadcrumb"},"inLanguage":"es","potentialAction":[{"@type":"ReadAction","target":["https:\/\/hojassueltas.es\/?p=10888"]}]},{"@type":"ImageObject","inLanguage":"es","@id":"https:\/\/hojassueltas.es\/?p=10888#primaryimage","url":"https:\/\/hojassueltas.es\/wp-content\/uploads\/2024\/05\/Fracisco-de-Quevedo-HS.png","contentUrl":"https:\/\/hojassueltas.es\/wp-content\/uploads\/2024\/05\/Fracisco-de-Quevedo-HS.png","width":750,"height":750},{"@type":"BreadcrumbList","@id":"https:\/\/hojassueltas.es\/?p=10888#breadcrumb","itemListElement":[{"@type":"ListItem","position":1,"name":"Portada","item":"https:\/\/hojassueltas.es\/"},{"@type":"ListItem","position":2,"name":"Di\u00e1logos so\u00f1ados: Encuentro con Francisco de Quevedo"}]},{"@type":"WebSite","@id":"https:\/\/hojassueltas.es\/#website","url":"https:\/\/hojassueltas.es\/","name":"HojasSueltas.es","description":"GRANADA - Peri\u00f3dico Cultural","publisher":{"@id":"https:\/\/hojassueltas.es\/#organization"},"alternateName":"H.S. Periodico Cultural","potentialAction":[{"@type":"SearchAction","target":{"@type":"EntryPoint","urlTemplate":"https:\/\/hojassueltas.es\/?s={search_term_string}"},"query-input":{"@type":"PropertyValueSpecification","valueRequired":true,"valueName":"search_term_string"}}],"inLanguage":"es"},{"@type":"Organization","@id":"https:\/\/hojassueltas.es\/#organization","name":"HOJAS SUELTAS - Peri\u00f3dico Cultural","alternateName":"HS - HOJAS SUELTAS Peri\u00f3dico Cultural","url":"https:\/\/hojassueltas.es\/","logo":{"@type":"ImageObject","inLanguage":"es","@id":"https:\/\/hojassueltas.es\/#\/schema\/logo\/image\/","url":"https:\/\/hojassueltas.es\/wp-content\/uploads\/2025\/08\/Icono-HS_2.png","contentUrl":"https:\/\/hojassueltas.es\/wp-content\/uploads\/2025\/08\/Icono-HS_2.png","width":500,"height":500,"caption":"HOJAS SUELTAS - Peri\u00f3dico Cultural"},"image":{"@id":"https:\/\/hojassueltas.es\/#\/schema\/logo\/image\/"},"sameAs":["https:\/\/x.com\/HOJASSUELTAS22"]},{"@type":"Person","@id":"https:\/\/hojassueltas.es\/#\/schema\/person\/f232bbdb834c61c90aff2245daa401c0","name":"Redacci\u00f3n","image":{"@type":"ImageObject","inLanguage":"es","@id":"https:\/\/hojassueltas.es\/wp-content\/uploads\/2026\/02\/Redaccion-2-96x96.png","url":"https:\/\/hojassueltas.es\/wp-content\/uploads\/2026\/02\/Redaccion-2-96x96.png","contentUrl":"https:\/\/hojassueltas.es\/wp-content\/uploads\/2026\/02\/Redaccion-2-96x96.png","caption":"Redacci\u00f3n"},"description":"Redacci\u00f3n de HOJAS SUELTAS","url":"https:\/\/hojassueltas.es\/?author=1"}]}},"_links":{"self":[{"href":"https:\/\/hojassueltas.es\/index.php?rest_route=\/wp\/v2\/posts\/10888","targetHints":{"allow":["GET"]}}],"collection":[{"href":"https:\/\/hojassueltas.es\/index.php?rest_route=\/wp\/v2\/posts"}],"about":[{"href":"https:\/\/hojassueltas.es\/index.php?rest_route=\/wp\/v2\/types\/post"}],"author":[{"embeddable":true,"href":"https:\/\/hojassueltas.es\/index.php?rest_route=\/wp\/v2\/users\/1"}],"replies":[{"embeddable":true,"href":"https:\/\/hojassueltas.es\/index.php?rest_route=%2Fwp%2Fv2%2Fcomments&post=10888"}],"version-history":[{"count":6,"href":"https:\/\/hojassueltas.es\/index.php?rest_route=\/wp\/v2\/posts\/10888\/revisions"}],"predecessor-version":[{"id":10896,"href":"https:\/\/hojassueltas.es\/index.php?rest_route=\/wp\/v2\/posts\/10888\/revisions\/10896"}],"wp:featuredmedia":[{"embeddable":true,"href":"https:\/\/hojassueltas.es\/index.php?rest_route=\/wp\/v2\/media\/10892"}],"wp:attachment":[{"href":"https:\/\/hojassueltas.es\/index.php?rest_route=%2Fwp%2Fv2%2Fmedia&parent=10888"}],"wp:term":[{"taxonomy":"category","embeddable":true,"href":"https:\/\/hojassueltas.es\/index.php?rest_route=%2Fwp%2Fv2%2Fcategories&post=10888"},{"taxonomy":"post_tag","embeddable":true,"href":"https:\/\/hojassueltas.es\/index.php?rest_route=%2Fwp%2Fv2%2Ftags&post=10888"}],"curies":[{"name":"wp","href":"https:\/\/api.w.org\/{rel}","templated":true}]}}