{"id":10885,"date":"2024-05-06T09:43:26","date_gmt":"2024-05-06T07:43:26","guid":{"rendered":"https:\/\/hojassueltas.es\/?p=10885"},"modified":"2025-10-22T09:25:57","modified_gmt":"2025-10-22T07:25:57","slug":"entre-la-ficcion-y-la-realidad-presentamos-nuestras-entrevistas-ficticias-con-escritores-espanoles","status":"publish","type":"post","link":"https:\/\/hojassueltas.es\/?p=10885","title":{"rendered":"Entre la ficci\u00f3n y la realidad: Presentamos nuestras entrevistas ficticias con escritores espa\u00f1oles"},"content":{"rendered":"<div class=\"flex-1 overflow-hidden\">\n<div class=\"react-scroll-to-bottom--css-qosfz-79elbk h-full\">\n<div class=\"react-scroll-to-bottom--css-qosfz-1n7m0yu\">\n<div class=\"flex flex-col text-sm pb-9\">\n<div class=\"w-full text-token-text-primary\" dir=\"auto\" data-testid=\"conversation-turn-7\" data-scroll-anchor=\"true\">\n<div class=\"py-2 px-3 text-base md:px-4 m-auto md:px-5 lg:px-1 xl:px-5\">\n<div class=\"mx-auto flex flex-1 gap-3 text-base juice:gap-4 juice:md:gap-6 md:max-w-3xl lg:max-w-[40rem] xl:max-w-[48rem]\">\n<div class=\"relative flex w-full min-w-0 flex-col agent-turn\">\n<div class=\"flex-col gap-1 md:gap-3\">\n<div class=\"flex flex-grow flex-col max-w-full\">\n<div class=\"min-h-[20px] text-message flex flex-col items-start whitespace-pre-wrap break-words [.text-message+&amp;]:mt-5 overflow-x-auto gap-3\" dir=\"auto\" data-message-author-role=\"assistant\" data-message-id=\"083dc87e-1117-48c0-8800-09be7145eda7\">\n<div class=\"markdown prose w-full break-words dark:prose-invert light\">\n<p style=\"text-align: justify;\">En \u00abHojas Sueltas\u00bb, siempre hemos cre\u00eddo que la cultura y la literatura son espacios de constante innovaci\u00f3n y di\u00e1logo. Hoy, nos complace anunciar una nueva secci\u00f3n que promete ofrecer una experiencia \u00fanica y estimulante: entrevistas ficticias con algunos de los escritores y escritoras m\u00e1s destacados de Espa\u00f1a. Esta iniciativa busca combinar hechos biogr\u00e1ficos reales con conversaciones imaginadas, explorando as\u00ed el l\u00edmite entre la realidad y la ficci\u00f3n.<\/p>\n<h3>Desarrollo:<\/h3>\n<h4>Concepto de la secci\u00f3n \u00ae \u00abVoces de ayer, encuentros imposibles\u00bb<\/h4>\n<p style=\"text-align: justify;\">Las entrevistas ficticias son un formato en el cual dialogamos con grandes figuras literarias de una manera nueva y creativa. A trav\u00e9s de estas conversaciones, imaginamos qu\u00e9 podr\u00edan decir sobre temas actuales y eternos, combinando sus biograf\u00edas, obras y el contexto hist\u00f3rico con un toque de creatividad literaria.<\/p>\n<h4>Objetivos y beneficios:<\/h4>\n<p style=\"text-align: justify;\">Esta secci\u00f3n tiene como objetivo ofrecer perspectivas frescas sobre autores conocidos, permitiendo a los lectores verlos con una nueva perspectiva. Buscamos tambi\u00e9n fomentar la reflexi\u00f3n sobre c\u00f3mo las ideas de estos escritores podr\u00edan interpretarse en el mundo moderno, proporcionando as\u00ed un espacio para el debate y la introspecci\u00f3n.<\/p>\n<h4>Claridad y transparencia:<\/h4>\n<p style=\"text-align: justify;\">Nos comprometemos a mantener una alta integridad editorial. Cada entrevista ser\u00e1 claramente identificada como ficticia para asegurar que no haya malentendidos sobre su naturaleza imaginativa. Al mismo tiempo, nos esforzaremos por respetar y honrar los legados de estos autores, evitando atribuirles opiniones que contradigan directamente lo que conocemos de sus vidas y obras.<\/p>\n<h4>Invitaci\u00f3n a la participaci\u00f3n:<\/h4>\n<p style=\"text-align: justify;\">Animamos a nuestros lectores a participar activamente en esta secci\u00f3n, ya sea sugiriendo escritores para futuras entrevistas o temas de discusi\u00f3n que les gustar\u00eda explorar. Su interacci\u00f3n es clave para dar vida a este proyecto.<\/p>\n<h3>Conclusi\u00f3n:<\/h3>\n<p style=\"text-align: justify;\">Invitamos a todos nuestros lectores a sumergirse en estas \u00abconversaciones\u00bb que, aunque imaginarias, son un homenaje a la rica tradici\u00f3n literaria de Espa\u00f1a y un experimento en la exploraci\u00f3n de c\u00f3mo las ideas literarias trascienden el tiempo y el espacio.<\/p>\n<h3>Llamada a la acci\u00f3n:<\/h3>\n<p style=\"text-align: justify;\">No se pierdan nuestra primera entrevista ficticia que se publicar\u00e1 pr\u00f3ximamente. Les invitamos a leerla, reflexionar sobre ella y compartir sus pensamientos y opiniones. Esperamos que esta secci\u00f3n no solo enriquezca su experiencia lectora sino que tambi\u00e9n les inspire a mirar la literatura de una manera completamente nueva.<\/p>\n<p><span style=\"font-family: impact, sans-serif;\">\u00a9 Redacci\u00f3n<\/span><\/p>\n<\/div>\n<\/div>\n<\/div>\n<\/div>\n<\/div>\n<\/div>\n<\/div>\n<\/div>\n<\/div>\n<\/div>\n<\/div>\n<\/div>\n","protected":false},"excerpt":{"rendered":"<p>En \u00abHojas Sueltas\u00bb, siempre hemos cre\u00eddo que la cultura y la literatura son espacios de constante innovaci\u00f3n y di\u00e1logo. Hoy, nos complace anunciar una nueva secci\u00f3n que promete ofrecer una experiencia \u00fanica y estimulante: entrevistas ficticias con algunos de los escritores y escritoras m\u00e1s destacados de Espa\u00f1a. Esta iniciativa busca combinar hechos biogr\u00e1ficos reales con [&hellip;]<\/p>\n","protected":false},"author":72,"featured_media":10886,"comment_status":"open","ping_status":"closed","sticky":false,"template":"","format":"standard","meta":{"footnotes":""},"categories":[2223],"tags":[887],"class_list":{"0":"post-10885","1":"post","2":"type-post","3":"status-publish","4":"format-standard","5":"has-post-thumbnail","7":"category-editorial","8":"tag-editorial"},"yoast_head":"<!-- This site is optimized with the Yoast SEO plugin v27.5 - https:\/\/yoast.com\/product\/yoast-seo-wordpress\/ -->\n<title>Entre la ficci\u00f3n y la realidad: Presentamos nuestras entrevistas ficticias con escritores espa\u00f1oles | HOJAS SUELTAS Peri\u00f3dico Cultural<\/title>\n<meta name=\"description\" content=\"Informaci\u00f3n sobre la inserci\u00f3n en el diario cultural HOJAS SUELTAS de una nueva secci\u00f3n\" \/>\n<meta name=\"robots\" content=\"index, follow, max-snippet:-1, max-image-preview:large, max-video-preview:-1\" \/>\n<link rel=\"canonical\" href=\"https:\/\/hojassueltas.es\/?p=10885\" \/>\n<meta property=\"og:locale\" content=\"es_ES\" \/>\n<meta property=\"og:type\" content=\"article\" \/>\n<meta property=\"og:title\" content=\"Entre la ficci\u00f3n y la realidad: Presentamos nuestras entrevistas ficticias con escritores espa\u00f1oles | HOJAS SUELTAS Peri\u00f3dico Cultural\" \/>\n<meta property=\"og:description\" content=\"Informaci\u00f3n sobre la inserci\u00f3n en el diario cultural HOJAS SUELTAS de una nueva secci\u00f3n\" \/>\n<meta property=\"og:url\" content=\"https:\/\/hojassueltas.es\/?p=10885\" \/>\n<meta property=\"og:site_name\" content=\"HOJAS SUELTAS Peri\u00f3dico Cultural\" \/>\n<meta property=\"article:published_time\" content=\"2024-05-06T07:43:26+00:00\" \/>\n<meta property=\"article:modified_time\" content=\"2025-10-22T07:25:57+00:00\" \/>\n<meta property=\"og:image\" content=\"https:\/\/hojassueltas.es\/wp-content\/uploads\/2024\/05\/Nueva-Seccion-HS.png\" \/>\n\t<meta property=\"og:image:width\" content=\"550\" \/>\n\t<meta property=\"og:image:height\" content=\"550\" \/>\n\t<meta property=\"og:image:type\" content=\"image\/png\" \/>\n<meta name=\"author\" content=\"Director\" \/>\n<meta name=\"twitter:card\" content=\"summary_large_image\" \/>\n<meta name=\"twitter:creator\" content=\"@HOJASSUELTAS22\" \/>\n<meta name=\"twitter:site\" content=\"@HOJASSUELTAS22\" \/>\n<meta name=\"twitter:label1\" content=\"Escrito por\" \/>\n\t<meta name=\"twitter:data1\" content=\"Director\" \/>\n\t<meta name=\"twitter:label2\" content=\"Tiempo de lectura\" \/>\n\t<meta name=\"twitter:data2\" content=\"2 minutos\" \/>\n<script type=\"application\/ld+json\" class=\"yoast-schema-graph\">{\"@context\":\"https:\\\/\\\/schema.org\",\"@graph\":[{\"@type\":[\"Article\",\"BlogPosting\"],\"@id\":\"https:\\\/\\\/hojassueltas.es\\\/?p=10885#article\",\"isPartOf\":{\"@id\":\"https:\\\/\\\/hojassueltas.es\\\/?p=10885\"},\"author\":{\"name\":\"Director\",\"@id\":\"https:\\\/\\\/hojassueltas.es\\\/#\\\/schema\\\/person\\\/e4571af4c75b3d33cc950e6968a563ed\"},\"headline\":\"Entre la ficci\u00f3n y la realidad: Presentamos nuestras entrevistas ficticias con escritores espa\u00f1oles\",\"datePublished\":\"2024-05-06T07:43:26+00:00\",\"dateModified\":\"2025-10-22T07:25:57+00:00\",\"mainEntityOfPage\":{\"@id\":\"https:\\\/\\\/hojassueltas.es\\\/?p=10885\"},\"wordCount\":416,\"commentCount\":2,\"publisher\":{\"@id\":\"https:\\\/\\\/hojassueltas.es\\\/#organization\"},\"image\":{\"@id\":\"https:\\\/\\\/hojassueltas.es\\\/?p=10885#primaryimage\"},\"thumbnailUrl\":\"https:\\\/\\\/hojassueltas.es\\\/wp-content\\\/uploads\\\/2024\\\/05\\\/Nueva-Seccion-HS.png\",\"keywords\":[\"Editorial\"],\"articleSection\":[\"EDITORIAL\"],\"inLanguage\":\"es\",\"potentialAction\":[{\"@type\":\"CommentAction\",\"name\":\"Comment\",\"target\":[\"https:\\\/\\\/hojassueltas.es\\\/?p=10885#respond\"]}]},{\"@type\":\"WebPage\",\"@id\":\"https:\\\/\\\/hojassueltas.es\\\/?p=10885\",\"url\":\"https:\\\/\\\/hojassueltas.es\\\/?p=10885\",\"name\":\"Entre la ficci\u00f3n y la realidad: Presentamos nuestras entrevistas ficticias con escritores espa\u00f1oles | HOJAS SUELTAS Peri\u00f3dico Cultural\",\"isPartOf\":{\"@id\":\"https:\\\/\\\/hojassueltas.es\\\/#website\"},\"primaryImageOfPage\":{\"@id\":\"https:\\\/\\\/hojassueltas.es\\\/?p=10885#primaryimage\"},\"image\":{\"@id\":\"https:\\\/\\\/hojassueltas.es\\\/?p=10885#primaryimage\"},\"thumbnailUrl\":\"https:\\\/\\\/hojassueltas.es\\\/wp-content\\\/uploads\\\/2024\\\/05\\\/Nueva-Seccion-HS.png\",\"datePublished\":\"2024-05-06T07:43:26+00:00\",\"dateModified\":\"2025-10-22T07:25:57+00:00\",\"description\":\"Informaci\u00f3n sobre la inserci\u00f3n en el diario cultural HOJAS SUELTAS de una nueva secci\u00f3n\",\"breadcrumb\":{\"@id\":\"https:\\\/\\\/hojassueltas.es\\\/?p=10885#breadcrumb\"},\"inLanguage\":\"es\",\"potentialAction\":[{\"@type\":\"ReadAction\",\"target\":[\"https:\\\/\\\/hojassueltas.es\\\/?p=10885\"]}]},{\"@type\":\"ImageObject\",\"inLanguage\":\"es\",\"@id\":\"https:\\\/\\\/hojassueltas.es\\\/?p=10885#primaryimage\",\"url\":\"https:\\\/\\\/hojassueltas.es\\\/wp-content\\\/uploads\\\/2024\\\/05\\\/Nueva-Seccion-HS.png\",\"contentUrl\":\"https:\\\/\\\/hojassueltas.es\\\/wp-content\\\/uploads\\\/2024\\\/05\\\/Nueva-Seccion-HS.png\",\"width\":550,\"height\":550},{\"@type\":\"BreadcrumbList\",\"@id\":\"https:\\\/\\\/hojassueltas.es\\\/?p=10885#breadcrumb\",\"itemListElement\":[{\"@type\":\"ListItem\",\"position\":1,\"name\":\"Portada\",\"item\":\"https:\\\/\\\/hojassueltas.es\\\/\"},{\"@type\":\"ListItem\",\"position\":2,\"name\":\"Entre la ficci\u00f3n y la realidad: Presentamos nuestras entrevistas ficticias con escritores espa\u00f1oles\"}]},{\"@type\":\"WebSite\",\"@id\":\"https:\\\/\\\/hojassueltas.es\\\/#website\",\"url\":\"https:\\\/\\\/hojassueltas.es\\\/\",\"name\":\"HojasSueltas.es\",\"description\":\"GRANADA - Peri\u00f3dico Cultural\",\"publisher\":{\"@id\":\"https:\\\/\\\/hojassueltas.es\\\/#organization\"},\"alternateName\":\"H.S. Periodico Cultural\",\"potentialAction\":[{\"@type\":\"SearchAction\",\"target\":{\"@type\":\"EntryPoint\",\"urlTemplate\":\"https:\\\/\\\/hojassueltas.es\\\/?s={search_term_string}\"},\"query-input\":{\"@type\":\"PropertyValueSpecification\",\"valueRequired\":true,\"valueName\":\"search_term_string\"}}],\"inLanguage\":\"es\"},{\"@type\":\"Organization\",\"@id\":\"https:\\\/\\\/hojassueltas.es\\\/#organization\",\"name\":\"HOJAS SUELTAS - Peri\u00f3dico Cultural\",\"alternateName\":\"HS - HOJAS SUELTAS Peri\u00f3dico Cultural\",\"url\":\"https:\\\/\\\/hojassueltas.es\\\/\",\"logo\":{\"@type\":\"ImageObject\",\"inLanguage\":\"es\",\"@id\":\"https:\\\/\\\/hojassueltas.es\\\/#\\\/schema\\\/logo\\\/image\\\/\",\"url\":\"https:\\\/\\\/hojassueltas.es\\\/wp-content\\\/uploads\\\/2025\\\/08\\\/Icono-HS_2.png\",\"contentUrl\":\"https:\\\/\\\/hojassueltas.es\\\/wp-content\\\/uploads\\\/2025\\\/08\\\/Icono-HS_2.png\",\"width\":500,\"height\":500,\"caption\":\"HOJAS SUELTAS - Peri\u00f3dico Cultural\"},\"image\":{\"@id\":\"https:\\\/\\\/hojassueltas.es\\\/#\\\/schema\\\/logo\\\/image\\\/\"},\"sameAs\":[\"https:\\\/\\\/x.com\\\/HOJASSUELTAS22\"]},{\"@type\":\"Person\",\"@id\":\"https:\\\/\\\/hojassueltas.es\\\/#\\\/schema\\\/person\\\/e4571af4c75b3d33cc950e6968a563ed\",\"name\":\"Director\",\"image\":{\"@type\":\"ImageObject\",\"inLanguage\":\"es\",\"@id\":\"https:\\\/\\\/hojassueltas.es\\\/wp-content\\\/uploads\\\/2025\\\/04\\\/Anxo_Paris--96x96.png\",\"url\":\"https:\\\/\\\/hojassueltas.es\\\/wp-content\\\/uploads\\\/2025\\\/04\\\/Anxo_Paris--96x96.png\",\"contentUrl\":\"https:\\\/\\\/hojassueltas.es\\\/wp-content\\\/uploads\\\/2025\\\/04\\\/Anxo_Paris--96x96.png\",\"caption\":\"Director\"},\"url\":\"https:\\\/\\\/hojassueltas.es\\\/?author=72\"}]}<\/script>\n<!-- \/ Yoast SEO plugin. -->","yoast_head_json":{"title":"Entre la ficci\u00f3n y la realidad: Presentamos nuestras entrevistas ficticias con escritores espa\u00f1oles | HOJAS SUELTAS Peri\u00f3dico Cultural","description":"Informaci\u00f3n sobre la inserci\u00f3n en el diario cultural HOJAS SUELTAS de una nueva secci\u00f3n","robots":{"index":"index","follow":"follow","max-snippet":"max-snippet:-1","max-image-preview":"max-image-preview:large","max-video-preview":"max-video-preview:-1"},"canonical":"https:\/\/hojassueltas.es\/?p=10885","og_locale":"es_ES","og_type":"article","og_title":"Entre la ficci\u00f3n y la realidad: Presentamos nuestras entrevistas ficticias con escritores espa\u00f1oles | HOJAS SUELTAS Peri\u00f3dico Cultural","og_description":"Informaci\u00f3n sobre la inserci\u00f3n en el diario cultural HOJAS SUELTAS de una nueva secci\u00f3n","og_url":"https:\/\/hojassueltas.es\/?p=10885","og_site_name":"HOJAS SUELTAS Peri\u00f3dico Cultural","article_published_time":"2024-05-06T07:43:26+00:00","article_modified_time":"2025-10-22T07:25:57+00:00","og_image":[{"width":550,"height":550,"url":"https:\/\/hojassueltas.es\/wp-content\/uploads\/2024\/05\/Nueva-Seccion-HS.png","type":"image\/png"}],"author":"Director","twitter_card":"summary_large_image","twitter_creator":"@HOJASSUELTAS22","twitter_site":"@HOJASSUELTAS22","twitter_misc":{"Escrito por":"Director","Tiempo de lectura":"2 minutos"},"schema":{"@context":"https:\/\/schema.org","@graph":[{"@type":["Article","BlogPosting"],"@id":"https:\/\/hojassueltas.es\/?p=10885#article","isPartOf":{"@id":"https:\/\/hojassueltas.es\/?p=10885"},"author":{"name":"Director","@id":"https:\/\/hojassueltas.es\/#\/schema\/person\/e4571af4c75b3d33cc950e6968a563ed"},"headline":"Entre la ficci\u00f3n y la realidad: Presentamos nuestras entrevistas ficticias con escritores espa\u00f1oles","datePublished":"2024-05-06T07:43:26+00:00","dateModified":"2025-10-22T07:25:57+00:00","mainEntityOfPage":{"@id":"https:\/\/hojassueltas.es\/?p=10885"},"wordCount":416,"commentCount":2,"publisher":{"@id":"https:\/\/hojassueltas.es\/#organization"},"image":{"@id":"https:\/\/hojassueltas.es\/?p=10885#primaryimage"},"thumbnailUrl":"https:\/\/hojassueltas.es\/wp-content\/uploads\/2024\/05\/Nueva-Seccion-HS.png","keywords":["Editorial"],"articleSection":["EDITORIAL"],"inLanguage":"es","potentialAction":[{"@type":"CommentAction","name":"Comment","target":["https:\/\/hojassueltas.es\/?p=10885#respond"]}]},{"@type":"WebPage","@id":"https:\/\/hojassueltas.es\/?p=10885","url":"https:\/\/hojassueltas.es\/?p=10885","name":"Entre la ficci\u00f3n y la realidad: Presentamos nuestras entrevistas ficticias con escritores espa\u00f1oles | HOJAS SUELTAS Peri\u00f3dico Cultural","isPartOf":{"@id":"https:\/\/hojassueltas.es\/#website"},"primaryImageOfPage":{"@id":"https:\/\/hojassueltas.es\/?p=10885#primaryimage"},"image":{"@id":"https:\/\/hojassueltas.es\/?p=10885#primaryimage"},"thumbnailUrl":"https:\/\/hojassueltas.es\/wp-content\/uploads\/2024\/05\/Nueva-Seccion-HS.png","datePublished":"2024-05-06T07:43:26+00:00","dateModified":"2025-10-22T07:25:57+00:00","description":"Informaci\u00f3n sobre la inserci\u00f3n en el diario cultural HOJAS SUELTAS de una nueva secci\u00f3n","breadcrumb":{"@id":"https:\/\/hojassueltas.es\/?p=10885#breadcrumb"},"inLanguage":"es","potentialAction":[{"@type":"ReadAction","target":["https:\/\/hojassueltas.es\/?p=10885"]}]},{"@type":"ImageObject","inLanguage":"es","@id":"https:\/\/hojassueltas.es\/?p=10885#primaryimage","url":"https:\/\/hojassueltas.es\/wp-content\/uploads\/2024\/05\/Nueva-Seccion-HS.png","contentUrl":"https:\/\/hojassueltas.es\/wp-content\/uploads\/2024\/05\/Nueva-Seccion-HS.png","width":550,"height":550},{"@type":"BreadcrumbList","@id":"https:\/\/hojassueltas.es\/?p=10885#breadcrumb","itemListElement":[{"@type":"ListItem","position":1,"name":"Portada","item":"https:\/\/hojassueltas.es\/"},{"@type":"ListItem","position":2,"name":"Entre la ficci\u00f3n y la realidad: Presentamos nuestras entrevistas ficticias con escritores espa\u00f1oles"}]},{"@type":"WebSite","@id":"https:\/\/hojassueltas.es\/#website","url":"https:\/\/hojassueltas.es\/","name":"HojasSueltas.es","description":"GRANADA - Peri\u00f3dico Cultural","publisher":{"@id":"https:\/\/hojassueltas.es\/#organization"},"alternateName":"H.S. Periodico Cultural","potentialAction":[{"@type":"SearchAction","target":{"@type":"EntryPoint","urlTemplate":"https:\/\/hojassueltas.es\/?s={search_term_string}"},"query-input":{"@type":"PropertyValueSpecification","valueRequired":true,"valueName":"search_term_string"}}],"inLanguage":"es"},{"@type":"Organization","@id":"https:\/\/hojassueltas.es\/#organization","name":"HOJAS SUELTAS - Peri\u00f3dico Cultural","alternateName":"HS - HOJAS SUELTAS Peri\u00f3dico Cultural","url":"https:\/\/hojassueltas.es\/","logo":{"@type":"ImageObject","inLanguage":"es","@id":"https:\/\/hojassueltas.es\/#\/schema\/logo\/image\/","url":"https:\/\/hojassueltas.es\/wp-content\/uploads\/2025\/08\/Icono-HS_2.png","contentUrl":"https:\/\/hojassueltas.es\/wp-content\/uploads\/2025\/08\/Icono-HS_2.png","width":500,"height":500,"caption":"HOJAS SUELTAS - Peri\u00f3dico Cultural"},"image":{"@id":"https:\/\/hojassueltas.es\/#\/schema\/logo\/image\/"},"sameAs":["https:\/\/x.com\/HOJASSUELTAS22"]},{"@type":"Person","@id":"https:\/\/hojassueltas.es\/#\/schema\/person\/e4571af4c75b3d33cc950e6968a563ed","name":"Director","image":{"@type":"ImageObject","inLanguage":"es","@id":"https:\/\/hojassueltas.es\/wp-content\/uploads\/2025\/04\/Anxo_Paris--96x96.png","url":"https:\/\/hojassueltas.es\/wp-content\/uploads\/2025\/04\/Anxo_Paris--96x96.png","contentUrl":"https:\/\/hojassueltas.es\/wp-content\/uploads\/2025\/04\/Anxo_Paris--96x96.png","caption":"Director"},"url":"https:\/\/hojassueltas.es\/?author=72"}]}},"_links":{"self":[{"href":"https:\/\/hojassueltas.es\/index.php?rest_route=\/wp\/v2\/posts\/10885","targetHints":{"allow":["GET"]}}],"collection":[{"href":"https:\/\/hojassueltas.es\/index.php?rest_route=\/wp\/v2\/posts"}],"about":[{"href":"https:\/\/hojassueltas.es\/index.php?rest_route=\/wp\/v2\/types\/post"}],"author":[{"embeddable":true,"href":"https:\/\/hojassueltas.es\/index.php?rest_route=\/wp\/v2\/users\/72"}],"replies":[{"embeddable":true,"href":"https:\/\/hojassueltas.es\/index.php?rest_route=%2Fwp%2Fv2%2Fcomments&post=10885"}],"version-history":[{"count":4,"href":"https:\/\/hojassueltas.es\/index.php?rest_route=\/wp\/v2\/posts\/10885\/revisions"}],"predecessor-version":[{"id":10899,"href":"https:\/\/hojassueltas.es\/index.php?rest_route=\/wp\/v2\/posts\/10885\/revisions\/10899"}],"wp:featuredmedia":[{"embeddable":true,"href":"https:\/\/hojassueltas.es\/index.php?rest_route=\/wp\/v2\/media\/10886"}],"wp:attachment":[{"href":"https:\/\/hojassueltas.es\/index.php?rest_route=%2Fwp%2Fv2%2Fmedia&parent=10885"}],"wp:term":[{"taxonomy":"category","embeddable":true,"href":"https:\/\/hojassueltas.es\/index.php?rest_route=%2Fwp%2Fv2%2Fcategories&post=10885"},{"taxonomy":"post_tag","embeddable":true,"href":"https:\/\/hojassueltas.es\/index.php?rest_route=%2Fwp%2Fv2%2Ftags&post=10885"}],"curies":[{"name":"wp","href":"https:\/\/api.w.org\/{rel}","templated":true}]}}