{"id":10706,"date":"2024-05-07T00:00:28","date_gmt":"2024-05-06T22:00:28","guid":{"rendered":"https:\/\/hojassueltas.es\/?p=10706"},"modified":"2025-10-18T11:06:59","modified_gmt":"2025-10-18T09:06:59","slug":"tango-del-torturador-arrepentido-carlos-salem","status":"publish","type":"post","link":"https:\/\/hojassueltas.es\/?p=10706","title":{"rendered":"Tango del torturador arrepentido &#8211; Carlos Salem"},"content":{"rendered":"<div style=\"text-align: justify;\">Buenos Aires, 1978. A dos a\u00f1os del golpe de Estado, miles de personas son recluidas en centros clandestinos de detenci\u00f3n. La mayor\u00eda no saldr\u00e1 con vida. Julio, joven hijo de un poderoso industrial, es uno de ellos, un \u00abdesaparecido\u00bb m\u00e1s. Salvar\u00e1 su vida el mayor Morales, a cargo del cuartel, porque le recuerda a su hijo fallecido en un accidente. Tres meses m\u00e1s tarde, Julio es \u00abliberado\u00bb, pero ya no ser\u00e1 el mismo. Ha tomado una decisi\u00f3n.<\/div>\n<div style=\"text-align: justify;\">Madrid, 2000. Julio se llama ahora Jorge Luis. Lleva una vida acomodada y solitaria. Durante una salida fortuita, se encuentra con Morales y despierta en \u00e9l la voz de Julio, que exige venganza. Se introduce en la vida del exmilitar para destruirlo, y desarrolla hacia el hombre que debe matar un afecto que no tuvo por su propio padre.<\/div>\n<div style=\"text-align: justify;\">Pero la historia de ambos es una canci\u00f3n triste, un tango fatal del que ya suenan los compases finales.<\/div>\n<div><\/div>\n<div style=\"text-align: justify;\">El Autor:<\/div>\n<div style=\"text-align: justify;\"><\/div>\n<div>\n<div style=\"text-align: justify;\"><strong>Carlos Salem<\/strong> naci\u00f3 en Argentina y lleva en Espa\u00f1a \u00abalgo m\u00e1s de media vida\u00bb. Es novelista, poeta y periodista. En narrativa, la novela negra es su campo de acci\u00f3n habitual, aunque como lo defin\u00eda Fernando Mar\u00edas: \u00abSalem es un g\u00e9nero en s\u00ed mismo\u00bb. Desde que debut\u00f3 en 2007, sus obras han sido<\/div>\n<div style=\"text-align: justify;\">publicadas en Espa\u00f1a, M\u00e9xico, Argentina, Italia, Alemania y especialmente en Francia, donde goza de gran prestigio.<\/div>\n<div style=\"text-align: justify;\">Ha ganado los premios Silverio Ca\u00f1ada de la Semana Negra de Gij\u00f3n, Novelpol, Paris Noir, Mandarache, Internacional Sese\u00f1a de Novela, Valencia Negra y Violeta Negra, adem\u00e1s de ser finalista en varias ocasiones del Dashiell Hammett, o de los Prix 813 y SCNF en Francia.<\/div>\n<div style=\"text-align: justify;\">Entre sus t\u00edtulos destacados:<em>\u00a0Camino de ida<\/em>;\u00a0<em>Matar y guardar la ropa<\/em>;\u00a0<em>Pero sigo siendo el rey<\/em>;\u00a0<em>Cracovia sin ti<\/em>;\u00a0<em>Un jam\u00f3n calibre 45<\/em>;\u00a0<em>En el cielo no hay cerveza<\/em>, y\u00a0<em>Muerto el perro<\/em>. Es tambi\u00e9n autor de la serie de la Brigada de los Ap\u00f3stoles encabezada por Dalia Fierro y Severo Justo, que se inici\u00f3 en 2021 con\u00a0<em>Los que merecen morir<\/em>\u00a0y se consolid\u00f3 con\u00a0<em>Madrid nos mata <\/em>en 2022 y\u00a0<em>Los dioses tambi\u00e9n mueren<\/em>\u00a0en 2023.<\/div>\n<div style=\"text-align: justify;\"><em>Tango del torturador arrepentido<\/em>\u00a0es su libro n\u00famero 50.<\/div>\n<div><\/div>\n<div><span style=\"font-family: impact, sans-serif;\">\u00a9 Alrev\u00e9s<\/span><\/div>\n<\/div>\n","protected":false},"excerpt":{"rendered":"<p>Buenos Aires, 1978. A dos a\u00f1os del golpe de Estado, miles de personas son recluidas en centros clandestinos de detenci\u00f3n. La mayor\u00eda no saldr\u00e1 con vida. Julio, joven hijo de un poderoso industrial, es uno de ellos, un \u00abdesaparecido\u00bb m\u00e1s. Salvar\u00e1 su vida el mayor Morales, a cargo del cuartel, porque le recuerda a su [&hellip;]<\/p>\n","protected":false},"author":1,"featured_media":10708,"comment_status":"open","ping_status":"closed","sticky":false,"template":"","format":"standard","meta":{"footnotes":""},"categories":[1124],"tags":[249,502],"class_list":{"0":"post-10706","1":"post","2":"type-post","3":"status-publish","4":"format-standard","5":"has-post-thumbnail","7":"category-por-que-leer","8":"tag-alreves-editorial","9":"tag-carlos-salem"},"yoast_head":"<!-- This site is optimized with the Yoast SEO plugin v27.5 - https:\/\/yoast.com\/product\/yoast-seo-wordpress\/ -->\n<title>Tango del torturador arrepentido - Carlos Salem | HOJAS SUELTAS Peri\u00f3dico Cultural<\/title>\n<meta name=\"description\" content=\"Buenos Aires, 1978. A dos a\u00f1os del golpe de Estado, miles de personas son recluidas en centros clandestinos de detenci\u00f3n. La mayor\u00eda no saldr\u00e1 con vida. Julio,\" \/>\n<meta name=\"robots\" content=\"index, follow, max-snippet:-1, max-image-preview:large, max-video-preview:-1\" \/>\n<link rel=\"canonical\" href=\"https:\/\/hojassueltas.es\/?p=10706\" \/>\n<meta property=\"og:locale\" content=\"es_ES\" \/>\n<meta property=\"og:type\" content=\"article\" \/>\n<meta property=\"og:title\" content=\"Tango del torturador arrepentido - Carlos Salem | HOJAS SUELTAS Peri\u00f3dico Cultural\" \/>\n<meta property=\"og:description\" content=\"Buenos Aires, 1978. A dos a\u00f1os del golpe de Estado, miles de personas son recluidas en centros clandestinos de detenci\u00f3n. La mayor\u00eda no saldr\u00e1 con vida. Julio,\" \/>\n<meta property=\"og:url\" content=\"https:\/\/hojassueltas.es\/?p=10706\" \/>\n<meta property=\"og:site_name\" content=\"HOJAS SUELTAS Peri\u00f3dico Cultural\" \/>\n<meta property=\"article:published_time\" content=\"2024-05-06T22:00:28+00:00\" \/>\n<meta property=\"article:modified_time\" content=\"2025-10-18T09:06:59+00:00\" \/>\n<meta property=\"og:image\" content=\"https:\/\/hojassueltas.es\/wp-content\/uploads\/2024\/05\/Tango-del-torturador-HS.png\" \/>\n\t<meta property=\"og:image:width\" content=\"550\" \/>\n\t<meta property=\"og:image:height\" content=\"550\" \/>\n\t<meta property=\"og:image:type\" content=\"image\/png\" \/>\n<meta name=\"author\" content=\"Redacci\u00f3n\" \/>\n<meta name=\"twitter:card\" content=\"summary_large_image\" \/>\n<meta name=\"twitter:creator\" content=\"@HOJASSUELTAS22\" \/>\n<meta name=\"twitter:site\" content=\"@HOJASSUELTAS22\" \/>\n<meta name=\"twitter:label1\" content=\"Escrito por\" \/>\n\t<meta name=\"twitter:data1\" content=\"Redacci\u00f3n\" \/>\n\t<meta name=\"twitter:label2\" content=\"Tiempo de lectura\" \/>\n\t<meta name=\"twitter:data2\" content=\"2 minutos\" \/>\n<script type=\"application\/ld+json\" class=\"yoast-schema-graph\">{\"@context\":\"https:\\\/\\\/schema.org\",\"@graph\":[{\"@type\":[\"Article\",\"BlogPosting\"],\"@id\":\"https:\\\/\\\/hojassueltas.es\\\/?p=10706#article\",\"isPartOf\":{\"@id\":\"https:\\\/\\\/hojassueltas.es\\\/?p=10706\"},\"author\":{\"name\":\"Redacci\u00f3n\",\"@id\":\"https:\\\/\\\/hojassueltas.es\\\/#\\\/schema\\\/person\\\/f232bbdb834c61c90aff2245daa401c0\"},\"headline\":\"Tango del torturador arrepentido &#8211; Carlos Salem\",\"datePublished\":\"2024-05-06T22:00:28+00:00\",\"dateModified\":\"2025-10-18T09:06:59+00:00\",\"mainEntityOfPage\":{\"@id\":\"https:\\\/\\\/hojassueltas.es\\\/?p=10706\"},\"wordCount\":382,\"commentCount\":0,\"publisher\":{\"@id\":\"https:\\\/\\\/hojassueltas.es\\\/#organization\"},\"image\":{\"@id\":\"https:\\\/\\\/hojassueltas.es\\\/?p=10706#primaryimage\"},\"thumbnailUrl\":\"https:\\\/\\\/hojassueltas.es\\\/wp-content\\\/uploads\\\/2024\\\/05\\\/Tango-del-torturador-HS.png\",\"keywords\":[\"Alrev\u00e9s Editorial\",\"Carlos Salem\"],\"articleSection\":[\"POR QU\u00c9 LEER...\"],\"inLanguage\":\"es\",\"potentialAction\":[{\"@type\":\"CommentAction\",\"name\":\"Comment\",\"target\":[\"https:\\\/\\\/hojassueltas.es\\\/?p=10706#respond\"]}]},{\"@type\":\"WebPage\",\"@id\":\"https:\\\/\\\/hojassueltas.es\\\/?p=10706\",\"url\":\"https:\\\/\\\/hojassueltas.es\\\/?p=10706\",\"name\":\"Tango del torturador arrepentido - Carlos Salem | HOJAS SUELTAS Peri\u00f3dico Cultural\",\"isPartOf\":{\"@id\":\"https:\\\/\\\/hojassueltas.es\\\/#website\"},\"primaryImageOfPage\":{\"@id\":\"https:\\\/\\\/hojassueltas.es\\\/?p=10706#primaryimage\"},\"image\":{\"@id\":\"https:\\\/\\\/hojassueltas.es\\\/?p=10706#primaryimage\"},\"thumbnailUrl\":\"https:\\\/\\\/hojassueltas.es\\\/wp-content\\\/uploads\\\/2024\\\/05\\\/Tango-del-torturador-HS.png\",\"datePublished\":\"2024-05-06T22:00:28+00:00\",\"dateModified\":\"2025-10-18T09:06:59+00:00\",\"description\":\"Buenos Aires, 1978. A dos a\u00f1os del golpe de Estado, miles de personas son recluidas en centros clandestinos de detenci\u00f3n. La mayor\u00eda no saldr\u00e1 con vida. Julio,\",\"breadcrumb\":{\"@id\":\"https:\\\/\\\/hojassueltas.es\\\/?p=10706#breadcrumb\"},\"inLanguage\":\"es\",\"potentialAction\":[{\"@type\":\"ReadAction\",\"target\":[\"https:\\\/\\\/hojassueltas.es\\\/?p=10706\"]}]},{\"@type\":\"ImageObject\",\"inLanguage\":\"es\",\"@id\":\"https:\\\/\\\/hojassueltas.es\\\/?p=10706#primaryimage\",\"url\":\"https:\\\/\\\/hojassueltas.es\\\/wp-content\\\/uploads\\\/2024\\\/05\\\/Tango-del-torturador-HS.png\",\"contentUrl\":\"https:\\\/\\\/hojassueltas.es\\\/wp-content\\\/uploads\\\/2024\\\/05\\\/Tango-del-torturador-HS.png\",\"width\":550,\"height\":550},{\"@type\":\"BreadcrumbList\",\"@id\":\"https:\\\/\\\/hojassueltas.es\\\/?p=10706#breadcrumb\",\"itemListElement\":[{\"@type\":\"ListItem\",\"position\":1,\"name\":\"Portada\",\"item\":\"https:\\\/\\\/hojassueltas.es\\\/\"},{\"@type\":\"ListItem\",\"position\":2,\"name\":\"Tango del torturador arrepentido &#8211; Carlos Salem\"}]},{\"@type\":\"WebSite\",\"@id\":\"https:\\\/\\\/hojassueltas.es\\\/#website\",\"url\":\"https:\\\/\\\/hojassueltas.es\\\/\",\"name\":\"HojasSueltas.es\",\"description\":\"GRANADA - Peri\u00f3dico Cultural\",\"publisher\":{\"@id\":\"https:\\\/\\\/hojassueltas.es\\\/#organization\"},\"alternateName\":\"H.S. Periodico Cultural\",\"potentialAction\":[{\"@type\":\"SearchAction\",\"target\":{\"@type\":\"EntryPoint\",\"urlTemplate\":\"https:\\\/\\\/hojassueltas.es\\\/?s={search_term_string}\"},\"query-input\":{\"@type\":\"PropertyValueSpecification\",\"valueRequired\":true,\"valueName\":\"search_term_string\"}}],\"inLanguage\":\"es\"},{\"@type\":\"Organization\",\"@id\":\"https:\\\/\\\/hojassueltas.es\\\/#organization\",\"name\":\"HOJAS SUELTAS - Peri\u00f3dico Cultural\",\"alternateName\":\"HS - HOJAS SUELTAS Peri\u00f3dico Cultural\",\"url\":\"https:\\\/\\\/hojassueltas.es\\\/\",\"logo\":{\"@type\":\"ImageObject\",\"inLanguage\":\"es\",\"@id\":\"https:\\\/\\\/hojassueltas.es\\\/#\\\/schema\\\/logo\\\/image\\\/\",\"url\":\"https:\\\/\\\/hojassueltas.es\\\/wp-content\\\/uploads\\\/2025\\\/08\\\/Icono-HS_2.png\",\"contentUrl\":\"https:\\\/\\\/hojassueltas.es\\\/wp-content\\\/uploads\\\/2025\\\/08\\\/Icono-HS_2.png\",\"width\":500,\"height\":500,\"caption\":\"HOJAS SUELTAS - Peri\u00f3dico Cultural\"},\"image\":{\"@id\":\"https:\\\/\\\/hojassueltas.es\\\/#\\\/schema\\\/logo\\\/image\\\/\"},\"sameAs\":[\"https:\\\/\\\/x.com\\\/HOJASSUELTAS22\"]},{\"@type\":\"Person\",\"@id\":\"https:\\\/\\\/hojassueltas.es\\\/#\\\/schema\\\/person\\\/f232bbdb834c61c90aff2245daa401c0\",\"name\":\"Redacci\u00f3n\",\"image\":{\"@type\":\"ImageObject\",\"inLanguage\":\"es\",\"@id\":\"https:\\\/\\\/hojassueltas.es\\\/wp-content\\\/uploads\\\/2026\\\/02\\\/Redaccion-2-96x96.png\",\"url\":\"https:\\\/\\\/hojassueltas.es\\\/wp-content\\\/uploads\\\/2026\\\/02\\\/Redaccion-2-96x96.png\",\"contentUrl\":\"https:\\\/\\\/hojassueltas.es\\\/wp-content\\\/uploads\\\/2026\\\/02\\\/Redaccion-2-96x96.png\",\"caption\":\"Redacci\u00f3n\"},\"description\":\"Redacci\u00f3n de HOJAS SUELTAS\",\"url\":\"https:\\\/\\\/hojassueltas.es\\\/?author=1\"}]}<\/script>\n<!-- \/ Yoast SEO plugin. -->","yoast_head_json":{"title":"Tango del torturador arrepentido - Carlos Salem | HOJAS SUELTAS Peri\u00f3dico Cultural","description":"Buenos Aires, 1978. A dos a\u00f1os del golpe de Estado, miles de personas son recluidas en centros clandestinos de detenci\u00f3n. La mayor\u00eda no saldr\u00e1 con vida. Julio,","robots":{"index":"index","follow":"follow","max-snippet":"max-snippet:-1","max-image-preview":"max-image-preview:large","max-video-preview":"max-video-preview:-1"},"canonical":"https:\/\/hojassueltas.es\/?p=10706","og_locale":"es_ES","og_type":"article","og_title":"Tango del torturador arrepentido - Carlos Salem | HOJAS SUELTAS Peri\u00f3dico Cultural","og_description":"Buenos Aires, 1978. A dos a\u00f1os del golpe de Estado, miles de personas son recluidas en centros clandestinos de detenci\u00f3n. La mayor\u00eda no saldr\u00e1 con vida. Julio,","og_url":"https:\/\/hojassueltas.es\/?p=10706","og_site_name":"HOJAS SUELTAS Peri\u00f3dico Cultural","article_published_time":"2024-05-06T22:00:28+00:00","article_modified_time":"2025-10-18T09:06:59+00:00","og_image":[{"width":550,"height":550,"url":"https:\/\/hojassueltas.es\/wp-content\/uploads\/2024\/05\/Tango-del-torturador-HS.png","type":"image\/png"}],"author":"Redacci\u00f3n","twitter_card":"summary_large_image","twitter_creator":"@HOJASSUELTAS22","twitter_site":"@HOJASSUELTAS22","twitter_misc":{"Escrito por":"Redacci\u00f3n","Tiempo de lectura":"2 minutos"},"schema":{"@context":"https:\/\/schema.org","@graph":[{"@type":["Article","BlogPosting"],"@id":"https:\/\/hojassueltas.es\/?p=10706#article","isPartOf":{"@id":"https:\/\/hojassueltas.es\/?p=10706"},"author":{"name":"Redacci\u00f3n","@id":"https:\/\/hojassueltas.es\/#\/schema\/person\/f232bbdb834c61c90aff2245daa401c0"},"headline":"Tango del torturador arrepentido &#8211; Carlos Salem","datePublished":"2024-05-06T22:00:28+00:00","dateModified":"2025-10-18T09:06:59+00:00","mainEntityOfPage":{"@id":"https:\/\/hojassueltas.es\/?p=10706"},"wordCount":382,"commentCount":0,"publisher":{"@id":"https:\/\/hojassueltas.es\/#organization"},"image":{"@id":"https:\/\/hojassueltas.es\/?p=10706#primaryimage"},"thumbnailUrl":"https:\/\/hojassueltas.es\/wp-content\/uploads\/2024\/05\/Tango-del-torturador-HS.png","keywords":["Alrev\u00e9s Editorial","Carlos Salem"],"articleSection":["POR QU\u00c9 LEER..."],"inLanguage":"es","potentialAction":[{"@type":"CommentAction","name":"Comment","target":["https:\/\/hojassueltas.es\/?p=10706#respond"]}]},{"@type":"WebPage","@id":"https:\/\/hojassueltas.es\/?p=10706","url":"https:\/\/hojassueltas.es\/?p=10706","name":"Tango del torturador arrepentido - Carlos Salem | HOJAS SUELTAS Peri\u00f3dico Cultural","isPartOf":{"@id":"https:\/\/hojassueltas.es\/#website"},"primaryImageOfPage":{"@id":"https:\/\/hojassueltas.es\/?p=10706#primaryimage"},"image":{"@id":"https:\/\/hojassueltas.es\/?p=10706#primaryimage"},"thumbnailUrl":"https:\/\/hojassueltas.es\/wp-content\/uploads\/2024\/05\/Tango-del-torturador-HS.png","datePublished":"2024-05-06T22:00:28+00:00","dateModified":"2025-10-18T09:06:59+00:00","description":"Buenos Aires, 1978. A dos a\u00f1os del golpe de Estado, miles de personas son recluidas en centros clandestinos de detenci\u00f3n. La mayor\u00eda no saldr\u00e1 con vida. Julio,","breadcrumb":{"@id":"https:\/\/hojassueltas.es\/?p=10706#breadcrumb"},"inLanguage":"es","potentialAction":[{"@type":"ReadAction","target":["https:\/\/hojassueltas.es\/?p=10706"]}]},{"@type":"ImageObject","inLanguage":"es","@id":"https:\/\/hojassueltas.es\/?p=10706#primaryimage","url":"https:\/\/hojassueltas.es\/wp-content\/uploads\/2024\/05\/Tango-del-torturador-HS.png","contentUrl":"https:\/\/hojassueltas.es\/wp-content\/uploads\/2024\/05\/Tango-del-torturador-HS.png","width":550,"height":550},{"@type":"BreadcrumbList","@id":"https:\/\/hojassueltas.es\/?p=10706#breadcrumb","itemListElement":[{"@type":"ListItem","position":1,"name":"Portada","item":"https:\/\/hojassueltas.es\/"},{"@type":"ListItem","position":2,"name":"Tango del torturador arrepentido &#8211; Carlos Salem"}]},{"@type":"WebSite","@id":"https:\/\/hojassueltas.es\/#website","url":"https:\/\/hojassueltas.es\/","name":"HojasSueltas.es","description":"GRANADA - Peri\u00f3dico Cultural","publisher":{"@id":"https:\/\/hojassueltas.es\/#organization"},"alternateName":"H.S. Periodico Cultural","potentialAction":[{"@type":"SearchAction","target":{"@type":"EntryPoint","urlTemplate":"https:\/\/hojassueltas.es\/?s={search_term_string}"},"query-input":{"@type":"PropertyValueSpecification","valueRequired":true,"valueName":"search_term_string"}}],"inLanguage":"es"},{"@type":"Organization","@id":"https:\/\/hojassueltas.es\/#organization","name":"HOJAS SUELTAS - Peri\u00f3dico Cultural","alternateName":"HS - HOJAS SUELTAS Peri\u00f3dico Cultural","url":"https:\/\/hojassueltas.es\/","logo":{"@type":"ImageObject","inLanguage":"es","@id":"https:\/\/hojassueltas.es\/#\/schema\/logo\/image\/","url":"https:\/\/hojassueltas.es\/wp-content\/uploads\/2025\/08\/Icono-HS_2.png","contentUrl":"https:\/\/hojassueltas.es\/wp-content\/uploads\/2025\/08\/Icono-HS_2.png","width":500,"height":500,"caption":"HOJAS SUELTAS - Peri\u00f3dico Cultural"},"image":{"@id":"https:\/\/hojassueltas.es\/#\/schema\/logo\/image\/"},"sameAs":["https:\/\/x.com\/HOJASSUELTAS22"]},{"@type":"Person","@id":"https:\/\/hojassueltas.es\/#\/schema\/person\/f232bbdb834c61c90aff2245daa401c0","name":"Redacci\u00f3n","image":{"@type":"ImageObject","inLanguage":"es","@id":"https:\/\/hojassueltas.es\/wp-content\/uploads\/2026\/02\/Redaccion-2-96x96.png","url":"https:\/\/hojassueltas.es\/wp-content\/uploads\/2026\/02\/Redaccion-2-96x96.png","contentUrl":"https:\/\/hojassueltas.es\/wp-content\/uploads\/2026\/02\/Redaccion-2-96x96.png","caption":"Redacci\u00f3n"},"description":"Redacci\u00f3n de HOJAS SUELTAS","url":"https:\/\/hojassueltas.es\/?author=1"}]}},"_links":{"self":[{"href":"https:\/\/hojassueltas.es\/index.php?rest_route=\/wp\/v2\/posts\/10706","targetHints":{"allow":["GET"]}}],"collection":[{"href":"https:\/\/hojassueltas.es\/index.php?rest_route=\/wp\/v2\/posts"}],"about":[{"href":"https:\/\/hojassueltas.es\/index.php?rest_route=\/wp\/v2\/types\/post"}],"author":[{"embeddable":true,"href":"https:\/\/hojassueltas.es\/index.php?rest_route=\/wp\/v2\/users\/1"}],"replies":[{"embeddable":true,"href":"https:\/\/hojassueltas.es\/index.php?rest_route=%2Fwp%2Fv2%2Fcomments&post=10706"}],"version-history":[{"count":1,"href":"https:\/\/hojassueltas.es\/index.php?rest_route=\/wp\/v2\/posts\/10706\/revisions"}],"predecessor-version":[{"id":10707,"href":"https:\/\/hojassueltas.es\/index.php?rest_route=\/wp\/v2\/posts\/10706\/revisions\/10707"}],"wp:featuredmedia":[{"embeddable":true,"href":"https:\/\/hojassueltas.es\/index.php?rest_route=\/wp\/v2\/media\/10708"}],"wp:attachment":[{"href":"https:\/\/hojassueltas.es\/index.php?rest_route=%2Fwp%2Fv2%2Fmedia&parent=10706"}],"wp:term":[{"taxonomy":"category","embeddable":true,"href":"https:\/\/hojassueltas.es\/index.php?rest_route=%2Fwp%2Fv2%2Fcategories&post=10706"},{"taxonomy":"post_tag","embeddable":true,"href":"https:\/\/hojassueltas.es\/index.php?rest_route=%2Fwp%2Fv2%2Ftags&post=10706"}],"curies":[{"name":"wp","href":"https:\/\/api.w.org\/{rel}","templated":true}]}}