{"id":10630,"date":"2024-05-02T00:00:30","date_gmt":"2024-05-01T22:00:30","guid":{"rendered":"https:\/\/hojassueltas.es\/?p=10630"},"modified":"2025-10-18T11:08:08","modified_gmt":"2025-10-18T09:08:08","slug":"antonio-altarriba-vanguardia-y-critica-en-el-comic-contemporaneo","status":"publish","type":"post","link":"https:\/\/hojassueltas.es\/?p=10630","title":{"rendered":"Antonio Altarriba: Vanguardia y cr\u00edtica en el &#8216;C\u00f3mic Contempor\u00e1neo&#8217;"},"content":{"rendered":"<p style=\"text-align: justify;\">Antonio Altarriba, galardonado con el Premio Nacional de C\u00f3mic, protagoniz\u00f3 una enriquecedora charla en la Biblioteca P\u00fablica de Palencia, destacando su m\u00e1s reciente obra, \u2018El cielo en la cabeza\u2019. Esta novela gr\u00e1fica, reconocida por su cr\u00edtica al expolio de los recursos en pa\u00edses empobrecidos, fue el tema central del encuentro. La obra, realizada junto al dibujante Sergio Garc\u00eda y la colorista Lola Moral, es descrita como una \u00abodisea creativa\u00bb que desaf\u00eda las convenciones narrativas y visuales, destacando por su enfoque adulto y su cruda representaci\u00f3n de conflictos y colonizaci\u00f3n en la Rep\u00fablica Democr\u00e1tica del Congo. Adem\u00e1s, Altarriba aprovech\u00f3 para reflexionar sobre el impacto y la evoluci\u00f3n del c\u00f3mic en Espa\u00f1a, resaltando el creciente reconocimiento de las novelas gr\u00e1ficas como una forma de literatura madura y compleja.<\/p>\n<p><span style=\"font-family: impact, sans-serif;\">\u00a9 Redacci\u00f3n<\/span><\/p>\n","protected":false},"excerpt":{"rendered":"<p>Antonio Altarriba, galardonado con el Premio Nacional de C\u00f3mic, protagoniz\u00f3 una enriquecedora charla en la Biblioteca P\u00fablica de Palencia, destacando su m\u00e1s reciente obra, \u2018El cielo en la cabeza\u2019. Esta novela gr\u00e1fica, reconocida por su cr\u00edtica al expolio de los recursos en pa\u00edses empobrecidos, fue el tema central del encuentro. La obra, realizada junto al [&hellip;]<\/p>\n","protected":false},"author":1,"featured_media":10613,"comment_status":"open","ping_status":"closed","sticky":false,"template":"","format":"standard","meta":{"footnotes":""},"categories":[1124],"tags":[920],"class_list":{"0":"post-10630","1":"post","2":"type-post","3":"status-publish","4":"format-standard","5":"has-post-thumbnail","7":"category-por-que-leer","8":"tag-antonio-altarriba"},"yoast_head":"<!-- This site is optimized with the Yoast SEO plugin v27.4 - https:\/\/yoast.com\/product\/yoast-seo-wordpress\/ -->\n<title>Antonio Altarriba: Vanguardia y cr\u00edtica en el &#039;C\u00f3mic Contempor\u00e1neo&#039; | HOJAS SUELTAS Peri\u00f3dico Cultural |<\/title>\n<meta name=\"description\" content=\"Antonio Altarriba, galardonado con el Premio Nacional de C\u00f3mic, protagoniz\u00f3 una enriquecedora charla en la Biblioteca P\u00fablica de Palencia, destacando su m\u00e1s reciente\" \/>\n<meta name=\"robots\" content=\"index, follow, max-snippet:-1, max-image-preview:large, max-video-preview:-1\" \/>\n<link rel=\"canonical\" href=\"https:\/\/hojassueltas.es\/?p=10630\" \/>\n<meta property=\"og:locale\" content=\"es_ES\" \/>\n<meta property=\"og:type\" content=\"article\" \/>\n<meta property=\"og:title\" content=\"Antonio Altarriba: Vanguardia y cr\u00edtica en el &#039;C\u00f3mic Contempor\u00e1neo&#039; | HOJAS SUELTAS Peri\u00f3dico Cultural |\" \/>\n<meta property=\"og:description\" content=\"Antonio Altarriba, galardonado con el Premio Nacional de C\u00f3mic, protagoniz\u00f3 una enriquecedora charla en la Biblioteca P\u00fablica de Palencia, destacando su m\u00e1s reciente\" \/>\n<meta property=\"og:url\" content=\"https:\/\/hojassueltas.es\/?p=10630\" \/>\n<meta property=\"og:site_name\" content=\"HOJAS SUELTAS Peri\u00f3dico Cultural\" \/>\n<meta property=\"article:published_time\" content=\"2024-05-01T22:00:30+00:00\" \/>\n<meta property=\"article:modified_time\" content=\"2025-10-18T09:08:08+00:00\" \/>\n<meta property=\"og:image\" content=\"https:\/\/hojassueltas.es\/wp-content\/uploads\/2024\/04\/ACTUALIDAD-HS-1.png\" \/>\n\t<meta property=\"og:image:width\" content=\"550\" \/>\n\t<meta property=\"og:image:height\" content=\"550\" \/>\n\t<meta property=\"og:image:type\" content=\"image\/png\" \/>\n<meta name=\"author\" content=\"Redacci\u00f3n\" \/>\n<meta name=\"twitter:card\" content=\"summary_large_image\" \/>\n<meta name=\"twitter:creator\" content=\"@HOJASSUELTAS22\" \/>\n<meta name=\"twitter:site\" content=\"@HOJASSUELTAS22\" \/>\n<meta name=\"twitter:label1\" content=\"Escrito por\" \/>\n\t<meta name=\"twitter:data1\" content=\"Redacci\u00f3n\" \/>\n\t<meta name=\"twitter:label2\" content=\"Tiempo de lectura\" \/>\n\t<meta name=\"twitter:data2\" content=\"1 minuto\" \/>\n<script type=\"application\/ld+json\" class=\"yoast-schema-graph\">{\"@context\":\"https:\\\/\\\/schema.org\",\"@graph\":[{\"@type\":[\"Article\",\"BlogPosting\"],\"@id\":\"https:\\\/\\\/hojassueltas.es\\\/?p=10630#article\",\"isPartOf\":{\"@id\":\"https:\\\/\\\/hojassueltas.es\\\/?p=10630\"},\"author\":{\"name\":\"Redacci\u00f3n\",\"@id\":\"https:\\\/\\\/hojassueltas.es\\\/#\\\/schema\\\/person\\\/f232bbdb834c61c90aff2245daa401c0\"},\"headline\":\"Antonio Altarriba: Vanguardia y cr\u00edtica en el &#8216;C\u00f3mic Contempor\u00e1neo&#8217;\",\"datePublished\":\"2024-05-01T22:00:30+00:00\",\"dateModified\":\"2025-10-18T09:08:08+00:00\",\"mainEntityOfPage\":{\"@id\":\"https:\\\/\\\/hojassueltas.es\\\/?p=10630\"},\"wordCount\":157,\"commentCount\":0,\"publisher\":{\"@id\":\"https:\\\/\\\/hojassueltas.es\\\/#organization\"},\"image\":{\"@id\":\"https:\\\/\\\/hojassueltas.es\\\/?p=10630#primaryimage\"},\"thumbnailUrl\":\"https:\\\/\\\/hojassueltas.es\\\/wp-content\\\/uploads\\\/2024\\\/04\\\/ACTUALIDAD-HS-1.png\",\"keywords\":[\"Antonio Altarriba\"],\"articleSection\":[\"POR QU\u00c9 LEER...\"],\"inLanguage\":\"es\",\"potentialAction\":[{\"@type\":\"CommentAction\",\"name\":\"Comment\",\"target\":[\"https:\\\/\\\/hojassueltas.es\\\/?p=10630#respond\"]}]},{\"@type\":\"WebPage\",\"@id\":\"https:\\\/\\\/hojassueltas.es\\\/?p=10630\",\"url\":\"https:\\\/\\\/hojassueltas.es\\\/?p=10630\",\"name\":\"Antonio Altarriba: Vanguardia y cr\u00edtica en el 'C\u00f3mic Contempor\u00e1neo' | HOJAS SUELTAS Peri\u00f3dico Cultural |\",\"isPartOf\":{\"@id\":\"https:\\\/\\\/hojassueltas.es\\\/#website\"},\"primaryImageOfPage\":{\"@id\":\"https:\\\/\\\/hojassueltas.es\\\/?p=10630#primaryimage\"},\"image\":{\"@id\":\"https:\\\/\\\/hojassueltas.es\\\/?p=10630#primaryimage\"},\"thumbnailUrl\":\"https:\\\/\\\/hojassueltas.es\\\/wp-content\\\/uploads\\\/2024\\\/04\\\/ACTUALIDAD-HS-1.png\",\"datePublished\":\"2024-05-01T22:00:30+00:00\",\"dateModified\":\"2025-10-18T09:08:08+00:00\",\"description\":\"Antonio Altarriba, galardonado con el Premio Nacional de C\u00f3mic, protagoniz\u00f3 una enriquecedora charla en la Biblioteca P\u00fablica de Palencia, destacando su m\u00e1s reciente\",\"breadcrumb\":{\"@id\":\"https:\\\/\\\/hojassueltas.es\\\/?p=10630#breadcrumb\"},\"inLanguage\":\"es\",\"potentialAction\":[{\"@type\":\"ReadAction\",\"target\":[\"https:\\\/\\\/hojassueltas.es\\\/?p=10630\"]}]},{\"@type\":\"ImageObject\",\"inLanguage\":\"es\",\"@id\":\"https:\\\/\\\/hojassueltas.es\\\/?p=10630#primaryimage\",\"url\":\"https:\\\/\\\/hojassueltas.es\\\/wp-content\\\/uploads\\\/2024\\\/04\\\/ACTUALIDAD-HS-1.png\",\"contentUrl\":\"https:\\\/\\\/hojassueltas.es\\\/wp-content\\\/uploads\\\/2024\\\/04\\\/ACTUALIDAD-HS-1.png\",\"width\":550,\"height\":550},{\"@type\":\"BreadcrumbList\",\"@id\":\"https:\\\/\\\/hojassueltas.es\\\/?p=10630#breadcrumb\",\"itemListElement\":[{\"@type\":\"ListItem\",\"position\":1,\"name\":\"Portada\",\"item\":\"https:\\\/\\\/hojassueltas.es\\\/\"},{\"@type\":\"ListItem\",\"position\":2,\"name\":\"Antonio Altarriba: Vanguardia y cr\u00edtica en el &#8216;C\u00f3mic Contempor\u00e1neo&#8217;\"}]},{\"@type\":\"WebSite\",\"@id\":\"https:\\\/\\\/hojassueltas.es\\\/#website\",\"url\":\"https:\\\/\\\/hojassueltas.es\\\/\",\"name\":\"HojasSueltas.es\",\"description\":\"GRANADA - Peri\u00f3dico Cultural\",\"publisher\":{\"@id\":\"https:\\\/\\\/hojassueltas.es\\\/#organization\"},\"alternateName\":\"H.S. Periodico Cultural\",\"potentialAction\":[{\"@type\":\"SearchAction\",\"target\":{\"@type\":\"EntryPoint\",\"urlTemplate\":\"https:\\\/\\\/hojassueltas.es\\\/?s={search_term_string}\"},\"query-input\":{\"@type\":\"PropertyValueSpecification\",\"valueRequired\":true,\"valueName\":\"search_term_string\"}}],\"inLanguage\":\"es\"},{\"@type\":\"Organization\",\"@id\":\"https:\\\/\\\/hojassueltas.es\\\/#organization\",\"name\":\"HOJAS SUELTAS - Peri\u00f3dico Cultural\",\"alternateName\":\"HS - HOJAS SUELTAS Peri\u00f3dico Cultural\",\"url\":\"https:\\\/\\\/hojassueltas.es\\\/\",\"logo\":{\"@type\":\"ImageObject\",\"inLanguage\":\"es\",\"@id\":\"https:\\\/\\\/hojassueltas.es\\\/#\\\/schema\\\/logo\\\/image\\\/\",\"url\":\"https:\\\/\\\/hojassueltas.es\\\/wp-content\\\/uploads\\\/2025\\\/08\\\/Icono-HS_2.png\",\"contentUrl\":\"https:\\\/\\\/hojassueltas.es\\\/wp-content\\\/uploads\\\/2025\\\/08\\\/Icono-HS_2.png\",\"width\":500,\"height\":500,\"caption\":\"HOJAS SUELTAS - Peri\u00f3dico Cultural\"},\"image\":{\"@id\":\"https:\\\/\\\/hojassueltas.es\\\/#\\\/schema\\\/logo\\\/image\\\/\"},\"sameAs\":[\"https:\\\/\\\/x.com\\\/HOJASSUELTAS22\"]},{\"@type\":\"Person\",\"@id\":\"https:\\\/\\\/hojassueltas.es\\\/#\\\/schema\\\/person\\\/f232bbdb834c61c90aff2245daa401c0\",\"name\":\"Redacci\u00f3n\",\"image\":{\"@type\":\"ImageObject\",\"inLanguage\":\"es\",\"@id\":\"https:\\\/\\\/hojassueltas.es\\\/wp-content\\\/uploads\\\/2026\\\/02\\\/Redaccion-2-96x96.png\",\"url\":\"https:\\\/\\\/hojassueltas.es\\\/wp-content\\\/uploads\\\/2026\\\/02\\\/Redaccion-2-96x96.png\",\"contentUrl\":\"https:\\\/\\\/hojassueltas.es\\\/wp-content\\\/uploads\\\/2026\\\/02\\\/Redaccion-2-96x96.png\",\"caption\":\"Redacci\u00f3n\"},\"description\":\"Redacci\u00f3n de HOJAS SUELTAS\",\"url\":\"https:\\\/\\\/hojassueltas.es\\\/?author=1\"}]}<\/script>\n<!-- \/ Yoast SEO plugin. -->","yoast_head_json":{"title":"Antonio Altarriba: Vanguardia y cr\u00edtica en el 'C\u00f3mic Contempor\u00e1neo' | HOJAS SUELTAS Peri\u00f3dico Cultural |","description":"Antonio Altarriba, galardonado con el Premio Nacional de C\u00f3mic, protagoniz\u00f3 una enriquecedora charla en la Biblioteca P\u00fablica de Palencia, destacando su m\u00e1s reciente","robots":{"index":"index","follow":"follow","max-snippet":"max-snippet:-1","max-image-preview":"max-image-preview:large","max-video-preview":"max-video-preview:-1"},"canonical":"https:\/\/hojassueltas.es\/?p=10630","og_locale":"es_ES","og_type":"article","og_title":"Antonio Altarriba: Vanguardia y cr\u00edtica en el 'C\u00f3mic Contempor\u00e1neo' | HOJAS SUELTAS Peri\u00f3dico Cultural |","og_description":"Antonio Altarriba, galardonado con el Premio Nacional de C\u00f3mic, protagoniz\u00f3 una enriquecedora charla en la Biblioteca P\u00fablica de Palencia, destacando su m\u00e1s reciente","og_url":"https:\/\/hojassueltas.es\/?p=10630","og_site_name":"HOJAS SUELTAS Peri\u00f3dico Cultural","article_published_time":"2024-05-01T22:00:30+00:00","article_modified_time":"2025-10-18T09:08:08+00:00","og_image":[{"width":550,"height":550,"url":"https:\/\/hojassueltas.es\/wp-content\/uploads\/2024\/04\/ACTUALIDAD-HS-1.png","type":"image\/png"}],"author":"Redacci\u00f3n","twitter_card":"summary_large_image","twitter_creator":"@HOJASSUELTAS22","twitter_site":"@HOJASSUELTAS22","twitter_misc":{"Escrito por":"Redacci\u00f3n","Tiempo de lectura":"1 minuto"},"schema":{"@context":"https:\/\/schema.org","@graph":[{"@type":["Article","BlogPosting"],"@id":"https:\/\/hojassueltas.es\/?p=10630#article","isPartOf":{"@id":"https:\/\/hojassueltas.es\/?p=10630"},"author":{"name":"Redacci\u00f3n","@id":"https:\/\/hojassueltas.es\/#\/schema\/person\/f232bbdb834c61c90aff2245daa401c0"},"headline":"Antonio Altarriba: Vanguardia y cr\u00edtica en el &#8216;C\u00f3mic Contempor\u00e1neo&#8217;","datePublished":"2024-05-01T22:00:30+00:00","dateModified":"2025-10-18T09:08:08+00:00","mainEntityOfPage":{"@id":"https:\/\/hojassueltas.es\/?p=10630"},"wordCount":157,"commentCount":0,"publisher":{"@id":"https:\/\/hojassueltas.es\/#organization"},"image":{"@id":"https:\/\/hojassueltas.es\/?p=10630#primaryimage"},"thumbnailUrl":"https:\/\/hojassueltas.es\/wp-content\/uploads\/2024\/04\/ACTUALIDAD-HS-1.png","keywords":["Antonio Altarriba"],"articleSection":["POR QU\u00c9 LEER..."],"inLanguage":"es","potentialAction":[{"@type":"CommentAction","name":"Comment","target":["https:\/\/hojassueltas.es\/?p=10630#respond"]}]},{"@type":"WebPage","@id":"https:\/\/hojassueltas.es\/?p=10630","url":"https:\/\/hojassueltas.es\/?p=10630","name":"Antonio Altarriba: Vanguardia y cr\u00edtica en el 'C\u00f3mic Contempor\u00e1neo' | HOJAS SUELTAS Peri\u00f3dico Cultural |","isPartOf":{"@id":"https:\/\/hojassueltas.es\/#website"},"primaryImageOfPage":{"@id":"https:\/\/hojassueltas.es\/?p=10630#primaryimage"},"image":{"@id":"https:\/\/hojassueltas.es\/?p=10630#primaryimage"},"thumbnailUrl":"https:\/\/hojassueltas.es\/wp-content\/uploads\/2024\/04\/ACTUALIDAD-HS-1.png","datePublished":"2024-05-01T22:00:30+00:00","dateModified":"2025-10-18T09:08:08+00:00","description":"Antonio Altarriba, galardonado con el Premio Nacional de C\u00f3mic, protagoniz\u00f3 una enriquecedora charla en la Biblioteca P\u00fablica de Palencia, destacando su m\u00e1s reciente","breadcrumb":{"@id":"https:\/\/hojassueltas.es\/?p=10630#breadcrumb"},"inLanguage":"es","potentialAction":[{"@type":"ReadAction","target":["https:\/\/hojassueltas.es\/?p=10630"]}]},{"@type":"ImageObject","inLanguage":"es","@id":"https:\/\/hojassueltas.es\/?p=10630#primaryimage","url":"https:\/\/hojassueltas.es\/wp-content\/uploads\/2024\/04\/ACTUALIDAD-HS-1.png","contentUrl":"https:\/\/hojassueltas.es\/wp-content\/uploads\/2024\/04\/ACTUALIDAD-HS-1.png","width":550,"height":550},{"@type":"BreadcrumbList","@id":"https:\/\/hojassueltas.es\/?p=10630#breadcrumb","itemListElement":[{"@type":"ListItem","position":1,"name":"Portada","item":"https:\/\/hojassueltas.es\/"},{"@type":"ListItem","position":2,"name":"Antonio Altarriba: Vanguardia y cr\u00edtica en el &#8216;C\u00f3mic Contempor\u00e1neo&#8217;"}]},{"@type":"WebSite","@id":"https:\/\/hojassueltas.es\/#website","url":"https:\/\/hojassueltas.es\/","name":"HojasSueltas.es","description":"GRANADA - Peri\u00f3dico Cultural","publisher":{"@id":"https:\/\/hojassueltas.es\/#organization"},"alternateName":"H.S. Periodico Cultural","potentialAction":[{"@type":"SearchAction","target":{"@type":"EntryPoint","urlTemplate":"https:\/\/hojassueltas.es\/?s={search_term_string}"},"query-input":{"@type":"PropertyValueSpecification","valueRequired":true,"valueName":"search_term_string"}}],"inLanguage":"es"},{"@type":"Organization","@id":"https:\/\/hojassueltas.es\/#organization","name":"HOJAS SUELTAS - Peri\u00f3dico Cultural","alternateName":"HS - HOJAS SUELTAS Peri\u00f3dico Cultural","url":"https:\/\/hojassueltas.es\/","logo":{"@type":"ImageObject","inLanguage":"es","@id":"https:\/\/hojassueltas.es\/#\/schema\/logo\/image\/","url":"https:\/\/hojassueltas.es\/wp-content\/uploads\/2025\/08\/Icono-HS_2.png","contentUrl":"https:\/\/hojassueltas.es\/wp-content\/uploads\/2025\/08\/Icono-HS_2.png","width":500,"height":500,"caption":"HOJAS SUELTAS - Peri\u00f3dico Cultural"},"image":{"@id":"https:\/\/hojassueltas.es\/#\/schema\/logo\/image\/"},"sameAs":["https:\/\/x.com\/HOJASSUELTAS22"]},{"@type":"Person","@id":"https:\/\/hojassueltas.es\/#\/schema\/person\/f232bbdb834c61c90aff2245daa401c0","name":"Redacci\u00f3n","image":{"@type":"ImageObject","inLanguage":"es","@id":"https:\/\/hojassueltas.es\/wp-content\/uploads\/2026\/02\/Redaccion-2-96x96.png","url":"https:\/\/hojassueltas.es\/wp-content\/uploads\/2026\/02\/Redaccion-2-96x96.png","contentUrl":"https:\/\/hojassueltas.es\/wp-content\/uploads\/2026\/02\/Redaccion-2-96x96.png","caption":"Redacci\u00f3n"},"description":"Redacci\u00f3n de HOJAS SUELTAS","url":"https:\/\/hojassueltas.es\/?author=1"}]}},"_links":{"self":[{"href":"https:\/\/hojassueltas.es\/index.php?rest_route=\/wp\/v2\/posts\/10630","targetHints":{"allow":["GET"]}}],"collection":[{"href":"https:\/\/hojassueltas.es\/index.php?rest_route=\/wp\/v2\/posts"}],"about":[{"href":"https:\/\/hojassueltas.es\/index.php?rest_route=\/wp\/v2\/types\/post"}],"author":[{"embeddable":true,"href":"https:\/\/hojassueltas.es\/index.php?rest_route=\/wp\/v2\/users\/1"}],"replies":[{"embeddable":true,"href":"https:\/\/hojassueltas.es\/index.php?rest_route=%2Fwp%2Fv2%2Fcomments&post=10630"}],"version-history":[{"count":1,"href":"https:\/\/hojassueltas.es\/index.php?rest_route=\/wp\/v2\/posts\/10630\/revisions"}],"predecessor-version":[{"id":10631,"href":"https:\/\/hojassueltas.es\/index.php?rest_route=\/wp\/v2\/posts\/10630\/revisions\/10631"}],"wp:featuredmedia":[{"embeddable":true,"href":"https:\/\/hojassueltas.es\/index.php?rest_route=\/wp\/v2\/media\/10613"}],"wp:attachment":[{"href":"https:\/\/hojassueltas.es\/index.php?rest_route=%2Fwp%2Fv2%2Fmedia&parent=10630"}],"wp:term":[{"taxonomy":"category","embeddable":true,"href":"https:\/\/hojassueltas.es\/index.php?rest_route=%2Fwp%2Fv2%2Fcategories&post=10630"},{"taxonomy":"post_tag","embeddable":true,"href":"https:\/\/hojassueltas.es\/index.php?rest_route=%2Fwp%2Fv2%2Ftags&post=10630"}],"curies":[{"name":"wp","href":"https:\/\/api.w.org\/{rel}","templated":true}]}}