{"id":10372,"date":"2024-03-25T00:00:25","date_gmt":"2024-03-24T22:00:25","guid":{"rendered":"https:\/\/hojassueltas.es\/?p=10372"},"modified":"2025-10-20T15:02:13","modified_gmt":"2025-10-20T13:02:13","slug":"la-ultima-funcion-luis-landero","status":"publish","type":"post","link":"https:\/\/hojassueltas.es\/?p=10372","title":{"rendered":"\u00abLa \u00faltima funci\u00f3n\u00bb &#8211; Luis Landero"},"content":{"rendered":"<p style=\"text-align: justify;\">La prosa de Luis Landero es siempre amable, cercana, un susurro cari\u00f1oso. Pero no de los que adormecen; sino, al contario, de los que despiertan sin estridencias, de los que alegran la ma\u00f1ana y te preparan para un d\u00eda festivo. Landero, extreme\u00f1o de Alburquerque, fue aprendiz de mil oficios para acabar como catedr\u00e1tico de la escritura, aunque la guitarra flamenca tampoco se le daba mal. Desconozco c\u00f3mo eran sus clases como profesor de Literatura, pero solo con que fueran un 10 por ciento de lo que deja en sus escritos, gustoso hubiera pagado por la asistencia.<\/p>\n<p style=\"text-align: justify;\">Me quito el sombrero, don Luis. Ante esta \u00faltima funci\u00f3n y ante el resto de libros suyos que he le\u00eddo. Se reconcilia uno con la literatura con cualquiera de ellos en la mano. \u00a0Landero nunca ha necesitado gritos estent\u00f3reos, dramones o gestas \u00e9picas; y mucho menos de litros de sangre, aventuras esot\u00e9ricas o monstruos del otro mundo. Escribe, como dec\u00eda Machado, para el amigo que siempre va con \u00e9l, con el que quiere acompa\u00f1arle y poner o\u00eddos a sus palabras, bellas en s\u00ed mismas, con una musicalidad de primavera. Adem\u00e1s, sabias. Y explicadas con una sencillez de maestro de primaria. Arte, estructura, coyuntura: lean su significado, las met\u00e1foras que utiliza. Las palabras se deshacen en su pluma, se desvanecen para envolvernos con un aura que no es misterio, sino saber escribir, aut\u00e9ntica maestr\u00eda para transmitir las emociones, los sentimientos, la vida apacible y sin sobresaltos. Una delicia.<\/p>\n<p>\u2014Expl\u00edqueme lo que es un amor adolescente.<\/p>\n<p>\u2014Es cuando\u2026 parece que\u2026 a mi entender\u2026<\/p>\n<p>Bien, d\u00e9jalo, y lee a Landero, ver\u00e1s qu\u00e9 f\u00e1cil lo hace.<\/p>\n<p style=\"text-align: justify;\">En <strong>La \u00faltima funci\u00f3n<\/strong>, y de la mano -o las voces- de un grupo de jubilados del pueblo, Landero nos trae la vida de dos personajes cuyo desarrollo va alternando en cada cap\u00edtulo: Tito Gil y Paula. Paula es una mujer so\u00f1adora que siempre crey\u00f3 los sue\u00f1os de los dem\u00e1s; primero los de su padre, luego la euforia empresarial de Blas. La \u00fanica herencia que le dej\u00f3 su padre se redujo a una frase: No debes tener miedo, pero la vida le impidi\u00f3 aceptar esa herencia.<\/p>\n<p style=\"text-align: justify;\">Tito Gil no le iba a la zaga en eso de los sue\u00f1os. Due\u00f1o de una voz prodigiosa, so\u00f1\u00f3 con ser artista desde la misma infancia a pesar de aceptar los dictados del padre y hacerse abogado y luego dirigir la gestor\u00eda heredada.<\/p>\n<p style=\"text-align: justify;\">Dos vidas a las que falta un final, una \u00faltima funci\u00f3n. As\u00ed llegan Tito y Paula a San Alb\u00edn -nombre del pueblo-; ambos con una carga incierta de realidades y ficciones, que esa cualidad tienen los sue\u00f1os, la de diluir la frontera entre unas y otras. Lo malo es el despertar, el mal despertar. Aunque no siempre ahogue esos sue\u00f1os; a veces, pocas, permite una segunda oportunidad, deja brotar una peque\u00f1a dosis de esperanza en busca de la siguiente ocasi\u00f3n, de la buena. Los dos personajes convergen en el pueblo casi vac\u00edo, rico en abandono y en ruinas; sin noticias, ya, de sus tiempos de esplendor. Tito hab\u00eda pasado en \u00e9l la infancia y llega para tomar una herencia; Laura lo hace por puro azar, en el asiento trasero de una motocicleta y sin saber ni siquiera la existencia del lugar. Y juntos -con todos los habitantes del pueblo a su lado- van a volver a so\u00f1ar, a poner voz y gestos y escenas a una representaci\u00f3n teatral que la tradici\u00f3n hab\u00eda repetido muchos a\u00f1os atr\u00e1s- <strong>La \u00faltima funci\u00f3n<\/strong> viene a ser una especie de intento extremo, el se acab\u00f3 la cuenta atr\u00e1s en cuanto a posibilidades de revitalizar esa parte de la Espa\u00f1a que nos han ido dejando vac\u00eda en nombre del provecho de algunos. Otro sue\u00f1o m\u00e1s, claro.<\/p>\n<p style=\"text-align: justify;\">Y en diciendo esto, como ya no hay nada m\u00e1s que contar, vuelvo a empezar a leer la novela, quiero seguir disfrutando con su lectura.<\/p>\n<p><span style=\"font-family: impact, sans-serif;\">\u00a9 Antonio Tejedor Garc\u00eda.\u00a0<\/span><\/p>\n","protected":false},"excerpt":{"rendered":"<p>La prosa de Luis Landero es siempre amable, cercana, un susurro cari\u00f1oso. Pero no de los que adormecen; sino, al contario, de los que despiertan sin estridencias, de los que alegran la ma\u00f1ana y te preparan para un d\u00eda festivo. Landero, extreme\u00f1o de Alburquerque, fue aprendiz de mil oficios para acabar como catedr\u00e1tico de la [&hellip;]<\/p>\n","protected":false},"author":52,"featured_media":10373,"comment_status":"open","ping_status":"closed","sticky":false,"template":"","format":"standard","meta":{"footnotes":""},"categories":[1124,74],"tags":[877,99],"class_list":{"0":"post-10372","1":"post","2":"type-post","3":"status-publish","4":"format-standard","5":"has-post-thumbnail","7":"category-por-que-leer","8":"category-resenas","9":"tag-antonio-tejedor","10":"tag-tusquets-editores"},"yoast_head":"<!-- This site is optimized with the Yoast SEO plugin v27.5 - https:\/\/yoast.com\/product\/yoast-seo-wordpress\/ -->\n<title>\u00abLa \u00faltima funci\u00f3n\u00bb - Luis Landero | HOJAS SUELTAS Peri\u00f3dico Cultural<\/title>\n<meta name=\"description\" content=\"Dos vidas a las que falta un final, una \u00faltima funci\u00f3n. As\u00ed llegan Tito y Paula a San Alb\u00edn -nombre del pueblo-; ambos con una carga incierta de realidades y ficciones\" \/>\n<meta name=\"robots\" content=\"index, follow, max-snippet:-1, max-image-preview:large, max-video-preview:-1\" \/>\n<link rel=\"canonical\" href=\"https:\/\/hojassueltas.es\/?p=10372\" \/>\n<meta property=\"og:locale\" content=\"es_ES\" \/>\n<meta property=\"og:type\" content=\"article\" \/>\n<meta property=\"og:title\" content=\"\u00abLa \u00faltima funci\u00f3n\u00bb - Luis Landero | HOJAS SUELTAS Peri\u00f3dico Cultural\" \/>\n<meta property=\"og:description\" content=\"Dos vidas a las que falta un final, una \u00faltima funci\u00f3n. As\u00ed llegan Tito y Paula a San Alb\u00edn -nombre del pueblo-; ambos con una carga incierta de realidades y ficciones\" \/>\n<meta property=\"og:url\" content=\"https:\/\/hojassueltas.es\/?p=10372\" \/>\n<meta property=\"og:site_name\" content=\"HOJAS SUELTAS Peri\u00f3dico Cultural\" \/>\n<meta property=\"article:published_time\" content=\"2024-03-24T22:00:25+00:00\" \/>\n<meta property=\"article:modified_time\" content=\"2025-10-20T13:02:13+00:00\" \/>\n<meta property=\"og:image\" content=\"https:\/\/hojassueltas.es\/wp-content\/uploads\/2024\/03\/Laultima-funcion-HS.png\" \/>\n\t<meta property=\"og:image:width\" content=\"550\" \/>\n\t<meta property=\"og:image:height\" content=\"550\" \/>\n\t<meta property=\"og:image:type\" content=\"image\/png\" \/>\n<meta name=\"author\" content=\"Antonio Tejedor\" \/>\n<meta name=\"twitter:card\" content=\"summary_large_image\" \/>\n<meta name=\"twitter:creator\" content=\"@HOJASSUELTAS22\" \/>\n<meta name=\"twitter:site\" content=\"@HOJASSUELTAS22\" \/>\n<meta name=\"twitter:label1\" content=\"Escrito por\" \/>\n\t<meta name=\"twitter:data1\" content=\"Antonio Tejedor\" \/>\n\t<meta name=\"twitter:label2\" content=\"Tiempo de lectura\" \/>\n\t<meta name=\"twitter:data2\" content=\"4 minutos\" \/>\n<script type=\"application\/ld+json\" class=\"yoast-schema-graph\">{\"@context\":\"https:\\\/\\\/schema.org\",\"@graph\":[{\"@type\":[\"Article\",\"BlogPosting\"],\"@id\":\"https:\\\/\\\/hojassueltas.es\\\/?p=10372#article\",\"isPartOf\":{\"@id\":\"https:\\\/\\\/hojassueltas.es\\\/?p=10372\"},\"author\":{\"name\":\"Antonio Tejedor\",\"@id\":\"https:\\\/\\\/hojassueltas.es\\\/#\\\/schema\\\/person\\\/5d9f9d6d59a706fc6a59041d492fa91f\"},\"headline\":\"\u00abLa \u00faltima funci\u00f3n\u00bb &#8211; Luis Landero\",\"datePublished\":\"2024-03-24T22:00:25+00:00\",\"dateModified\":\"2025-10-20T13:02:13+00:00\",\"mainEntityOfPage\":{\"@id\":\"https:\\\/\\\/hojassueltas.es\\\/?p=10372\"},\"wordCount\":702,\"commentCount\":0,\"publisher\":{\"@id\":\"https:\\\/\\\/hojassueltas.es\\\/#organization\"},\"image\":{\"@id\":\"https:\\\/\\\/hojassueltas.es\\\/?p=10372#primaryimage\"},\"thumbnailUrl\":\"https:\\\/\\\/hojassueltas.es\\\/wp-content\\\/uploads\\\/2024\\\/03\\\/Laultima-funcion-HS.png\",\"keywords\":[\"Antonio Tejedor\",\"Tusquets Editores\"],\"articleSection\":[\"POR QU\u00c9 LEER...\",\"RESE\u00d1AS\"],\"inLanguage\":\"es\",\"potentialAction\":[{\"@type\":\"CommentAction\",\"name\":\"Comment\",\"target\":[\"https:\\\/\\\/hojassueltas.es\\\/?p=10372#respond\"]}]},{\"@type\":\"WebPage\",\"@id\":\"https:\\\/\\\/hojassueltas.es\\\/?p=10372\",\"url\":\"https:\\\/\\\/hojassueltas.es\\\/?p=10372\",\"name\":\"\u00abLa \u00faltima funci\u00f3n\u00bb - Luis Landero | HOJAS SUELTAS Peri\u00f3dico Cultural\",\"isPartOf\":{\"@id\":\"https:\\\/\\\/hojassueltas.es\\\/#website\"},\"primaryImageOfPage\":{\"@id\":\"https:\\\/\\\/hojassueltas.es\\\/?p=10372#primaryimage\"},\"image\":{\"@id\":\"https:\\\/\\\/hojassueltas.es\\\/?p=10372#primaryimage\"},\"thumbnailUrl\":\"https:\\\/\\\/hojassueltas.es\\\/wp-content\\\/uploads\\\/2024\\\/03\\\/Laultima-funcion-HS.png\",\"datePublished\":\"2024-03-24T22:00:25+00:00\",\"dateModified\":\"2025-10-20T13:02:13+00:00\",\"description\":\"Dos vidas a las que falta un final, una \u00faltima funci\u00f3n. As\u00ed llegan Tito y Paula a San Alb\u00edn -nombre del pueblo-; ambos con una carga incierta de realidades y ficciones\",\"breadcrumb\":{\"@id\":\"https:\\\/\\\/hojassueltas.es\\\/?p=10372#breadcrumb\"},\"inLanguage\":\"es\",\"potentialAction\":[{\"@type\":\"ReadAction\",\"target\":[\"https:\\\/\\\/hojassueltas.es\\\/?p=10372\"]}]},{\"@type\":\"ImageObject\",\"inLanguage\":\"es\",\"@id\":\"https:\\\/\\\/hojassueltas.es\\\/?p=10372#primaryimage\",\"url\":\"https:\\\/\\\/hojassueltas.es\\\/wp-content\\\/uploads\\\/2024\\\/03\\\/Laultima-funcion-HS.png\",\"contentUrl\":\"https:\\\/\\\/hojassueltas.es\\\/wp-content\\\/uploads\\\/2024\\\/03\\\/Laultima-funcion-HS.png\",\"width\":550,\"height\":550},{\"@type\":\"BreadcrumbList\",\"@id\":\"https:\\\/\\\/hojassueltas.es\\\/?p=10372#breadcrumb\",\"itemListElement\":[{\"@type\":\"ListItem\",\"position\":1,\"name\":\"Portada\",\"item\":\"https:\\\/\\\/hojassueltas.es\\\/\"},{\"@type\":\"ListItem\",\"position\":2,\"name\":\"\u00abLa \u00faltima funci\u00f3n\u00bb &#8211; Luis Landero\"}]},{\"@type\":\"WebSite\",\"@id\":\"https:\\\/\\\/hojassueltas.es\\\/#website\",\"url\":\"https:\\\/\\\/hojassueltas.es\\\/\",\"name\":\"HojasSueltas.es\",\"description\":\"GRANADA - Peri\u00f3dico Cultural\",\"publisher\":{\"@id\":\"https:\\\/\\\/hojassueltas.es\\\/#organization\"},\"alternateName\":\"H.S. Periodico Cultural\",\"potentialAction\":[{\"@type\":\"SearchAction\",\"target\":{\"@type\":\"EntryPoint\",\"urlTemplate\":\"https:\\\/\\\/hojassueltas.es\\\/?s={search_term_string}\"},\"query-input\":{\"@type\":\"PropertyValueSpecification\",\"valueRequired\":true,\"valueName\":\"search_term_string\"}}],\"inLanguage\":\"es\"},{\"@type\":\"Organization\",\"@id\":\"https:\\\/\\\/hojassueltas.es\\\/#organization\",\"name\":\"HOJAS SUELTAS - Peri\u00f3dico Cultural\",\"alternateName\":\"HS - HOJAS SUELTAS Peri\u00f3dico Cultural\",\"url\":\"https:\\\/\\\/hojassueltas.es\\\/\",\"logo\":{\"@type\":\"ImageObject\",\"inLanguage\":\"es\",\"@id\":\"https:\\\/\\\/hojassueltas.es\\\/#\\\/schema\\\/logo\\\/image\\\/\",\"url\":\"https:\\\/\\\/hojassueltas.es\\\/wp-content\\\/uploads\\\/2025\\\/08\\\/Icono-HS_2.png\",\"contentUrl\":\"https:\\\/\\\/hojassueltas.es\\\/wp-content\\\/uploads\\\/2025\\\/08\\\/Icono-HS_2.png\",\"width\":500,\"height\":500,\"caption\":\"HOJAS SUELTAS - Peri\u00f3dico Cultural\"},\"image\":{\"@id\":\"https:\\\/\\\/hojassueltas.es\\\/#\\\/schema\\\/logo\\\/image\\\/\"},\"sameAs\":[\"https:\\\/\\\/x.com\\\/HOJASSUELTAS22\"]},{\"@type\":\"Person\",\"@id\":\"https:\\\/\\\/hojassueltas.es\\\/#\\\/schema\\\/person\\\/5d9f9d6d59a706fc6a59041d492fa91f\",\"name\":\"Antonio Tejedor\",\"image\":{\"@type\":\"ImageObject\",\"inLanguage\":\"es\",\"@id\":\"https:\\\/\\\/hojassueltas.es\\\/wp-content\\\/uploads\\\/2023\\\/09\\\/Antonio-Tejedor_web-96x96.jpg\",\"url\":\"https:\\\/\\\/hojassueltas.es\\\/wp-content\\\/uploads\\\/2023\\\/09\\\/Antonio-Tejedor_web-96x96.jpg\",\"contentUrl\":\"https:\\\/\\\/hojassueltas.es\\\/wp-content\\\/uploads\\\/2023\\\/09\\\/Antonio-Tejedor_web-96x96.jpg\",\"caption\":\"Antonio Tejedor\"},\"description\":\"Maestro, actualmente jubilado. Zamorano (Fuentespreadas) .Lector empedernido y escritor de numerosas publicaciones infantiles novelas, relatos y libros de viajes. Colabora en diversas revistas digitales con cuentos y microrrelatos as\u00ed como en libros colectivos.\",\"url\":\"https:\\\/\\\/hojassueltas.es\\\/?author=52\"}]}<\/script>\n<!-- \/ Yoast SEO plugin. -->","yoast_head_json":{"title":"\u00abLa \u00faltima funci\u00f3n\u00bb - Luis Landero | HOJAS SUELTAS Peri\u00f3dico Cultural","description":"Dos vidas a las que falta un final, una \u00faltima funci\u00f3n. As\u00ed llegan Tito y Paula a San Alb\u00edn -nombre del pueblo-; ambos con una carga incierta de realidades y ficciones","robots":{"index":"index","follow":"follow","max-snippet":"max-snippet:-1","max-image-preview":"max-image-preview:large","max-video-preview":"max-video-preview:-1"},"canonical":"https:\/\/hojassueltas.es\/?p=10372","og_locale":"es_ES","og_type":"article","og_title":"\u00abLa \u00faltima funci\u00f3n\u00bb - Luis Landero | HOJAS SUELTAS Peri\u00f3dico Cultural","og_description":"Dos vidas a las que falta un final, una \u00faltima funci\u00f3n. As\u00ed llegan Tito y Paula a San Alb\u00edn -nombre del pueblo-; ambos con una carga incierta de realidades y ficciones","og_url":"https:\/\/hojassueltas.es\/?p=10372","og_site_name":"HOJAS SUELTAS Peri\u00f3dico Cultural","article_published_time":"2024-03-24T22:00:25+00:00","article_modified_time":"2025-10-20T13:02:13+00:00","og_image":[{"width":550,"height":550,"url":"https:\/\/hojassueltas.es\/wp-content\/uploads\/2024\/03\/Laultima-funcion-HS.png","type":"image\/png"}],"author":"Antonio Tejedor","twitter_card":"summary_large_image","twitter_creator":"@HOJASSUELTAS22","twitter_site":"@HOJASSUELTAS22","twitter_misc":{"Escrito por":"Antonio Tejedor","Tiempo de lectura":"4 minutos"},"schema":{"@context":"https:\/\/schema.org","@graph":[{"@type":["Article","BlogPosting"],"@id":"https:\/\/hojassueltas.es\/?p=10372#article","isPartOf":{"@id":"https:\/\/hojassueltas.es\/?p=10372"},"author":{"name":"Antonio Tejedor","@id":"https:\/\/hojassueltas.es\/#\/schema\/person\/5d9f9d6d59a706fc6a59041d492fa91f"},"headline":"\u00abLa \u00faltima funci\u00f3n\u00bb &#8211; Luis Landero","datePublished":"2024-03-24T22:00:25+00:00","dateModified":"2025-10-20T13:02:13+00:00","mainEntityOfPage":{"@id":"https:\/\/hojassueltas.es\/?p=10372"},"wordCount":702,"commentCount":0,"publisher":{"@id":"https:\/\/hojassueltas.es\/#organization"},"image":{"@id":"https:\/\/hojassueltas.es\/?p=10372#primaryimage"},"thumbnailUrl":"https:\/\/hojassueltas.es\/wp-content\/uploads\/2024\/03\/Laultima-funcion-HS.png","keywords":["Antonio Tejedor","Tusquets Editores"],"articleSection":["POR QU\u00c9 LEER...","RESE\u00d1AS"],"inLanguage":"es","potentialAction":[{"@type":"CommentAction","name":"Comment","target":["https:\/\/hojassueltas.es\/?p=10372#respond"]}]},{"@type":"WebPage","@id":"https:\/\/hojassueltas.es\/?p=10372","url":"https:\/\/hojassueltas.es\/?p=10372","name":"\u00abLa \u00faltima funci\u00f3n\u00bb - Luis Landero | HOJAS SUELTAS Peri\u00f3dico Cultural","isPartOf":{"@id":"https:\/\/hojassueltas.es\/#website"},"primaryImageOfPage":{"@id":"https:\/\/hojassueltas.es\/?p=10372#primaryimage"},"image":{"@id":"https:\/\/hojassueltas.es\/?p=10372#primaryimage"},"thumbnailUrl":"https:\/\/hojassueltas.es\/wp-content\/uploads\/2024\/03\/Laultima-funcion-HS.png","datePublished":"2024-03-24T22:00:25+00:00","dateModified":"2025-10-20T13:02:13+00:00","description":"Dos vidas a las que falta un final, una \u00faltima funci\u00f3n. As\u00ed llegan Tito y Paula a San Alb\u00edn -nombre del pueblo-; ambos con una carga incierta de realidades y ficciones","breadcrumb":{"@id":"https:\/\/hojassueltas.es\/?p=10372#breadcrumb"},"inLanguage":"es","potentialAction":[{"@type":"ReadAction","target":["https:\/\/hojassueltas.es\/?p=10372"]}]},{"@type":"ImageObject","inLanguage":"es","@id":"https:\/\/hojassueltas.es\/?p=10372#primaryimage","url":"https:\/\/hojassueltas.es\/wp-content\/uploads\/2024\/03\/Laultima-funcion-HS.png","contentUrl":"https:\/\/hojassueltas.es\/wp-content\/uploads\/2024\/03\/Laultima-funcion-HS.png","width":550,"height":550},{"@type":"BreadcrumbList","@id":"https:\/\/hojassueltas.es\/?p=10372#breadcrumb","itemListElement":[{"@type":"ListItem","position":1,"name":"Portada","item":"https:\/\/hojassueltas.es\/"},{"@type":"ListItem","position":2,"name":"\u00abLa \u00faltima funci\u00f3n\u00bb &#8211; Luis Landero"}]},{"@type":"WebSite","@id":"https:\/\/hojassueltas.es\/#website","url":"https:\/\/hojassueltas.es\/","name":"HojasSueltas.es","description":"GRANADA - Peri\u00f3dico Cultural","publisher":{"@id":"https:\/\/hojassueltas.es\/#organization"},"alternateName":"H.S. Periodico Cultural","potentialAction":[{"@type":"SearchAction","target":{"@type":"EntryPoint","urlTemplate":"https:\/\/hojassueltas.es\/?s={search_term_string}"},"query-input":{"@type":"PropertyValueSpecification","valueRequired":true,"valueName":"search_term_string"}}],"inLanguage":"es"},{"@type":"Organization","@id":"https:\/\/hojassueltas.es\/#organization","name":"HOJAS SUELTAS - Peri\u00f3dico Cultural","alternateName":"HS - HOJAS SUELTAS Peri\u00f3dico Cultural","url":"https:\/\/hojassueltas.es\/","logo":{"@type":"ImageObject","inLanguage":"es","@id":"https:\/\/hojassueltas.es\/#\/schema\/logo\/image\/","url":"https:\/\/hojassueltas.es\/wp-content\/uploads\/2025\/08\/Icono-HS_2.png","contentUrl":"https:\/\/hojassueltas.es\/wp-content\/uploads\/2025\/08\/Icono-HS_2.png","width":500,"height":500,"caption":"HOJAS SUELTAS - Peri\u00f3dico Cultural"},"image":{"@id":"https:\/\/hojassueltas.es\/#\/schema\/logo\/image\/"},"sameAs":["https:\/\/x.com\/HOJASSUELTAS22"]},{"@type":"Person","@id":"https:\/\/hojassueltas.es\/#\/schema\/person\/5d9f9d6d59a706fc6a59041d492fa91f","name":"Antonio Tejedor","image":{"@type":"ImageObject","inLanguage":"es","@id":"https:\/\/hojassueltas.es\/wp-content\/uploads\/2023\/09\/Antonio-Tejedor_web-96x96.jpg","url":"https:\/\/hojassueltas.es\/wp-content\/uploads\/2023\/09\/Antonio-Tejedor_web-96x96.jpg","contentUrl":"https:\/\/hojassueltas.es\/wp-content\/uploads\/2023\/09\/Antonio-Tejedor_web-96x96.jpg","caption":"Antonio Tejedor"},"description":"Maestro, actualmente jubilado. Zamorano (Fuentespreadas) .Lector empedernido y escritor de numerosas publicaciones infantiles novelas, relatos y libros de viajes. Colabora en diversas revistas digitales con cuentos y microrrelatos as\u00ed como en libros colectivos.","url":"https:\/\/hojassueltas.es\/?author=52"}]}},"_links":{"self":[{"href":"https:\/\/hojassueltas.es\/index.php?rest_route=\/wp\/v2\/posts\/10372","targetHints":{"allow":["GET"]}}],"collection":[{"href":"https:\/\/hojassueltas.es\/index.php?rest_route=\/wp\/v2\/posts"}],"about":[{"href":"https:\/\/hojassueltas.es\/index.php?rest_route=\/wp\/v2\/types\/post"}],"author":[{"embeddable":true,"href":"https:\/\/hojassueltas.es\/index.php?rest_route=\/wp\/v2\/users\/52"}],"replies":[{"embeddable":true,"href":"https:\/\/hojassueltas.es\/index.php?rest_route=%2Fwp%2Fv2%2Fcomments&post=10372"}],"version-history":[{"count":1,"href":"https:\/\/hojassueltas.es\/index.php?rest_route=\/wp\/v2\/posts\/10372\/revisions"}],"predecessor-version":[{"id":10374,"href":"https:\/\/hojassueltas.es\/index.php?rest_route=\/wp\/v2\/posts\/10372\/revisions\/10374"}],"wp:featuredmedia":[{"embeddable":true,"href":"https:\/\/hojassueltas.es\/index.php?rest_route=\/wp\/v2\/media\/10373"}],"wp:attachment":[{"href":"https:\/\/hojassueltas.es\/index.php?rest_route=%2Fwp%2Fv2%2Fmedia&parent=10372"}],"wp:term":[{"taxonomy":"category","embeddable":true,"href":"https:\/\/hojassueltas.es\/index.php?rest_route=%2Fwp%2Fv2%2Fcategories&post=10372"},{"taxonomy":"post_tag","embeddable":true,"href":"https:\/\/hojassueltas.es\/index.php?rest_route=%2Fwp%2Fv2%2Ftags&post=10372"}],"curies":[{"name":"wp","href":"https:\/\/api.w.org\/{rel}","templated":true}]}}