{"id":10100,"date":"2024-03-08T00:00:32","date_gmt":"2024-03-07T22:00:32","guid":{"rendered":"https:\/\/hojassueltas.es\/?p=10100"},"modified":"2025-10-22T09:25:57","modified_gmt":"2025-10-22T07:25:57","slug":"dia-internacional-de-la-mujer","status":"publish","type":"post","link":"https:\/\/hojassueltas.es\/?p=10100","title":{"rendered":"Dia Internacional de la mujer"},"content":{"rendered":"<p style=\"text-align: justify;\">El <strong>D\u00eda Internacional de la Mujer<\/strong>, observado globalmente el 8 de marzo, se erige como un emblema de reconocimiento y reflexi\u00f3n sobre la continua lucha femenina por la igualdad, justicia, paz, y desarrollo sostenible. Esta conmemoraci\u00f3n trasciende la mera celebraci\u00f3n de los logros individuales y colectivos de mujeres que han catalizado cambios significativos en el tejido social, econ\u00f3mico y pol\u00edtico a nivel mundial. M\u00e1s bien, subraya la imperiosa necesidad de avanzar en la agenda de igualdad de g\u00e9nero, promoviendo el empoderamiento integral de mujeres y ni\u00f1as. A trav\u00e9s de esta jornada, se invita a la sociedad a enfrentar con resiliencia y determinaci\u00f3n los desaf\u00edos contempor\u00e1neos, reiterando el compromiso con la erradicaci\u00f3n de cualquier forma de discriminaci\u00f3n y desigualdad de g\u00e9nero.<\/p>\n<p style=\"text-align: justify;\">El concepto de empoderamiento femenino encarna el proceso emancipador mediante el cual las mujeres adquieren la autonom\u00eda para tomar decisiones cruciales, ejerciendo un control pleno sobre sus vidas y entornos. Este fen\u00f3meno se manifiesta en m\u00faltiples esferas, incluyendo el \u00e1mbito econ\u00f3mico, pol\u00edtico, social y personal, permitiendo a las mujeres acceder a oportunidades en condiciones de igualdad, libres de restricciones o limitaciones impuestas por estructuras patriarcales. Figuras como <strong>Malala Yousafzai<\/strong> simbolizan la esencia del empoderamiento femenino, demostrando c\u00f3mo el acceso a la educaci\u00f3n y la lucha por los derechos fundamentales pueden catalizar un cambio profundo y perdurable.<\/p>\n<p style=\"text-align: justify;\">La libertad de las mujeres, conceptualizada como el derecho inalienable a vivir libres de discriminaci\u00f3n, violencia y coacci\u00f3n, es piedra angular para el desarrollo de sociedades m\u00e1s equitativas y progresistas. A pesar de los avances significativos en diversas \u00e1reas, el camino hacia la libertad y la igualdad de g\u00e9nero se encuentra a\u00fan plagado de obst\u00e1culos, incluyendo la discriminaci\u00f3n sist\u00e9mica y la violencia de g\u00e9nero. La historia nos ofrece lecciones valiosas sobre c\u00f3mo la libertad femenina se ha logrado mediante luchas tenaces y el esfuerzo colectivo, enfatizando la necesidad de seguir promoviendo reformas en los sistemas legales y sociales que garanticen la igualdad de oportunidades para todas las mujeres.<\/p>\n<p style=\"text-align: justify;\">Los obst\u00e1culos persisten en forma de discriminaci\u00f3n y violencia, desafiando la autonom\u00eda y bienestar de las mujeres. El equilibrio entre responsabilidades personales y profesionales es un reto constante. En este contexto, el apoyo social y familiar se convierte en un pilar de fortaleza, ofreciendo un espacio seguro para la motivaci\u00f3n y el intercambio de experiencias. La solidaridad en redes profesionales y comunidades en l\u00ednea juega un papel crucial en el empoderamiento femenino.<\/p>\n<h4>Mirando hacia el futuro<\/h4>\n<p style=\"text-align: justify;\">La tecnolog\u00eda y la educaci\u00f3n se presentan como catalizadores para la igualdad de g\u00e9nero, ofreciendo nuevas oportunidades de empoderamiento. Sin embargo, para cambiar los estereotipos de g\u00e9nero arraigados, se requiere un esfuerzo conjunto y estrategias multidisciplinarias que incluyan educaci\u00f3n temprana, representaci\u00f3n medi\u00e1tica equitativa y programas de liderazgo femenino.<\/p>\n<h4>Mujeres que han marcado la diferencia<\/h4>\n<p style=\"text-align: justify;\">Este art\u00edculo destaca a mujeres que han dejado una huella indeleble en la historia y la lucha por la igualdad de g\u00e9nero, desde Malala Yousafzai hasta Greta Thunberg y Bel\u00e9n Garijo, entre otras. Estas figuras representan la diversidad y el impacto del liderazgo femenino a nivel global.<\/p>\n<ul>\n<li style=\"text-align: justify;\"><strong>Malala Yousafzai<\/strong>: Sobreviviente de un ataque por abogar por la educaci\u00f3n de las ni\u00f1as en Pakist\u00e1n, Malala se convirti\u00f3 en la ganadora m\u00e1s joven del Premio Nobel de la Paz, demostrando el poder de la voz y la determinaci\u00f3n individual.<\/li>\n<li style=\"text-align: justify;\"><strong>Greta Thunberg<\/strong>: A los 15 a\u00f1os, Greta inici\u00f3 una huelga escolar por el clima en su natal Suecia, lo que la llev\u00f3 a ser una figura destacada en la lucha contra el cambio clim\u00e1tico, inspirando a millones a tomar acci\u00f3n.<\/li>\n<li style=\"text-align: justify;\"><strong>Bel\u00e9n Garijo<\/strong>: CEO de Merck, una empresa qu\u00edmica y farmac\u00e9utica de origen alem\u00e1n. Garijo ha sido reconocida por su liderazgo y su impulso hacia la diversidad, la inclusi\u00f3n y el liderazgo femenino\u200b\u200b.<\/li>\n<li style=\"text-align: justify;\"><strong>Carmen Calvo<\/strong>: Presidenta de la Comisi\u00f3n de Igualdad del Congreso de los Diputados en Espa\u00f1a y exvicepresidenta primera del gobierno espa\u00f1ol. Ha sido una figura clave en la promoci\u00f3n de la igualdad de g\u00e9nero\u200b\u200b.<\/li>\n<li style=\"text-align: justify;\"><strong>Cristina Garmendia<\/strong>: Presidenta de la Fundaci\u00f3n COTEC, dedicada a promover la innovaci\u00f3n para proyectar la ciencia en la sociedad. Como bi\u00f3loga especializada en gen\u00e9tica, emprendedora en el sector biotecnol\u00f3gico y exministra, Garmendia ha contribuido significativamente al avance cient\u00edfico y tecnol\u00f3gico\u200b\u200b.<\/li>\n<\/ul>\n<p>Adem\u00e1s de las ya mencionadas,\u00a0 es esencial reconocer a otras mujeres cuyas contribuciones han sido fundamentales en la lucha por la igualdad de g\u00e9nero y el empoderamiento femenino:<\/p>\n<ul>\n<li>\n<p style=\"text-align: justify;\"><strong>Katherine Johnson<\/strong>, matem\u00e1tica estadounidense cuyo trabajo fue crucial para el \u00e9xito de las primeras misiones espaciales de la NASA. Johnson rompi\u00f3 barreras tanto raciales como de g\u00e9nero, demostrando la importancia cr\u00edtica de las mujeres en el campo de la ciencia y la tecnolog\u00eda.<\/p>\n<\/li>\n<li>\n<p style=\"text-align: justify;\"><strong>Rigoberta Mench\u00fa<\/strong>, l\u00edder ind\u00edgena guatemalteca y Premio Nobel de la Paz, quien ha dedicado su vida a la lucha por los derechos ind\u00edgenas y la justicia social en Guatemala. Su activismo ha sido fundamental para dar voz a las comunidades marginadas y promover el respeto a los derechos humanos.<\/p>\n<\/li>\n<li>\n<p style=\"text-align: justify;\"><strong>Chimamanda Ngozi Adichie<\/strong>, escritora nigeriana cuyas obras exploran las intersecciones de g\u00e9nero, raza y cultura. Adichie es una voz influyente en el debate sobre el feminismo y la igualdad de g\u00e9nero, inspirando a generaciones a trav\u00e9s de su concepto de \u00abFeminismo inclusivo\u00bb.<\/p>\n<\/li>\n<\/ul>\n<p>Desde el \u00e1mbito hist\u00f3rico y cultural, tambi\u00e9n tenemos ejemplos notables:<\/p>\n<ul>\n<li>\n<p style=\"text-align: justify;\"><strong>Concepci\u00f3n Arena<\/strong>l: Fue pionera en la lucha por los derechos de las mujeres y las reformas penitenciarias en Espa\u00f1a en el siglo XIX. Arenal se disfrazaba de hombre para asistir a clases de derecho y fue la primera mujer en recibir el t\u00edtulo de visitadora de c\u00e1rceles de mujeres\u200b\u200b.<\/p>\n<\/li>\n<li>\n<p style=\"text-align: justify;\"><strong>Emilia Pardo Baz\u00e1n<\/strong>: Importante figura literaria espa\u00f1ola, defensora de la educaci\u00f3n y los derechos de las mujeres. Fue rechazada por la Real Academia de la Lengua debido a su g\u00e9nero, pero su trabajo y activismo por los derechos de las mujeres dejaron un legado duradero\u200b\u200b.<\/p>\n<\/li>\n<li>\n<p style=\"text-align: justify;\"><strong>Victoria Kent<\/strong>: Abogada y pol\u00edtica espa\u00f1ola, notable por su papel durante la Segunda Rep\u00fablica y su oposici\u00f3n al sufragio femenino en ese momento, creyendo que las mujeres a\u00fan no estaban preparadas para votar libremente debido a la influencia conservadora y religiosa\u200b\u200b.<\/p>\n<\/li>\n<\/ul>\n<p style=\"text-align: justify;\">Estas mujeres, entre muchas otras, ilustran la diversidad y el alcance global del liderazgo femenino, destacando en campos tradicionalmente dominados por hombres y abogando por un cambio transformador hacia una sociedad m\u00e1s inclusiva y equitativa.<\/p>\n<p style=\"text-align: justify;\"><strong>Desaf\u00edos Actuales:<\/strong> Las mujeres contin\u00faan enfrentando m\u00faltiples desaf\u00edos que obstaculizan su pleno empoderamiento y participaci\u00f3n en la sociedad. Entre estos, destacan la brecha salarial de g\u00e9nero, la violencia dom\u00e9stica y sexual, y la subrepresentaci\u00f3n en posiciones de liderazgo y toma de decisiones. Estos desaf\u00edos son exacerbados por discriminaciones interseccionales basadas en raza, etnia, orientaci\u00f3n sexual y discapacidad.<\/p>\n<p style=\"text-align: justify;\"><strong>Soluciones Propuestas:<\/strong> Para abordar estos desaf\u00edos, es imperativo implementar pol\u00edticas p\u00fablicas inclusivas que promuevan la igualdad de oportunidades en el \u00e1mbito laboral, educativo y social. La adopci\u00f3n de leyes que garanticen salarios iguales por trabajo igual es fundamental, as\u00ed como el desarrollo de programas de prevenci\u00f3n y atenci\u00f3n a v\u00edctimas de violencia de g\u00e9nero. La promoci\u00f3n de la participaci\u00f3n femenina en la pol\u00edtica y en roles de liderazgo puede fomentarse mediante cuotas de g\u00e9nero y programas de mentor\u00eda y capacitaci\u00f3n.<\/p>\n<p style=\"text-align: justify;\">La tecnolog\u00eda ofrece herramientas potentes para el avance del empoderamiento femenino, ofreciendo acceso a educaci\u00f3n, mercados laborales y plataformas de expresi\u00f3n. Iniciativas como cursos en l\u00ednea gratuitos y plataformas de networking permiten a las mujeres adquirir habilidades y conectarse con oportunidades globales. Sin embargo, para maximizar estos beneficios, es crucial abordar la brecha digital de g\u00e9nero, garantizando que mujeres y ni\u00f1as tengan igual acceso a recursos tecnol\u00f3gicos y formaci\u00f3n digital.<\/p>\n<p style=\"text-align: justify;\">El logro de la igualdad de g\u00e9nero requiere un enfoque multidimensional que involucre a gobiernos, sector privado, sociedad civil y organismos internacionales. Estrategias efectivas incluyen:<\/p>\n<ul>\n<li style=\"text-align: justify;\"><strong>Legislaci\u00f3n y pol\u00edticas p\u00fablicas:<\/strong> Implementar y hacer cumplir leyes que protejan los derechos de las mujeres y promuevan la igualdad de g\u00e9nero en todos los \u00e1mbitos de la vida.<\/li>\n<li style=\"text-align: justify;\"><strong>Educaci\u00f3n y sensibilizaci\u00f3n:<\/strong> Promover programas educativos que fomenten la igualdad de g\u00e9nero desde una edad temprana, desafiando estereotipos de g\u00e9nero y promoviendo el respeto mutuo y la diversidad.<\/li>\n<li style=\"text-align: justify;\"><strong>Empoderamiento econ\u00f3mico:<\/strong> Apoyar el emprendimiento femenino y el acceso de las mujeres a empleos dignos y bien remunerados, as\u00ed como a posiciones de liderazgo en todos los sectores.<\/li>\n<li style=\"text-align: justify;\"><strong>Participaci\u00f3n pol\u00edtica:<\/strong> Fomentar la participaci\u00f3n de las mujeres en la pol\u00edtica y en procesos de toma de decisiones, asegurando que sus voces sean escuchadas y consideradas en la formulaci\u00f3n de pol\u00edticas p\u00fablicas.<\/li>\n<li style=\"text-align: justify;\"><strong>Cooperaci\u00f3n internacional:<\/strong> Fortalecer la colaboraci\u00f3n entre pa\u00edses y organizaciones internacionales para compartir buenas pr\u00e1cticas, recursos y estrategias en la lucha por la igualdad de g\u00e9nero.<\/li>\n<\/ul>\n<p style=\"text-align: justify;\">Los desaf\u00edos actuales en la lucha por la igualdad de g\u00e9nero son complejos y multifac\u00e9ticos, pero las soluciones existen y son alcanzables a trav\u00e9s del compromiso colectivo y la implementaci\u00f3n de estrategias efectivas. La tecnolog\u00eda emerge como un aliado crucial en este esfuerzo, ampliando el acceso a oportunidades y recursos. La adopci\u00f3n de estrategias globales concertadas es fundamental para construir un futuro donde la igualdad de g\u00e9nero sea una realidad vivida por todas y todos.<\/p>\n<p style=\"text-align: justify;\">En este D\u00eda Internacional de la Mujer, desde HOJAS SUELTAS extendemos nuestras m\u00e1s sinceras felicitaciones a todas las mujeres alrededor del mundo, quienes con su fuerza, determinaci\u00f3n y sabidur\u00eda contin\u00faan transformando nuestras sociedades hacia horizontes m\u00e1s justos e igualitarios. Celebramos no solo los logros obtenidos en la incansable b\u00fasqueda de la igualdad de g\u00e9nero, sino tambi\u00e9n la valent\u00eda de cada mujer que, d\u00eda tras d\u00eda, construye con sus acciones un legado de empoderamiento y libertad. Desde las p\u00e1ginas de este diario cultural, reconocemos la riqueza que cada mujer aporta al tejido social, cultural y econ\u00f3mico de nuestras comunidades. Su creatividad, inteligencia y pasi\u00f3n son la inspiraci\u00f3n que nos motiva a seguir abogando por un mundo donde las oportunidades no tengan g\u00e9nero y donde la igualdad sea el cimiento de nuestro desarrollo colectivo. A todas las mujeres, gracias por su infinita contribuci\u00f3n a la cultura, la ciencia, la pol\u00edtica y cada aspecto de nuestra vida. Juntos, reafirmamos nuestro compromiso de seguir luchando por un futuro donde la igualdad de g\u00e9nero sea una realidad indiscutible y donde cada mujer pueda alcanzar sus sue\u00f1os sin barreras.<\/p>\n<p>El camino hacia la igualdad de g\u00e9nero es un viaje que todos compartimos.<\/p>\n<p><strong><span style=\"font-family: impact, sans-serif;\">Redacci\u00f3n. Marzo 2024<\/span><\/strong><\/p>\n<p>&nbsp;<\/p>\n","protected":false},"excerpt":{"rendered":"<p>El D\u00eda Internacional de la Mujer, observado globalmente el 8 de marzo, se erige como un emblema de reconocimiento y reflexi\u00f3n sobre la continua lucha femenina por la igualdad, justicia, paz, y desarrollo sostenible. Esta conmemoraci\u00f3n trasciende la mera celebraci\u00f3n de los logros individuales y colectivos de mujeres que han catalizado cambios significativos en el [&hellip;]<\/p>\n","protected":false},"author":72,"featured_media":0,"comment_status":"open","ping_status":"closed","sticky":false,"template":"","format":"standard","meta":{"footnotes":""},"categories":[2223],"tags":[1219],"class_list":{"0":"post-10100","1":"post","2":"type-post","3":"status-publish","4":"format-standard","6":"category-editorial","7":"tag-redaccion"},"yoast_head":"<!-- This site is optimized with the Yoast SEO plugin v27.5 - https:\/\/yoast.com\/product\/yoast-seo-wordpress\/ -->\n<title>Dia Internacional de la mujer | HOJAS SUELTAS Peri\u00f3dico Cultural<\/title>\n<meta name=\"description\" content=\"Homenaje a la lucha y la resiliencia de las mujeres a lo largo de la historia, y un recordatorio de que juntos\u00a0 podemos construir un futuro donde la igualdad de g\u00e9nero\" \/>\n<meta name=\"robots\" content=\"index, follow, max-snippet:-1, max-image-preview:large, max-video-preview:-1\" \/>\n<link rel=\"canonical\" href=\"https:\/\/hojassueltas.es\/?p=10100\" \/>\n<meta property=\"og:locale\" content=\"es_ES\" \/>\n<meta property=\"og:type\" content=\"article\" \/>\n<meta property=\"og:title\" content=\"Dia Internacional de la mujer | HOJAS SUELTAS Peri\u00f3dico Cultural\" \/>\n<meta property=\"og:description\" content=\"Homenaje a la lucha y la resiliencia de las mujeres a lo largo de la historia, y un recordatorio de que juntos\u00a0 podemos construir un futuro donde la igualdad de g\u00e9nero\" \/>\n<meta property=\"og:url\" content=\"https:\/\/hojassueltas.es\/?p=10100\" \/>\n<meta property=\"og:site_name\" content=\"HOJAS SUELTAS Peri\u00f3dico Cultural\" \/>\n<meta property=\"article:published_time\" content=\"2024-03-07T22:00:32+00:00\" \/>\n<meta property=\"article:modified_time\" content=\"2025-10-22T07:25:57+00:00\" \/>\n<meta property=\"og:image\" content=\"https:\/\/hojassueltas.es\/wp-content\/uploads\/2025\/09\/Hojas-Sueltas_Logo-III_trans.png\" \/>\n\t<meta property=\"og:image:width\" content=\"485\" \/>\n\t<meta property=\"og:image:height\" content=\"80\" \/>\n\t<meta property=\"og:image:type\" content=\"image\/png\" \/>\n<meta name=\"author\" content=\"Director\" \/>\n<meta name=\"twitter:card\" content=\"summary_large_image\" \/>\n<meta name=\"twitter:creator\" content=\"@HOJASSUELTAS22\" \/>\n<meta name=\"twitter:site\" content=\"@HOJASSUELTAS22\" \/>\n<meta name=\"twitter:label1\" content=\"Escrito por\" \/>\n\t<meta name=\"twitter:data1\" content=\"Director\" \/>\n\t<meta name=\"twitter:label2\" content=\"Tiempo de lectura\" \/>\n\t<meta name=\"twitter:data2\" content=\"8 minutos\" \/>\n<script type=\"application\/ld+json\" class=\"yoast-schema-graph\">{\"@context\":\"https:\\\/\\\/schema.org\",\"@graph\":[{\"@type\":[\"Article\",\"BlogPosting\"],\"@id\":\"https:\\\/\\\/hojassueltas.es\\\/?p=10100#article\",\"isPartOf\":{\"@id\":\"https:\\\/\\\/hojassueltas.es\\\/?p=10100\"},\"author\":{\"name\":\"Director\",\"@id\":\"https:\\\/\\\/hojassueltas.es\\\/#\\\/schema\\\/person\\\/e4571af4c75b3d33cc950e6968a563ed\"},\"headline\":\"Dia Internacional de la mujer\",\"datePublished\":\"2024-03-07T22:00:32+00:00\",\"dateModified\":\"2025-10-22T07:25:57+00:00\",\"mainEntityOfPage\":{\"@id\":\"https:\\\/\\\/hojassueltas.es\\\/?p=10100\"},\"wordCount\":1866,\"commentCount\":1,\"publisher\":{\"@id\":\"https:\\\/\\\/hojassueltas.es\\\/#organization\"},\"keywords\":[\"Redacci\u00f3n\"],\"articleSection\":[\"EDITORIAL\"],\"inLanguage\":\"es\",\"potentialAction\":[{\"@type\":\"CommentAction\",\"name\":\"Comment\",\"target\":[\"https:\\\/\\\/hojassueltas.es\\\/?p=10100#respond\"]}]},{\"@type\":\"WebPage\",\"@id\":\"https:\\\/\\\/hojassueltas.es\\\/?p=10100\",\"url\":\"https:\\\/\\\/hojassueltas.es\\\/?p=10100\",\"name\":\"Dia Internacional de la mujer | HOJAS SUELTAS Peri\u00f3dico Cultural\",\"isPartOf\":{\"@id\":\"https:\\\/\\\/hojassueltas.es\\\/#website\"},\"datePublished\":\"2024-03-07T22:00:32+00:00\",\"dateModified\":\"2025-10-22T07:25:57+00:00\",\"description\":\"Homenaje a la lucha y la resiliencia de las mujeres a lo largo de la historia, y un recordatorio de que juntos\u00a0 podemos construir un futuro donde la igualdad de g\u00e9nero\",\"breadcrumb\":{\"@id\":\"https:\\\/\\\/hojassueltas.es\\\/?p=10100#breadcrumb\"},\"inLanguage\":\"es\",\"potentialAction\":[{\"@type\":\"ReadAction\",\"target\":[\"https:\\\/\\\/hojassueltas.es\\\/?p=10100\"]}]},{\"@type\":\"BreadcrumbList\",\"@id\":\"https:\\\/\\\/hojassueltas.es\\\/?p=10100#breadcrumb\",\"itemListElement\":[{\"@type\":\"ListItem\",\"position\":1,\"name\":\"Portada\",\"item\":\"https:\\\/\\\/hojassueltas.es\\\/\"},{\"@type\":\"ListItem\",\"position\":2,\"name\":\"Dia Internacional de la mujer\"}]},{\"@type\":\"WebSite\",\"@id\":\"https:\\\/\\\/hojassueltas.es\\\/#website\",\"url\":\"https:\\\/\\\/hojassueltas.es\\\/\",\"name\":\"HojasSueltas.es\",\"description\":\"GRANADA - Peri\u00f3dico Cultural\",\"publisher\":{\"@id\":\"https:\\\/\\\/hojassueltas.es\\\/#organization\"},\"alternateName\":\"H.S. Periodico Cultural\",\"potentialAction\":[{\"@type\":\"SearchAction\",\"target\":{\"@type\":\"EntryPoint\",\"urlTemplate\":\"https:\\\/\\\/hojassueltas.es\\\/?s={search_term_string}\"},\"query-input\":{\"@type\":\"PropertyValueSpecification\",\"valueRequired\":true,\"valueName\":\"search_term_string\"}}],\"inLanguage\":\"es\"},{\"@type\":\"Organization\",\"@id\":\"https:\\\/\\\/hojassueltas.es\\\/#organization\",\"name\":\"HOJAS SUELTAS - Peri\u00f3dico Cultural\",\"alternateName\":\"HS - HOJAS SUELTAS Peri\u00f3dico Cultural\",\"url\":\"https:\\\/\\\/hojassueltas.es\\\/\",\"logo\":{\"@type\":\"ImageObject\",\"inLanguage\":\"es\",\"@id\":\"https:\\\/\\\/hojassueltas.es\\\/#\\\/schema\\\/logo\\\/image\\\/\",\"url\":\"https:\\\/\\\/hojassueltas.es\\\/wp-content\\\/uploads\\\/2025\\\/08\\\/Icono-HS_2.png\",\"contentUrl\":\"https:\\\/\\\/hojassueltas.es\\\/wp-content\\\/uploads\\\/2025\\\/08\\\/Icono-HS_2.png\",\"width\":500,\"height\":500,\"caption\":\"HOJAS SUELTAS - Peri\u00f3dico Cultural\"},\"image\":{\"@id\":\"https:\\\/\\\/hojassueltas.es\\\/#\\\/schema\\\/logo\\\/image\\\/\"},\"sameAs\":[\"https:\\\/\\\/x.com\\\/HOJASSUELTAS22\"]},{\"@type\":\"Person\",\"@id\":\"https:\\\/\\\/hojassueltas.es\\\/#\\\/schema\\\/person\\\/e4571af4c75b3d33cc950e6968a563ed\",\"name\":\"Director\",\"image\":{\"@type\":\"ImageObject\",\"inLanguage\":\"es\",\"@id\":\"https:\\\/\\\/hojassueltas.es\\\/wp-content\\\/uploads\\\/2025\\\/04\\\/Anxo_Paris--96x96.png\",\"url\":\"https:\\\/\\\/hojassueltas.es\\\/wp-content\\\/uploads\\\/2025\\\/04\\\/Anxo_Paris--96x96.png\",\"contentUrl\":\"https:\\\/\\\/hojassueltas.es\\\/wp-content\\\/uploads\\\/2025\\\/04\\\/Anxo_Paris--96x96.png\",\"caption\":\"Director\"},\"url\":\"https:\\\/\\\/hojassueltas.es\\\/?author=72\"}]}<\/script>\n<!-- \/ Yoast SEO plugin. -->","yoast_head_json":{"title":"Dia Internacional de la mujer | HOJAS SUELTAS Peri\u00f3dico Cultural","description":"Homenaje a la lucha y la resiliencia de las mujeres a lo largo de la historia, y un recordatorio de que juntos\u00a0 podemos construir un futuro donde la igualdad de g\u00e9nero","robots":{"index":"index","follow":"follow","max-snippet":"max-snippet:-1","max-image-preview":"max-image-preview:large","max-video-preview":"max-video-preview:-1"},"canonical":"https:\/\/hojassueltas.es\/?p=10100","og_locale":"es_ES","og_type":"article","og_title":"Dia Internacional de la mujer | HOJAS SUELTAS Peri\u00f3dico Cultural","og_description":"Homenaje a la lucha y la resiliencia de las mujeres a lo largo de la historia, y un recordatorio de que juntos\u00a0 podemos construir un futuro donde la igualdad de g\u00e9nero","og_url":"https:\/\/hojassueltas.es\/?p=10100","og_site_name":"HOJAS SUELTAS Peri\u00f3dico Cultural","article_published_time":"2024-03-07T22:00:32+00:00","article_modified_time":"2025-10-22T07:25:57+00:00","og_image":[{"width":485,"height":80,"url":"https:\/\/hojassueltas.es\/wp-content\/uploads\/2025\/09\/Hojas-Sueltas_Logo-III_trans.png","type":"image\/png"}],"author":"Director","twitter_card":"summary_large_image","twitter_creator":"@HOJASSUELTAS22","twitter_site":"@HOJASSUELTAS22","twitter_misc":{"Escrito por":"Director","Tiempo de lectura":"8 minutos"},"schema":{"@context":"https:\/\/schema.org","@graph":[{"@type":["Article","BlogPosting"],"@id":"https:\/\/hojassueltas.es\/?p=10100#article","isPartOf":{"@id":"https:\/\/hojassueltas.es\/?p=10100"},"author":{"name":"Director","@id":"https:\/\/hojassueltas.es\/#\/schema\/person\/e4571af4c75b3d33cc950e6968a563ed"},"headline":"Dia Internacional de la mujer","datePublished":"2024-03-07T22:00:32+00:00","dateModified":"2025-10-22T07:25:57+00:00","mainEntityOfPage":{"@id":"https:\/\/hojassueltas.es\/?p=10100"},"wordCount":1866,"commentCount":1,"publisher":{"@id":"https:\/\/hojassueltas.es\/#organization"},"keywords":["Redacci\u00f3n"],"articleSection":["EDITORIAL"],"inLanguage":"es","potentialAction":[{"@type":"CommentAction","name":"Comment","target":["https:\/\/hojassueltas.es\/?p=10100#respond"]}]},{"@type":"WebPage","@id":"https:\/\/hojassueltas.es\/?p=10100","url":"https:\/\/hojassueltas.es\/?p=10100","name":"Dia Internacional de la mujer | HOJAS SUELTAS Peri\u00f3dico Cultural","isPartOf":{"@id":"https:\/\/hojassueltas.es\/#website"},"datePublished":"2024-03-07T22:00:32+00:00","dateModified":"2025-10-22T07:25:57+00:00","description":"Homenaje a la lucha y la resiliencia de las mujeres a lo largo de la historia, y un recordatorio de que juntos\u00a0 podemos construir un futuro donde la igualdad de g\u00e9nero","breadcrumb":{"@id":"https:\/\/hojassueltas.es\/?p=10100#breadcrumb"},"inLanguage":"es","potentialAction":[{"@type":"ReadAction","target":["https:\/\/hojassueltas.es\/?p=10100"]}]},{"@type":"BreadcrumbList","@id":"https:\/\/hojassueltas.es\/?p=10100#breadcrumb","itemListElement":[{"@type":"ListItem","position":1,"name":"Portada","item":"https:\/\/hojassueltas.es\/"},{"@type":"ListItem","position":2,"name":"Dia Internacional de la mujer"}]},{"@type":"WebSite","@id":"https:\/\/hojassueltas.es\/#website","url":"https:\/\/hojassueltas.es\/","name":"HojasSueltas.es","description":"GRANADA - Peri\u00f3dico Cultural","publisher":{"@id":"https:\/\/hojassueltas.es\/#organization"},"alternateName":"H.S. Periodico Cultural","potentialAction":[{"@type":"SearchAction","target":{"@type":"EntryPoint","urlTemplate":"https:\/\/hojassueltas.es\/?s={search_term_string}"},"query-input":{"@type":"PropertyValueSpecification","valueRequired":true,"valueName":"search_term_string"}}],"inLanguage":"es"},{"@type":"Organization","@id":"https:\/\/hojassueltas.es\/#organization","name":"HOJAS SUELTAS - Peri\u00f3dico Cultural","alternateName":"HS - HOJAS SUELTAS Peri\u00f3dico Cultural","url":"https:\/\/hojassueltas.es\/","logo":{"@type":"ImageObject","inLanguage":"es","@id":"https:\/\/hojassueltas.es\/#\/schema\/logo\/image\/","url":"https:\/\/hojassueltas.es\/wp-content\/uploads\/2025\/08\/Icono-HS_2.png","contentUrl":"https:\/\/hojassueltas.es\/wp-content\/uploads\/2025\/08\/Icono-HS_2.png","width":500,"height":500,"caption":"HOJAS SUELTAS - Peri\u00f3dico Cultural"},"image":{"@id":"https:\/\/hojassueltas.es\/#\/schema\/logo\/image\/"},"sameAs":["https:\/\/x.com\/HOJASSUELTAS22"]},{"@type":"Person","@id":"https:\/\/hojassueltas.es\/#\/schema\/person\/e4571af4c75b3d33cc950e6968a563ed","name":"Director","image":{"@type":"ImageObject","inLanguage":"es","@id":"https:\/\/hojassueltas.es\/wp-content\/uploads\/2025\/04\/Anxo_Paris--96x96.png","url":"https:\/\/hojassueltas.es\/wp-content\/uploads\/2025\/04\/Anxo_Paris--96x96.png","contentUrl":"https:\/\/hojassueltas.es\/wp-content\/uploads\/2025\/04\/Anxo_Paris--96x96.png","caption":"Director"},"url":"https:\/\/hojassueltas.es\/?author=72"}]}},"_links":{"self":[{"href":"https:\/\/hojassueltas.es\/index.php?rest_route=\/wp\/v2\/posts\/10100","targetHints":{"allow":["GET"]}}],"collection":[{"href":"https:\/\/hojassueltas.es\/index.php?rest_route=\/wp\/v2\/posts"}],"about":[{"href":"https:\/\/hojassueltas.es\/index.php?rest_route=\/wp\/v2\/types\/post"}],"author":[{"embeddable":true,"href":"https:\/\/hojassueltas.es\/index.php?rest_route=\/wp\/v2\/users\/72"}],"replies":[{"embeddable":true,"href":"https:\/\/hojassueltas.es\/index.php?rest_route=%2Fwp%2Fv2%2Fcomments&post=10100"}],"version-history":[{"count":5,"href":"https:\/\/hojassueltas.es\/index.php?rest_route=\/wp\/v2\/posts\/10100\/revisions"}],"predecessor-version":[{"id":10106,"href":"https:\/\/hojassueltas.es\/index.php?rest_route=\/wp\/v2\/posts\/10100\/revisions\/10106"}],"wp:attachment":[{"href":"https:\/\/hojassueltas.es\/index.php?rest_route=%2Fwp%2Fv2%2Fmedia&parent=10100"}],"wp:term":[{"taxonomy":"category","embeddable":true,"href":"https:\/\/hojassueltas.es\/index.php?rest_route=%2Fwp%2Fv2%2Fcategories&post=10100"},{"taxonomy":"post_tag","embeddable":true,"href":"https:\/\/hojassueltas.es\/index.php?rest_route=%2Fwp%2Fv2%2Ftags&post=10100"}],"curies":[{"name":"wp","href":"https:\/\/api.w.org\/{rel}","templated":true}]}}