{"id":10097,"date":"2024-03-08T00:00:40","date_gmt":"2024-03-07T22:00:40","guid":{"rendered":"https:\/\/hojassueltas.es\/?p=10097"},"modified":"2025-12-05T13:36:40","modified_gmt":"2025-12-05T11:36:40","slug":"ocho-de-marzo","status":"publish","type":"post","link":"https:\/\/hojassueltas.es\/?p=10097","title":{"rendered":"Ocho de marzo"},"content":{"rendered":"<p style=\"text-align: justify;\">Desde la <em>Costilla de Ad\u00e1n<\/em>, las mujeres perdimos nuestra autonom\u00eda: Ni siquiera ten\u00edamos el derecho de nacer de una manera plena e independiente.<\/p>\n<p style=\"text-align: justify;\">A lo largo de la historia, nos cargaron de pesos, debilidades, histeria, culpabilidades y responsabilidades.<\/p>\n<p style=\"text-align: justify;\">Nos llamaban brujas y nos quemaban por sanar con nuestras manos, dejarnos llevar por nuestra intuici\u00f3n, o preparar hierbas curativas.<\/p>\n<p style=\"text-align: justify;\">No ha sido f\u00e1cil transitar en este mundo desde la posici\u00f3n de mujer, expuestas a una sociedad donde no se nos valora e, incluso, en la\u00a0 cual puede ser peligroso mostrar tu poder y val\u00eda, o por el simple hecho de nacer con 2 cromosomas X.<\/p>\n<p style=\"text-align: justify;\">En los \u00faltimos a\u00f1os, muchas mujeres han ido adoptando actitudes yang ante la vida (acci\u00f3n, rapidez, an\u00e1lisis), como una mera forma de sobrevivir, y al ir adapt\u00e1ndose, hemos perdido parte de nuestra sensibilidad, porque se ha catalogado como debilidad. Recuperar quienes somos, permitirnos ser sensibles, firmes y creativas; recuperar la vida a fuego lento como un medio hacia mi salud y mi equilibrio, todas ellas son mi prioridad.<\/p>\n<p style=\"text-align: justify;\">Os comparto, para terminar, lo que me dijo una sabia hermana en el camino, mensaje que se me qued\u00f3 grabado en el coraz\u00f3n, y siento es liberador:<\/p>\n<p style=\"text-align: justify;\"><em>Las mujeres, al alcanzar la menopausia, dejamos de estar al servicio de la biolog\u00eda y la reproducci\u00f3n, y toda esa energ\u00eda se queda disponible para el uso y disfrute personal. Si en ese momento, en lugar de considerarnos inservibles o vac\u00edas, reconectamos con nuestro poder, con nuestros dones y creatividad, y lo disfrutamos para ser quienes somos.<\/em><\/p>\n<p style=\"text-align: justify;\"><em>\u00a0<\/em>Mujer: El mundo est\u00e1 a tus pies.<\/p>\n<p><span style=\"font-family: impact, sans-serif;\">\u00a9 M\u00aa del Mar Garc\u00eda. Marzo 2024<\/span><\/p>\n","protected":false},"excerpt":{"rendered":"<p>Desde la Costilla de Ad\u00e1n, las mujeres perdimos nuestra autonom\u00eda: Ni siquiera ten\u00edamos el derecho de nacer de una manera plena e independiente. A lo largo de la historia, nos cargaron de pesos, debilidades, histeria, culpabilidades y responsabilidades. Nos llamaban brujas y nos quemaban por sanar con nuestras manos, dejarnos llevar por nuestra intuici\u00f3n, o [&hellip;]<\/p>\n","protected":false},"author":6,"featured_media":10098,"comment_status":"open","ping_status":"closed","sticky":false,"template":"","format":"standard","meta":{"footnotes":""},"categories":[2766],"tags":[97],"class_list":{"0":"post-10097","1":"post","2":"type-post","3":"status-publish","4":"format-standard","5":"has-post-thumbnail","7":"category-reflexiones-colaboraciones","8":"tag-m-mar-garcia"},"yoast_head":"<!-- This site is optimized with the Yoast SEO plugin v27.5 - https:\/\/yoast.com\/product\/yoast-seo-wordpress\/ -->\n<title>Ocho de marzo | HOJAS SUELTAS Peri\u00f3dico Cultural<\/title>\n<meta name=\"description\" content=\"No ha sido f\u00e1cil transitar en este mundo desde la posici\u00f3n de mujer, expuestas a una sociedad donde no se nos valora e, incluso, en la\u00a0 cual puede ser peligroso mostrar\" \/>\n<meta name=\"robots\" content=\"index, follow, max-snippet:-1, max-image-preview:large, max-video-preview:-1\" \/>\n<link rel=\"canonical\" href=\"https:\/\/hojassueltas.es\/?p=10097\" \/>\n<meta property=\"og:locale\" content=\"es_ES\" \/>\n<meta property=\"og:type\" content=\"article\" \/>\n<meta property=\"og:title\" content=\"Ocho de marzo | HOJAS SUELTAS Peri\u00f3dico Cultural\" \/>\n<meta property=\"og:description\" content=\"No ha sido f\u00e1cil transitar en este mundo desde la posici\u00f3n de mujer, expuestas a una sociedad donde no se nos valora e, incluso, en la\u00a0 cual puede ser peligroso mostrar\" \/>\n<meta property=\"og:url\" content=\"https:\/\/hojassueltas.es\/?p=10097\" \/>\n<meta property=\"og:site_name\" content=\"HOJAS SUELTAS Peri\u00f3dico Cultural\" \/>\n<meta property=\"article:published_time\" content=\"2024-03-07T22:00:40+00:00\" \/>\n<meta property=\"article:modified_time\" content=\"2025-12-05T11:36:40+00:00\" \/>\n<meta property=\"og:image\" content=\"https:\/\/hojassueltas.es\/wp-content\/uploads\/2024\/03\/ocho-de-marzo-web.png\" \/>\n\t<meta property=\"og:image:width\" content=\"550\" \/>\n\t<meta property=\"og:image:height\" content=\"550\" \/>\n\t<meta property=\"og:image:type\" content=\"image\/png\" \/>\n<meta name=\"author\" content=\"Mar\u00eda del Mar Garc\u00eda\" \/>\n<meta name=\"twitter:card\" content=\"summary_large_image\" \/>\n<meta name=\"twitter:creator\" content=\"@HOJASSUELTAS22\" \/>\n<meta name=\"twitter:site\" content=\"@HOJASSUELTAS22\" \/>\n<meta name=\"twitter:label1\" content=\"Escrito por\" \/>\n\t<meta name=\"twitter:data1\" content=\"Mar\u00eda del Mar Garc\u00eda\" \/>\n\t<meta name=\"twitter:label2\" content=\"Tiempo de lectura\" \/>\n\t<meta name=\"twitter:data2\" content=\"2 minutos\" \/>\n<script type=\"application\/ld+json\" class=\"yoast-schema-graph\">{\"@context\":\"https:\\\/\\\/schema.org\",\"@graph\":[{\"@type\":[\"Article\",\"BlogPosting\"],\"@id\":\"https:\\\/\\\/hojassueltas.es\\\/?p=10097#article\",\"isPartOf\":{\"@id\":\"https:\\\/\\\/hojassueltas.es\\\/?p=10097\"},\"author\":{\"name\":\"Mar\u00eda del Mar Garc\u00eda\",\"@id\":\"https:\\\/\\\/hojassueltas.es\\\/#\\\/schema\\\/person\\\/3bebed251cd272aebc76053ab7cc7147\"},\"headline\":\"Ocho de marzo\",\"datePublished\":\"2024-03-07T22:00:40+00:00\",\"dateModified\":\"2025-12-05T11:36:40+00:00\",\"mainEntityOfPage\":{\"@id\":\"https:\\\/\\\/hojassueltas.es\\\/?p=10097\"},\"wordCount\":287,\"commentCount\":1,\"publisher\":{\"@id\":\"https:\\\/\\\/hojassueltas.es\\\/#organization\"},\"image\":{\"@id\":\"https:\\\/\\\/hojassueltas.es\\\/?p=10097#primaryimage\"},\"thumbnailUrl\":\"https:\\\/\\\/hojassueltas.es\\\/wp-content\\\/uploads\\\/2024\\\/03\\\/ocho-de-marzo-web.png\",\"keywords\":[\"Mar\u00eda del Mar Garcia\"],\"articleSection\":[\"REFLEXIONES\"],\"inLanguage\":\"es\",\"potentialAction\":[{\"@type\":\"CommentAction\",\"name\":\"Comment\",\"target\":[\"https:\\\/\\\/hojassueltas.es\\\/?p=10097#respond\"]}]},{\"@type\":\"WebPage\",\"@id\":\"https:\\\/\\\/hojassueltas.es\\\/?p=10097\",\"url\":\"https:\\\/\\\/hojassueltas.es\\\/?p=10097\",\"name\":\"Ocho de marzo | HOJAS SUELTAS Peri\u00f3dico Cultural\",\"isPartOf\":{\"@id\":\"https:\\\/\\\/hojassueltas.es\\\/#website\"},\"primaryImageOfPage\":{\"@id\":\"https:\\\/\\\/hojassueltas.es\\\/?p=10097#primaryimage\"},\"image\":{\"@id\":\"https:\\\/\\\/hojassueltas.es\\\/?p=10097#primaryimage\"},\"thumbnailUrl\":\"https:\\\/\\\/hojassueltas.es\\\/wp-content\\\/uploads\\\/2024\\\/03\\\/ocho-de-marzo-web.png\",\"datePublished\":\"2024-03-07T22:00:40+00:00\",\"dateModified\":\"2025-12-05T11:36:40+00:00\",\"description\":\"No ha sido f\u00e1cil transitar en este mundo desde la posici\u00f3n de mujer, expuestas a una sociedad donde no se nos valora e, incluso, en la\u00a0 cual puede ser peligroso mostrar\",\"breadcrumb\":{\"@id\":\"https:\\\/\\\/hojassueltas.es\\\/?p=10097#breadcrumb\"},\"inLanguage\":\"es\",\"potentialAction\":[{\"@type\":\"ReadAction\",\"target\":[\"https:\\\/\\\/hojassueltas.es\\\/?p=10097\"]}]},{\"@type\":\"ImageObject\",\"inLanguage\":\"es\",\"@id\":\"https:\\\/\\\/hojassueltas.es\\\/?p=10097#primaryimage\",\"url\":\"https:\\\/\\\/hojassueltas.es\\\/wp-content\\\/uploads\\\/2024\\\/03\\\/ocho-de-marzo-web.png\",\"contentUrl\":\"https:\\\/\\\/hojassueltas.es\\\/wp-content\\\/uploads\\\/2024\\\/03\\\/ocho-de-marzo-web.png\",\"width\":550,\"height\":550},{\"@type\":\"BreadcrumbList\",\"@id\":\"https:\\\/\\\/hojassueltas.es\\\/?p=10097#breadcrumb\",\"itemListElement\":[{\"@type\":\"ListItem\",\"position\":1,\"name\":\"Portada\",\"item\":\"https:\\\/\\\/hojassueltas.es\\\/\"},{\"@type\":\"ListItem\",\"position\":2,\"name\":\"Ocho de marzo\"}]},{\"@type\":\"WebSite\",\"@id\":\"https:\\\/\\\/hojassueltas.es\\\/#website\",\"url\":\"https:\\\/\\\/hojassueltas.es\\\/\",\"name\":\"HojasSueltas.es\",\"description\":\"GRANADA - Peri\u00f3dico Cultural\",\"publisher\":{\"@id\":\"https:\\\/\\\/hojassueltas.es\\\/#organization\"},\"alternateName\":\"H.S. Periodico Cultural\",\"potentialAction\":[{\"@type\":\"SearchAction\",\"target\":{\"@type\":\"EntryPoint\",\"urlTemplate\":\"https:\\\/\\\/hojassueltas.es\\\/?s={search_term_string}\"},\"query-input\":{\"@type\":\"PropertyValueSpecification\",\"valueRequired\":true,\"valueName\":\"search_term_string\"}}],\"inLanguage\":\"es\"},{\"@type\":\"Organization\",\"@id\":\"https:\\\/\\\/hojassueltas.es\\\/#organization\",\"name\":\"HOJAS SUELTAS - Peri\u00f3dico Cultural\",\"alternateName\":\"HS - HOJAS SUELTAS Peri\u00f3dico Cultural\",\"url\":\"https:\\\/\\\/hojassueltas.es\\\/\",\"logo\":{\"@type\":\"ImageObject\",\"inLanguage\":\"es\",\"@id\":\"https:\\\/\\\/hojassueltas.es\\\/#\\\/schema\\\/logo\\\/image\\\/\",\"url\":\"https:\\\/\\\/hojassueltas.es\\\/wp-content\\\/uploads\\\/2025\\\/08\\\/Icono-HS_2.png\",\"contentUrl\":\"https:\\\/\\\/hojassueltas.es\\\/wp-content\\\/uploads\\\/2025\\\/08\\\/Icono-HS_2.png\",\"width\":500,\"height\":500,\"caption\":\"HOJAS SUELTAS - Peri\u00f3dico Cultural\"},\"image\":{\"@id\":\"https:\\\/\\\/hojassueltas.es\\\/#\\\/schema\\\/logo\\\/image\\\/\"},\"sameAs\":[\"https:\\\/\\\/x.com\\\/HOJASSUELTAS22\"]},{\"@type\":\"Person\",\"@id\":\"https:\\\/\\\/hojassueltas.es\\\/#\\\/schema\\\/person\\\/3bebed251cd272aebc76053ab7cc7147\",\"name\":\"Mar\u00eda del Mar Garc\u00eda\",\"image\":{\"@type\":\"ImageObject\",\"inLanguage\":\"es\",\"@id\":\"https:\\\/\\\/hojassueltas.es\\\/wp-content\\\/uploads\\\/2022\\\/12\\\/Maria-del-Mar-96x96.jpeg\",\"url\":\"https:\\\/\\\/hojassueltas.es\\\/wp-content\\\/uploads\\\/2022\\\/12\\\/Maria-del-Mar-96x96.jpeg\",\"contentUrl\":\"https:\\\/\\\/hojassueltas.es\\\/wp-content\\\/uploads\\\/2022\\\/12\\\/Maria-del-Mar-96x96.jpeg\",\"caption\":\"Mar\u00eda del Mar Garc\u00eda\"},\"description\":\"Licenciada en Filolog\u00eda Inglesa. \u00c1vida lectora y eterna estudiante, apasionada del ser humano y la espiritualidad. Actualmente es Coach, especializada en lo transpersonal, sist\u00e9mico y energ\u00e9tico. Imparte formaciones, cursos de crecimiento personal, sesiones individuales y retiros. Regenta \\\"Alma y Tierra\\\", un Centro para el desarrollo humano. Mujer, so\u00f1adora y amante de la naturaleza .\",\"url\":\"https:\\\/\\\/hojassueltas.es\\\/?author=6\"}]}<\/script>\n<!-- \/ Yoast SEO plugin. -->","yoast_head_json":{"title":"Ocho de marzo | HOJAS SUELTAS Peri\u00f3dico Cultural","description":"No ha sido f\u00e1cil transitar en este mundo desde la posici\u00f3n de mujer, expuestas a una sociedad donde no se nos valora e, incluso, en la\u00a0 cual puede ser peligroso mostrar","robots":{"index":"index","follow":"follow","max-snippet":"max-snippet:-1","max-image-preview":"max-image-preview:large","max-video-preview":"max-video-preview:-1"},"canonical":"https:\/\/hojassueltas.es\/?p=10097","og_locale":"es_ES","og_type":"article","og_title":"Ocho de marzo | HOJAS SUELTAS Peri\u00f3dico Cultural","og_description":"No ha sido f\u00e1cil transitar en este mundo desde la posici\u00f3n de mujer, expuestas a una sociedad donde no se nos valora e, incluso, en la\u00a0 cual puede ser peligroso mostrar","og_url":"https:\/\/hojassueltas.es\/?p=10097","og_site_name":"HOJAS SUELTAS Peri\u00f3dico Cultural","article_published_time":"2024-03-07T22:00:40+00:00","article_modified_time":"2025-12-05T11:36:40+00:00","og_image":[{"width":550,"height":550,"url":"https:\/\/hojassueltas.es\/wp-content\/uploads\/2024\/03\/ocho-de-marzo-web.png","type":"image\/png"}],"author":"Mar\u00eda del Mar Garc\u00eda","twitter_card":"summary_large_image","twitter_creator":"@HOJASSUELTAS22","twitter_site":"@HOJASSUELTAS22","twitter_misc":{"Escrito por":"Mar\u00eda del Mar Garc\u00eda","Tiempo de lectura":"2 minutos"},"schema":{"@context":"https:\/\/schema.org","@graph":[{"@type":["Article","BlogPosting"],"@id":"https:\/\/hojassueltas.es\/?p=10097#article","isPartOf":{"@id":"https:\/\/hojassueltas.es\/?p=10097"},"author":{"name":"Mar\u00eda del Mar Garc\u00eda","@id":"https:\/\/hojassueltas.es\/#\/schema\/person\/3bebed251cd272aebc76053ab7cc7147"},"headline":"Ocho de marzo","datePublished":"2024-03-07T22:00:40+00:00","dateModified":"2025-12-05T11:36:40+00:00","mainEntityOfPage":{"@id":"https:\/\/hojassueltas.es\/?p=10097"},"wordCount":287,"commentCount":1,"publisher":{"@id":"https:\/\/hojassueltas.es\/#organization"},"image":{"@id":"https:\/\/hojassueltas.es\/?p=10097#primaryimage"},"thumbnailUrl":"https:\/\/hojassueltas.es\/wp-content\/uploads\/2024\/03\/ocho-de-marzo-web.png","keywords":["Mar\u00eda del Mar Garcia"],"articleSection":["REFLEXIONES"],"inLanguage":"es","potentialAction":[{"@type":"CommentAction","name":"Comment","target":["https:\/\/hojassueltas.es\/?p=10097#respond"]}]},{"@type":"WebPage","@id":"https:\/\/hojassueltas.es\/?p=10097","url":"https:\/\/hojassueltas.es\/?p=10097","name":"Ocho de marzo | HOJAS SUELTAS Peri\u00f3dico Cultural","isPartOf":{"@id":"https:\/\/hojassueltas.es\/#website"},"primaryImageOfPage":{"@id":"https:\/\/hojassueltas.es\/?p=10097#primaryimage"},"image":{"@id":"https:\/\/hojassueltas.es\/?p=10097#primaryimage"},"thumbnailUrl":"https:\/\/hojassueltas.es\/wp-content\/uploads\/2024\/03\/ocho-de-marzo-web.png","datePublished":"2024-03-07T22:00:40+00:00","dateModified":"2025-12-05T11:36:40+00:00","description":"No ha sido f\u00e1cil transitar en este mundo desde la posici\u00f3n de mujer, expuestas a una sociedad donde no se nos valora e, incluso, en la\u00a0 cual puede ser peligroso mostrar","breadcrumb":{"@id":"https:\/\/hojassueltas.es\/?p=10097#breadcrumb"},"inLanguage":"es","potentialAction":[{"@type":"ReadAction","target":["https:\/\/hojassueltas.es\/?p=10097"]}]},{"@type":"ImageObject","inLanguage":"es","@id":"https:\/\/hojassueltas.es\/?p=10097#primaryimage","url":"https:\/\/hojassueltas.es\/wp-content\/uploads\/2024\/03\/ocho-de-marzo-web.png","contentUrl":"https:\/\/hojassueltas.es\/wp-content\/uploads\/2024\/03\/ocho-de-marzo-web.png","width":550,"height":550},{"@type":"BreadcrumbList","@id":"https:\/\/hojassueltas.es\/?p=10097#breadcrumb","itemListElement":[{"@type":"ListItem","position":1,"name":"Portada","item":"https:\/\/hojassueltas.es\/"},{"@type":"ListItem","position":2,"name":"Ocho de marzo"}]},{"@type":"WebSite","@id":"https:\/\/hojassueltas.es\/#website","url":"https:\/\/hojassueltas.es\/","name":"HojasSueltas.es","description":"GRANADA - Peri\u00f3dico Cultural","publisher":{"@id":"https:\/\/hojassueltas.es\/#organization"},"alternateName":"H.S. Periodico Cultural","potentialAction":[{"@type":"SearchAction","target":{"@type":"EntryPoint","urlTemplate":"https:\/\/hojassueltas.es\/?s={search_term_string}"},"query-input":{"@type":"PropertyValueSpecification","valueRequired":true,"valueName":"search_term_string"}}],"inLanguage":"es"},{"@type":"Organization","@id":"https:\/\/hojassueltas.es\/#organization","name":"HOJAS SUELTAS - Peri\u00f3dico Cultural","alternateName":"HS - HOJAS SUELTAS Peri\u00f3dico Cultural","url":"https:\/\/hojassueltas.es\/","logo":{"@type":"ImageObject","inLanguage":"es","@id":"https:\/\/hojassueltas.es\/#\/schema\/logo\/image\/","url":"https:\/\/hojassueltas.es\/wp-content\/uploads\/2025\/08\/Icono-HS_2.png","contentUrl":"https:\/\/hojassueltas.es\/wp-content\/uploads\/2025\/08\/Icono-HS_2.png","width":500,"height":500,"caption":"HOJAS SUELTAS - Peri\u00f3dico Cultural"},"image":{"@id":"https:\/\/hojassueltas.es\/#\/schema\/logo\/image\/"},"sameAs":["https:\/\/x.com\/HOJASSUELTAS22"]},{"@type":"Person","@id":"https:\/\/hojassueltas.es\/#\/schema\/person\/3bebed251cd272aebc76053ab7cc7147","name":"Mar\u00eda del Mar Garc\u00eda","image":{"@type":"ImageObject","inLanguage":"es","@id":"https:\/\/hojassueltas.es\/wp-content\/uploads\/2022\/12\/Maria-del-Mar-96x96.jpeg","url":"https:\/\/hojassueltas.es\/wp-content\/uploads\/2022\/12\/Maria-del-Mar-96x96.jpeg","contentUrl":"https:\/\/hojassueltas.es\/wp-content\/uploads\/2022\/12\/Maria-del-Mar-96x96.jpeg","caption":"Mar\u00eda del Mar Garc\u00eda"},"description":"Licenciada en Filolog\u00eda Inglesa. \u00c1vida lectora y eterna estudiante, apasionada del ser humano y la espiritualidad. Actualmente es Coach, especializada en lo transpersonal, sist\u00e9mico y energ\u00e9tico. Imparte formaciones, cursos de crecimiento personal, sesiones individuales y retiros. Regenta \"Alma y Tierra\", un Centro para el desarrollo humano. Mujer, so\u00f1adora y amante de la naturaleza .","url":"https:\/\/hojassueltas.es\/?author=6"}]}},"_links":{"self":[{"href":"https:\/\/hojassueltas.es\/index.php?rest_route=\/wp\/v2\/posts\/10097","targetHints":{"allow":["GET"]}}],"collection":[{"href":"https:\/\/hojassueltas.es\/index.php?rest_route=\/wp\/v2\/posts"}],"about":[{"href":"https:\/\/hojassueltas.es\/index.php?rest_route=\/wp\/v2\/types\/post"}],"author":[{"embeddable":true,"href":"https:\/\/hojassueltas.es\/index.php?rest_route=\/wp\/v2\/users\/6"}],"replies":[{"embeddable":true,"href":"https:\/\/hojassueltas.es\/index.php?rest_route=%2Fwp%2Fv2%2Fcomments&post=10097"}],"version-history":[{"count":1,"href":"https:\/\/hojassueltas.es\/index.php?rest_route=\/wp\/v2\/posts\/10097\/revisions"}],"predecessor-version":[{"id":10099,"href":"https:\/\/hojassueltas.es\/index.php?rest_route=\/wp\/v2\/posts\/10097\/revisions\/10099"}],"wp:featuredmedia":[{"embeddable":true,"href":"https:\/\/hojassueltas.es\/index.php?rest_route=\/wp\/v2\/media\/10098"}],"wp:attachment":[{"href":"https:\/\/hojassueltas.es\/index.php?rest_route=%2Fwp%2Fv2%2Fmedia&parent=10097"}],"wp:term":[{"taxonomy":"category","embeddable":true,"href":"https:\/\/hojassueltas.es\/index.php?rest_route=%2Fwp%2Fv2%2Fcategories&post=10097"},{"taxonomy":"post_tag","embeddable":true,"href":"https:\/\/hojassueltas.es\/index.php?rest_route=%2Fwp%2Fv2%2Ftags&post=10097"}],"curies":[{"name":"wp","href":"https:\/\/api.w.org\/{rel}","templated":true}]}}