{"id":10094,"date":"2024-03-12T00:00:00","date_gmt":"2024-03-11T22:00:00","guid":{"rendered":"https:\/\/hojassueltas.es\/?p=10094"},"modified":"2025-12-05T13:36:40","modified_gmt":"2025-12-05T11:36:40","slug":"la-mirada","status":"publish","type":"post","link":"https:\/\/hojassueltas.es\/?p=10094","title":{"rendered":"La mirada"},"content":{"rendered":"<p style=\"text-align: justify;\">La mirada implica mucho m\u00e1s, que dos cavidades oculares; all\u00e1 donde van nuestros ojos, va nuestra atenci\u00f3n.<\/p>\n<p style=\"text-align: justify;\">Y donde est\u00e1 la atenci\u00f3n, tambi\u00e9n est\u00e1 la vida. Porque hacia donde enfoco mi mirada, se encuentra la energ\u00eda con la que tr\u00e1nsito todo lo que me ocurre, toda mi historia.<\/p>\n<p style=\"text-align: justify;\">Esta nueva mirada, me hace m\u00e1s responsable, pues puedo ver que soy yo, quien, a trav\u00e9s de mi atenci\u00f3n, da m\u00e1s o menos protagonismo a las cosas que me ocurren.<\/p>\n<p style=\"text-align: justify;\">Y as\u00ed, las cosas no me pasan, sin m\u00e1s; yo tomo el papel principal de mi vida.<\/p>\n<p style=\"text-align: justify;\">Disfruto el pasear por viejos lugares para mi memoria, pero desde una mirada renovada, pues me permito cambiar y actualizarme, dejar morir la piel, para reproducir una piel nueva, que sigue portando cicatrices, para no olvidar lo aprendido, sin embargo, con la misma mirada de ni\u00f1a, curiosa.<\/p>\n<p style=\"text-align: justify;\">No es necesario transitar nuevos parajes, para ampliar la mirada.<\/p>\n<p style=\"text-align: justify;\">Desarrolla la capacidad de asombrarte, renovarte, y ver la belleza, en cada lugar en el que repose tu gesto.<\/p>\n<p style=\"text-align: justify;\">Y, sobre todo, si aprendes a ver la belleza en ti: El descubrimiento m\u00e1s importante de tu vida.<\/p>\n<p><span style=\"font-family: impact, sans-serif;\">\u00a9 M\u00aa del Mar Garc\u00eda.Marzo 2024<\/span><\/p>\n","protected":false},"excerpt":{"rendered":"<p>La mirada implica mucho m\u00e1s, que dos cavidades oculares; all\u00e1 donde van nuestros ojos, va nuestra atenci\u00f3n. Y donde est\u00e1 la atenci\u00f3n, tambi\u00e9n est\u00e1 la vida. Porque hacia donde enfoco mi mirada, se encuentra la energ\u00eda con la que tr\u00e1nsito todo lo que me ocurre, toda mi historia. Esta nueva mirada, me hace m\u00e1s responsable, [&hellip;]<\/p>\n","protected":false},"author":6,"featured_media":10095,"comment_status":"open","ping_status":"closed","sticky":false,"template":"","format":"standard","meta":{"footnotes":""},"categories":[2766],"tags":[97],"class_list":{"0":"post-10094","1":"post","2":"type-post","3":"status-publish","4":"format-standard","5":"has-post-thumbnail","7":"category-reflexiones-colaboraciones","8":"tag-m-mar-garcia"},"yoast_head":"<!-- This site is optimized with the Yoast SEO plugin v27.5 - https:\/\/yoast.com\/product\/yoast-seo-wordpress\/ -->\n<title>La mirada | HOJAS SUELTAS Peri\u00f3dico Cultural<\/title>\n<meta name=\"description\" content=\"La mirada implica mucho m\u00e1s, que dos cavidades oculares; all\u00e1 donde van nuestros ojos, va nuestra atenci\u00f3n.\" \/>\n<meta name=\"robots\" content=\"index, follow, max-snippet:-1, max-image-preview:large, max-video-preview:-1\" \/>\n<link rel=\"canonical\" href=\"https:\/\/hojassueltas.es\/?p=10094\" \/>\n<meta property=\"og:locale\" content=\"es_ES\" \/>\n<meta property=\"og:type\" content=\"article\" \/>\n<meta property=\"og:title\" content=\"La mirada | HOJAS SUELTAS Peri\u00f3dico Cultural\" \/>\n<meta property=\"og:description\" content=\"La mirada implica mucho m\u00e1s, que dos cavidades oculares; all\u00e1 donde van nuestros ojos, va nuestra atenci\u00f3n.\" \/>\n<meta property=\"og:url\" content=\"https:\/\/hojassueltas.es\/?p=10094\" \/>\n<meta property=\"og:site_name\" content=\"HOJAS SUELTAS Peri\u00f3dico Cultural\" \/>\n<meta property=\"article:published_time\" content=\"2024-03-11T22:00:00+00:00\" \/>\n<meta property=\"article:modified_time\" content=\"2025-12-05T11:36:40+00:00\" \/>\n<meta property=\"og:image\" content=\"https:\/\/hojassueltas.es\/wp-content\/uploads\/2024\/03\/La-mirada-web.png\" \/>\n\t<meta property=\"og:image:width\" content=\"550\" \/>\n\t<meta property=\"og:image:height\" content=\"550\" \/>\n\t<meta property=\"og:image:type\" content=\"image\/png\" \/>\n<meta name=\"author\" content=\"Mar\u00eda del Mar Garc\u00eda\" \/>\n<meta name=\"twitter:card\" content=\"summary_large_image\" \/>\n<meta name=\"twitter:creator\" content=\"@HOJASSUELTAS22\" \/>\n<meta name=\"twitter:site\" content=\"@HOJASSUELTAS22\" \/>\n<meta name=\"twitter:label1\" content=\"Escrito por\" \/>\n\t<meta name=\"twitter:data1\" content=\"Mar\u00eda del Mar Garc\u00eda\" \/>\n\t<meta name=\"twitter:label2\" content=\"Tiempo de lectura\" \/>\n\t<meta name=\"twitter:data2\" content=\"2 minutos\" \/>\n<script type=\"application\/ld+json\" class=\"yoast-schema-graph\">{\"@context\":\"https:\\\/\\\/schema.org\",\"@graph\":[{\"@type\":[\"Article\",\"BlogPosting\"],\"@id\":\"https:\\\/\\\/hojassueltas.es\\\/?p=10094#article\",\"isPartOf\":{\"@id\":\"https:\\\/\\\/hojassueltas.es\\\/?p=10094\"},\"author\":{\"name\":\"Mar\u00eda del Mar Garc\u00eda\",\"@id\":\"https:\\\/\\\/hojassueltas.es\\\/#\\\/schema\\\/person\\\/3bebed251cd272aebc76053ab7cc7147\"},\"headline\":\"La mirada\",\"datePublished\":\"2024-03-11T22:00:00+00:00\",\"dateModified\":\"2025-12-05T11:36:40+00:00\",\"mainEntityOfPage\":{\"@id\":\"https:\\\/\\\/hojassueltas.es\\\/?p=10094\"},\"wordCount\":210,\"commentCount\":2,\"publisher\":{\"@id\":\"https:\\\/\\\/hojassueltas.es\\\/#organization\"},\"image\":{\"@id\":\"https:\\\/\\\/hojassueltas.es\\\/?p=10094#primaryimage\"},\"thumbnailUrl\":\"https:\\\/\\\/hojassueltas.es\\\/wp-content\\\/uploads\\\/2024\\\/03\\\/La-mirada-web.png\",\"keywords\":[\"Mar\u00eda del Mar Garcia\"],\"articleSection\":[\"REFLEXIONES\"],\"inLanguage\":\"es\",\"potentialAction\":[{\"@type\":\"CommentAction\",\"name\":\"Comment\",\"target\":[\"https:\\\/\\\/hojassueltas.es\\\/?p=10094#respond\"]}]},{\"@type\":\"WebPage\",\"@id\":\"https:\\\/\\\/hojassueltas.es\\\/?p=10094\",\"url\":\"https:\\\/\\\/hojassueltas.es\\\/?p=10094\",\"name\":\"La mirada | HOJAS SUELTAS Peri\u00f3dico Cultural\",\"isPartOf\":{\"@id\":\"https:\\\/\\\/hojassueltas.es\\\/#website\"},\"primaryImageOfPage\":{\"@id\":\"https:\\\/\\\/hojassueltas.es\\\/?p=10094#primaryimage\"},\"image\":{\"@id\":\"https:\\\/\\\/hojassueltas.es\\\/?p=10094#primaryimage\"},\"thumbnailUrl\":\"https:\\\/\\\/hojassueltas.es\\\/wp-content\\\/uploads\\\/2024\\\/03\\\/La-mirada-web.png\",\"datePublished\":\"2024-03-11T22:00:00+00:00\",\"dateModified\":\"2025-12-05T11:36:40+00:00\",\"description\":\"La mirada implica mucho m\u00e1s, que dos cavidades oculares; all\u00e1 donde van nuestros ojos, va nuestra atenci\u00f3n.\",\"breadcrumb\":{\"@id\":\"https:\\\/\\\/hojassueltas.es\\\/?p=10094#breadcrumb\"},\"inLanguage\":\"es\",\"potentialAction\":[{\"@type\":\"ReadAction\",\"target\":[\"https:\\\/\\\/hojassueltas.es\\\/?p=10094\"]}]},{\"@type\":\"ImageObject\",\"inLanguage\":\"es\",\"@id\":\"https:\\\/\\\/hojassueltas.es\\\/?p=10094#primaryimage\",\"url\":\"https:\\\/\\\/hojassueltas.es\\\/wp-content\\\/uploads\\\/2024\\\/03\\\/La-mirada-web.png\",\"contentUrl\":\"https:\\\/\\\/hojassueltas.es\\\/wp-content\\\/uploads\\\/2024\\\/03\\\/La-mirada-web.png\",\"width\":550,\"height\":550},{\"@type\":\"BreadcrumbList\",\"@id\":\"https:\\\/\\\/hojassueltas.es\\\/?p=10094#breadcrumb\",\"itemListElement\":[{\"@type\":\"ListItem\",\"position\":1,\"name\":\"Portada\",\"item\":\"https:\\\/\\\/hojassueltas.es\\\/\"},{\"@type\":\"ListItem\",\"position\":2,\"name\":\"La mirada\"}]},{\"@type\":\"WebSite\",\"@id\":\"https:\\\/\\\/hojassueltas.es\\\/#website\",\"url\":\"https:\\\/\\\/hojassueltas.es\\\/\",\"name\":\"HojasSueltas.es\",\"description\":\"GRANADA - Peri\u00f3dico Cultural\",\"publisher\":{\"@id\":\"https:\\\/\\\/hojassueltas.es\\\/#organization\"},\"alternateName\":\"H.S. Periodico Cultural\",\"potentialAction\":[{\"@type\":\"SearchAction\",\"target\":{\"@type\":\"EntryPoint\",\"urlTemplate\":\"https:\\\/\\\/hojassueltas.es\\\/?s={search_term_string}\"},\"query-input\":{\"@type\":\"PropertyValueSpecification\",\"valueRequired\":true,\"valueName\":\"search_term_string\"}}],\"inLanguage\":\"es\"},{\"@type\":\"Organization\",\"@id\":\"https:\\\/\\\/hojassueltas.es\\\/#organization\",\"name\":\"HOJAS SUELTAS - Peri\u00f3dico Cultural\",\"alternateName\":\"HS - HOJAS SUELTAS Peri\u00f3dico Cultural\",\"url\":\"https:\\\/\\\/hojassueltas.es\\\/\",\"logo\":{\"@type\":\"ImageObject\",\"inLanguage\":\"es\",\"@id\":\"https:\\\/\\\/hojassueltas.es\\\/#\\\/schema\\\/logo\\\/image\\\/\",\"url\":\"https:\\\/\\\/hojassueltas.es\\\/wp-content\\\/uploads\\\/2025\\\/08\\\/Icono-HS_2.png\",\"contentUrl\":\"https:\\\/\\\/hojassueltas.es\\\/wp-content\\\/uploads\\\/2025\\\/08\\\/Icono-HS_2.png\",\"width\":500,\"height\":500,\"caption\":\"HOJAS SUELTAS - Peri\u00f3dico Cultural\"},\"image\":{\"@id\":\"https:\\\/\\\/hojassueltas.es\\\/#\\\/schema\\\/logo\\\/image\\\/\"},\"sameAs\":[\"https:\\\/\\\/x.com\\\/HOJASSUELTAS22\"]},{\"@type\":\"Person\",\"@id\":\"https:\\\/\\\/hojassueltas.es\\\/#\\\/schema\\\/person\\\/3bebed251cd272aebc76053ab7cc7147\",\"name\":\"Mar\u00eda del Mar Garc\u00eda\",\"image\":{\"@type\":\"ImageObject\",\"inLanguage\":\"es\",\"@id\":\"https:\\\/\\\/hojassueltas.es\\\/wp-content\\\/uploads\\\/2022\\\/12\\\/Maria-del-Mar-96x96.jpeg\",\"url\":\"https:\\\/\\\/hojassueltas.es\\\/wp-content\\\/uploads\\\/2022\\\/12\\\/Maria-del-Mar-96x96.jpeg\",\"contentUrl\":\"https:\\\/\\\/hojassueltas.es\\\/wp-content\\\/uploads\\\/2022\\\/12\\\/Maria-del-Mar-96x96.jpeg\",\"caption\":\"Mar\u00eda del Mar Garc\u00eda\"},\"description\":\"Licenciada en Filolog\u00eda Inglesa. \u00c1vida lectora y eterna estudiante, apasionada del ser humano y la espiritualidad. Actualmente es Coach, especializada en lo transpersonal, sist\u00e9mico y energ\u00e9tico. Imparte formaciones, cursos de crecimiento personal, sesiones individuales y retiros. Regenta \\\"Alma y Tierra\\\", un Centro para el desarrollo humano. Mujer, so\u00f1adora y amante de la naturaleza .\",\"url\":\"https:\\\/\\\/hojassueltas.es\\\/?author=6\"}]}<\/script>\n<!-- \/ Yoast SEO plugin. -->","yoast_head_json":{"title":"La mirada | HOJAS SUELTAS Peri\u00f3dico Cultural","description":"La mirada implica mucho m\u00e1s, que dos cavidades oculares; all\u00e1 donde van nuestros ojos, va nuestra atenci\u00f3n.","robots":{"index":"index","follow":"follow","max-snippet":"max-snippet:-1","max-image-preview":"max-image-preview:large","max-video-preview":"max-video-preview:-1"},"canonical":"https:\/\/hojassueltas.es\/?p=10094","og_locale":"es_ES","og_type":"article","og_title":"La mirada | HOJAS SUELTAS Peri\u00f3dico Cultural","og_description":"La mirada implica mucho m\u00e1s, que dos cavidades oculares; all\u00e1 donde van nuestros ojos, va nuestra atenci\u00f3n.","og_url":"https:\/\/hojassueltas.es\/?p=10094","og_site_name":"HOJAS SUELTAS Peri\u00f3dico Cultural","article_published_time":"2024-03-11T22:00:00+00:00","article_modified_time":"2025-12-05T11:36:40+00:00","og_image":[{"width":550,"height":550,"url":"https:\/\/hojassueltas.es\/wp-content\/uploads\/2024\/03\/La-mirada-web.png","type":"image\/png"}],"author":"Mar\u00eda del Mar Garc\u00eda","twitter_card":"summary_large_image","twitter_creator":"@HOJASSUELTAS22","twitter_site":"@HOJASSUELTAS22","twitter_misc":{"Escrito por":"Mar\u00eda del Mar Garc\u00eda","Tiempo de lectura":"2 minutos"},"schema":{"@context":"https:\/\/schema.org","@graph":[{"@type":["Article","BlogPosting"],"@id":"https:\/\/hojassueltas.es\/?p=10094#article","isPartOf":{"@id":"https:\/\/hojassueltas.es\/?p=10094"},"author":{"name":"Mar\u00eda del Mar Garc\u00eda","@id":"https:\/\/hojassueltas.es\/#\/schema\/person\/3bebed251cd272aebc76053ab7cc7147"},"headline":"La mirada","datePublished":"2024-03-11T22:00:00+00:00","dateModified":"2025-12-05T11:36:40+00:00","mainEntityOfPage":{"@id":"https:\/\/hojassueltas.es\/?p=10094"},"wordCount":210,"commentCount":2,"publisher":{"@id":"https:\/\/hojassueltas.es\/#organization"},"image":{"@id":"https:\/\/hojassueltas.es\/?p=10094#primaryimage"},"thumbnailUrl":"https:\/\/hojassueltas.es\/wp-content\/uploads\/2024\/03\/La-mirada-web.png","keywords":["Mar\u00eda del Mar Garcia"],"articleSection":["REFLEXIONES"],"inLanguage":"es","potentialAction":[{"@type":"CommentAction","name":"Comment","target":["https:\/\/hojassueltas.es\/?p=10094#respond"]}]},{"@type":"WebPage","@id":"https:\/\/hojassueltas.es\/?p=10094","url":"https:\/\/hojassueltas.es\/?p=10094","name":"La mirada | HOJAS SUELTAS Peri\u00f3dico Cultural","isPartOf":{"@id":"https:\/\/hojassueltas.es\/#website"},"primaryImageOfPage":{"@id":"https:\/\/hojassueltas.es\/?p=10094#primaryimage"},"image":{"@id":"https:\/\/hojassueltas.es\/?p=10094#primaryimage"},"thumbnailUrl":"https:\/\/hojassueltas.es\/wp-content\/uploads\/2024\/03\/La-mirada-web.png","datePublished":"2024-03-11T22:00:00+00:00","dateModified":"2025-12-05T11:36:40+00:00","description":"La mirada implica mucho m\u00e1s, que dos cavidades oculares; all\u00e1 donde van nuestros ojos, va nuestra atenci\u00f3n.","breadcrumb":{"@id":"https:\/\/hojassueltas.es\/?p=10094#breadcrumb"},"inLanguage":"es","potentialAction":[{"@type":"ReadAction","target":["https:\/\/hojassueltas.es\/?p=10094"]}]},{"@type":"ImageObject","inLanguage":"es","@id":"https:\/\/hojassueltas.es\/?p=10094#primaryimage","url":"https:\/\/hojassueltas.es\/wp-content\/uploads\/2024\/03\/La-mirada-web.png","contentUrl":"https:\/\/hojassueltas.es\/wp-content\/uploads\/2024\/03\/La-mirada-web.png","width":550,"height":550},{"@type":"BreadcrumbList","@id":"https:\/\/hojassueltas.es\/?p=10094#breadcrumb","itemListElement":[{"@type":"ListItem","position":1,"name":"Portada","item":"https:\/\/hojassueltas.es\/"},{"@type":"ListItem","position":2,"name":"La mirada"}]},{"@type":"WebSite","@id":"https:\/\/hojassueltas.es\/#website","url":"https:\/\/hojassueltas.es\/","name":"HojasSueltas.es","description":"GRANADA - Peri\u00f3dico Cultural","publisher":{"@id":"https:\/\/hojassueltas.es\/#organization"},"alternateName":"H.S. Periodico Cultural","potentialAction":[{"@type":"SearchAction","target":{"@type":"EntryPoint","urlTemplate":"https:\/\/hojassueltas.es\/?s={search_term_string}"},"query-input":{"@type":"PropertyValueSpecification","valueRequired":true,"valueName":"search_term_string"}}],"inLanguage":"es"},{"@type":"Organization","@id":"https:\/\/hojassueltas.es\/#organization","name":"HOJAS SUELTAS - Peri\u00f3dico Cultural","alternateName":"HS - HOJAS SUELTAS Peri\u00f3dico Cultural","url":"https:\/\/hojassueltas.es\/","logo":{"@type":"ImageObject","inLanguage":"es","@id":"https:\/\/hojassueltas.es\/#\/schema\/logo\/image\/","url":"https:\/\/hojassueltas.es\/wp-content\/uploads\/2025\/08\/Icono-HS_2.png","contentUrl":"https:\/\/hojassueltas.es\/wp-content\/uploads\/2025\/08\/Icono-HS_2.png","width":500,"height":500,"caption":"HOJAS SUELTAS - Peri\u00f3dico Cultural"},"image":{"@id":"https:\/\/hojassueltas.es\/#\/schema\/logo\/image\/"},"sameAs":["https:\/\/x.com\/HOJASSUELTAS22"]},{"@type":"Person","@id":"https:\/\/hojassueltas.es\/#\/schema\/person\/3bebed251cd272aebc76053ab7cc7147","name":"Mar\u00eda del Mar Garc\u00eda","image":{"@type":"ImageObject","inLanguage":"es","@id":"https:\/\/hojassueltas.es\/wp-content\/uploads\/2022\/12\/Maria-del-Mar-96x96.jpeg","url":"https:\/\/hojassueltas.es\/wp-content\/uploads\/2022\/12\/Maria-del-Mar-96x96.jpeg","contentUrl":"https:\/\/hojassueltas.es\/wp-content\/uploads\/2022\/12\/Maria-del-Mar-96x96.jpeg","caption":"Mar\u00eda del Mar Garc\u00eda"},"description":"Licenciada en Filolog\u00eda Inglesa. \u00c1vida lectora y eterna estudiante, apasionada del ser humano y la espiritualidad. Actualmente es Coach, especializada en lo transpersonal, sist\u00e9mico y energ\u00e9tico. Imparte formaciones, cursos de crecimiento personal, sesiones individuales y retiros. Regenta \"Alma y Tierra\", un Centro para el desarrollo humano. Mujer, so\u00f1adora y amante de la naturaleza .","url":"https:\/\/hojassueltas.es\/?author=6"}]}},"_links":{"self":[{"href":"https:\/\/hojassueltas.es\/index.php?rest_route=\/wp\/v2\/posts\/10094","targetHints":{"allow":["GET"]}}],"collection":[{"href":"https:\/\/hojassueltas.es\/index.php?rest_route=\/wp\/v2\/posts"}],"about":[{"href":"https:\/\/hojassueltas.es\/index.php?rest_route=\/wp\/v2\/types\/post"}],"author":[{"embeddable":true,"href":"https:\/\/hojassueltas.es\/index.php?rest_route=\/wp\/v2\/users\/6"}],"replies":[{"embeddable":true,"href":"https:\/\/hojassueltas.es\/index.php?rest_route=%2Fwp%2Fv2%2Fcomments&post=10094"}],"version-history":[{"count":1,"href":"https:\/\/hojassueltas.es\/index.php?rest_route=\/wp\/v2\/posts\/10094\/revisions"}],"predecessor-version":[{"id":10096,"href":"https:\/\/hojassueltas.es\/index.php?rest_route=\/wp\/v2\/posts\/10094\/revisions\/10096"}],"wp:featuredmedia":[{"embeddable":true,"href":"https:\/\/hojassueltas.es\/index.php?rest_route=\/wp\/v2\/media\/10095"}],"wp:attachment":[{"href":"https:\/\/hojassueltas.es\/index.php?rest_route=%2Fwp%2Fv2%2Fmedia&parent=10094"}],"wp:term":[{"taxonomy":"category","embeddable":true,"href":"https:\/\/hojassueltas.es\/index.php?rest_route=%2Fwp%2Fv2%2Fcategories&post=10094"},{"taxonomy":"post_tag","embeddable":true,"href":"https:\/\/hojassueltas.es\/index.php?rest_route=%2Fwp%2Fv2%2Ftags&post=10094"}],"curies":[{"name":"wp","href":"https:\/\/api.w.org\/{rel}","templated":true}]}}